{"id":101,"date":"2007-09-10T13:35:00","date_gmt":"2007-09-10T12:35:00","guid":{"rendered":"http:\/\/www.thierryseguin.com\/blog\/2007\/09\/10\/uncategorized\/mariage-de-nadege-et-pascal\/"},"modified":"2012-01-10T00:43:49","modified_gmt":"2012-01-09T23:43:49","slug":"mariage-de-nadege-et-pascal","status":"publish","type":"post","link":"https:\/\/thierryseguin.com\/fr\/blog\/2007\/09\/10\/mariage-de-nadege-et-pascal\/","title":{"rendered":"Mariage de Nad\u00e8ge et Pascal"},"content":{"rendered":"<div>Ce 8 septembre j&#8217;ai eu le plaisir d&#8217;assurer le reportage du mariage de Nad\u00e8ge et Pascal.<\/div>\n<div><\/div>\n<div>Ils ont pu profiter d&#8217;un temps estival.<\/div>\n<div>Photos de couple dans le parc du chateau de Sceaux (92), C\u00e9r\u00e9monie religieuse en l&#8217;\u00e9glise Saint-M\u00e9dard d&#8217;Elancourt (78), et r\u00e9ception en Normandie \u00e0 <a href=\"http:\/\/www.aubergedelacomtesse.com\/\">l&#8217;Auberge de la Comtesse<\/a>\u00a0\u00e0 Beaubray dans l&#8217;Eure.<\/div>\n<div>Que du bonheur !<\/div>\n<div><\/div>\n<div>D\u00e9couvrez le Diaporama en cliquant sur la photo.<\/div>\n<div><a href=\"http:\/\/www.thierryseguin.com\/diaporamas\/nadpas\/\"><img decoding=\"async\" id=\"BLOGGER_PHOTO_ID_5108679216221602642\" style=\"margin: 0px auto 10px; display: block; text-align: center;\" src=\"http:\/\/bp0.blogger.com\/__MnoThhEels\/RuWsriJPQ1I\/AAAAAAAAAIM\/OkMl9Ofys2w\/s400\/nadegepascal-0373.jpg\" alt=\"\" border=\"0\" \/><\/a><\/div>\n","protected":false},"excerpt":{"rendered":"<p>Ce 8 septembre j&#8217;ai eu le plaisir d&#8217;assurer le reportage du mariage de Nad\u00e8ge et Pascal. Ils ont pu profiter d&#8217;un temps estival. Photos de couple dans le parc du chateau de Sceaux (92), C\u00e9r\u00e9monie religieuse en l&#8217;\u00e9glise Saint-M\u00e9dard d&#8217;Elancourt (78), et r\u00e9ception en Normandie \u00e0 l&#8217;Auberge de la Comtesse\u00a0\u00e0 Beaubray dans l&#8217;Eure. Que du...<\/p>\n","protected":false},"author":2,"featured_media":0,"comment_status":"open","ping_status":"open","sticky":false,"template":"","format":"standard","meta":{"pp_embeds":"","footnotes":""},"categories":[1],"tags":[294,296,297,298,299],"class_list":["post-101","post","type-post","status-publish","format-standard","hentry","category-non-classe","tag-photographe-de-mariage-et-de-portrait-versailles","tag-photographe-mariage-auberge-de-la-comtesse-beaubray-eure","tag-photographe-mariage-eglise-saint-medard-elancourt-78","tag-photographe-mariage-normandie","tag-photos-de-couple-parc-du-chateau-de-sceaux-92"],"yoast_head":"<!-- This site is optimized with the Yoast SEO plugin v27.5 - https:\/\/yoast.com\/product\/yoast-seo-wordpress\/ -->\n<title>Mariage de Nad\u00e8ge et Pascal -<\/title>\n<meta name=\"robots\" content=\"index, follow, max-snippet:-1, max-image-preview:large, max-video-preview:-1\" \/>\n<link rel=\"canonical\" href=\"https:\/\/thierryseguin.com\/fr\/blog\/2007\/09\/10\/mariage-de-nadege-et-pascal\/\" \/>\n<meta property=\"og:locale\" content=\"fr_FR\" \/>\n<meta property=\"og:type\" content=\"article\" \/>\n<meta property=\"og:title\" content=\"Mariage de Nad\u00e8ge et Pascal -\" \/>\n<meta property=\"og:description\" content=\"Ce 8 septembre j&#8217;ai eu le plaisir d&#8217;assurer le reportage du mariage de Nad\u00e8ge et Pascal. Ils ont pu profiter d&#8217;un temps estival. Photos de couple dans le parc du chateau de Sceaux (92), C\u00e9r\u00e9monie religieuse en l&#8217;\u00e9glise Saint-M\u00e9dard d&#8217;Elancourt (78), et r\u00e9ception en Normandie \u00e0 l&#8217;Auberge de la Comtesse\u00a0\u00e0 Beaubray dans l&#8217;Eure. Que du [&hellip;]\" \/>\n<meta property=\"og:url\" content=\"https:\/\/thierryseguin.com\/fr\/blog\/2007\/09\/10\/mariage-de-nadege-et-pascal\/\" \/>\n<meta property=\"og:site_name\" content=\"Thierry Seguin Photographie\" \/>\n<meta property=\"article:publisher\" content=\"https:\/\/www.facebook.com\/ThierrySeguinPhotographie\" \/>\n<meta property=\"article:published_time\" content=\"2007-09-10T12:35:00+00:00\" \/>\n<meta property=\"article:modified_time\" content=\"2012-01-09T23:43:49+00:00\" \/>\n<meta property=\"og:image\" content=\"http:\/\/bp0.blogger.com\/__MnoThhEels\/RuWsriJPQ1I\/AAAAAAAAAIM\/OkMl9Ofys2w\/s400\/nadegepascal-0373.jpg\" \/>\n<meta name=\"author\" content=\"Thierry Seguin blogger\" \/>\n<meta name=\"twitter:card\" content=\"summary_large_image\" \/>\n<meta name=\"twitter:creator\" content=\"@thierry_seguin\" \/>\n<meta name=\"twitter:site\" content=\"@thierry_seguin\" \/>\n<meta name=\"twitter:label1\" content=\"\u00c9crit par\" \/>\n\t<meta name=\"twitter:data1\" content=\"Thierry Seguin blogger\" \/>\n<script type=\"application\/ld+json\" class=\"yoast-schema-graph\">{\"@context\":\"https:\\\/\\\/schema.org\",\"@graph\":[{\"@type\":\"Article\",\"@id\":\"https:\\\/\\\/thierryseguin.com\\\/fr\\\/blog\\\/2007\\\/09\\\/10\\\/mariage-de-nadege-et-pascal\\\/#article\",\"isPartOf\":{\"@id\":\"https:\\\/\\\/thierryseguin.com\\\/fr\\\/blog\\\/2007\\\/09\\\/10\\\/mariage-de-nadege-et-pascal\\\/\"},\"author\":{\"name\":\"Thierry Seguin blogger\",\"@id\":\"https:\\\/\\\/thierryseguin.com\\\/fr\\\/#\\\/schema\\\/person\\\/3ba0d9aacd1037d1a35f64b3bc81201a\"},\"headline\":\"Mariage de Nad\u00e8ge et Pascal\",\"datePublished\":\"2007-09-10T12:35:00+00:00\",\"dateModified\":\"2012-01-09T23:43:49+00:00\",\"mainEntityOfPage\":{\"@id\":\"https:\\\/\\\/thierryseguin.com\\\/fr\\\/blog\\\/2007\\\/09\\\/10\\\/mariage-de-nadege-et-pascal\\\/\"},\"wordCount\":73,\"commentCount\":0,\"image\":{\"@id\":\"https:\\\/\\\/thierryseguin.com\\\/fr\\\/blog\\\/2007\\\/09\\\/10\\\/mariage-de-nadege-et-pascal\\\/#primaryimage\"},\"thumbnailUrl\":\"http:\\\/\\\/bp0.blogger.com\\\/__MnoThhEels\\\/RuWsriJPQ1I\\\/AAAAAAAAAIM\\\/OkMl9Ofys2w\\\/s400\\\/nadegepascal-0373.jpg\",\"keywords\":[\"Photographe de mariage et de portrait Versailles\",\"Photographe Mariage Auberge de la Comtesse Beaubray Eure\",\"Photographe mariage \u00e9glise Saint-M\u00e9dard Elancourt (78)\",\"Photographe mariage Normandie\",\"photos de couple parc du chateau de Sceaux (92)\"],\"inLanguage\":\"fr-FR\",\"potentialAction\":[{\"@type\":\"CommentAction\",\"name\":\"Comment\",\"target\":[\"https:\\\/\\\/thierryseguin.com\\\/fr\\\/blog\\\/2007\\\/09\\\/10\\\/mariage-de-nadege-et-pascal\\\/#respond\"]}]},{\"@type\":\"WebPage\",\"@id\":\"https:\\\/\\\/thierryseguin.com\\\/fr\\\/blog\\\/2007\\\/09\\\/10\\\/mariage-de-nadege-et-pascal\\\/\",\"url\":\"https:\\\/\\\/thierryseguin.com\\\/fr\\\/blog\\\/2007\\\/09\\\/10\\\/mariage-de-nadege-et-pascal\\\/\",\"name\":\"Mariage de Nad\u00e8ge et Pascal -\",\"isPartOf\":{\"@id\":\"https:\\\/\\\/thierryseguin.com\\\/fr\\\/#website\"},\"primaryImageOfPage\":{\"@id\":\"https:\\\/\\\/thierryseguin.com\\\/fr\\\/blog\\\/2007\\\/09\\\/10\\\/mariage-de-nadege-et-pascal\\\/#primaryimage\"},\"image\":{\"@id\":\"https:\\\/\\\/thierryseguin.com\\\/fr\\\/blog\\\/2007\\\/09\\\/10\\\/mariage-de-nadege-et-pascal\\\/#primaryimage\"},\"thumbnailUrl\":\"http:\\\/\\\/bp0.blogger.com\\\/__MnoThhEels\\\/RuWsriJPQ1I\\\/AAAAAAAAAIM\\\/OkMl9Ofys2w\\\/s400\\\/nadegepascal-0373.jpg\",\"datePublished\":\"2007-09-10T12:35:00+00:00\",\"dateModified\":\"2012-01-09T23:43:49+00:00\",\"author\":{\"@id\":\"https:\\\/\\\/thierryseguin.com\\\/fr\\\/#\\\/schema\\\/person\\\/3ba0d9aacd1037d1a35f64b3bc81201a\"},\"breadcrumb\":{\"@id\":\"https:\\\/\\\/thierryseguin.com\\\/fr\\\/blog\\\/2007\\\/09\\\/10\\\/mariage-de-nadege-et-pascal\\\/#breadcrumb\"},\"inLanguage\":\"fr-FR\",\"potentialAction\":[{\"@type\":\"ReadAction\",\"target\":[\"https:\\\/\\\/thierryseguin.com\\\/fr\\\/blog\\\/2007\\\/09\\\/10\\\/mariage-de-nadege-et-pascal\\\/\"]}]},{\"@type\":\"ImageObject\",\"inLanguage\":\"fr-FR\",\"@id\":\"https:\\\/\\\/thierryseguin.com\\\/fr\\\/blog\\\/2007\\\/09\\\/10\\\/mariage-de-nadege-et-pascal\\\/#primaryimage\",\"url\":\"http:\\\/\\\/bp0.blogger.com\\\/__MnoThhEels\\\/RuWsriJPQ1I\\\/AAAAAAAAAIM\\\/OkMl9Ofys2w\\\/s400\\\/nadegepascal-0373.jpg\",\"contentUrl\":\"http:\\\/\\\/bp0.blogger.com\\\/__MnoThhEels\\\/RuWsriJPQ1I\\\/AAAAAAAAAIM\\\/OkMl9Ofys2w\\\/s400\\\/nadegepascal-0373.jpg\"},{\"@type\":\"BreadcrumbList\",\"@id\":\"https:\\\/\\\/thierryseguin.com\\\/fr\\\/blog\\\/2007\\\/09\\\/10\\\/mariage-de-nadege-et-pascal\\\/#breadcrumb\",\"itemListElement\":[{\"@type\":\"ListItem\",\"position\":1,\"name\":\"Accueil\",\"item\":\"https:\\\/\\\/thierryseguin.com\\\/fr\\\/\"},{\"@type\":\"ListItem\",\"position\":2,\"name\":\"Mariage de Nad\u00e8ge et Pascal\"}]},{\"@type\":\"WebSite\",\"@id\":\"https:\\\/\\\/thierryseguin.com\\\/fr\\\/#website\",\"url\":\"https:\\\/\\\/thierryseguin.com\\\/fr\\\/\",\"name\":\"Thierry Seguin Photographie\",\"description\":\"Photographe de Portrait de Famille, Grossesse, B\u00e9b\u00e9s, Mariage\",\"potentialAction\":[{\"@type\":\"SearchAction\",\"target\":{\"@type\":\"EntryPoint\",\"urlTemplate\":\"https:\\\/\\\/thierryseguin.com\\\/fr\\\/?s={search_term_string}\"},\"query-input\":{\"@type\":\"PropertyValueSpecification\",\"valueRequired\":true,\"valueName\":\"search_term_string\"}}],\"inLanguage\":\"fr-FR\"},{\"@type\":\"Person\",\"@id\":\"https:\\\/\\\/thierryseguin.com\\\/fr\\\/#\\\/schema\\\/person\\\/3ba0d9aacd1037d1a35f64b3bc81201a\",\"name\":\"Thierry Seguin blogger\",\"image\":{\"@type\":\"ImageObject\",\"inLanguage\":\"fr-FR\",\"@id\":\"https:\\\/\\\/secure.gravatar.com\\\/avatar\\\/?s=96&d=wavatar&r=g\",\"url\":\"https:\\\/\\\/secure.gravatar.com\\\/avatar\\\/?s=96&d=wavatar&r=g\",\"contentUrl\":\"https:\\\/\\\/secure.gravatar.com\\\/avatar\\\/?s=96&d=wavatar&r=g\",\"caption\":\"Thierry Seguin blogger\"}}]}<\/script>\n<!-- \/ Yoast SEO plugin. -->","yoast_head_json":{"title":"Mariage de Nad\u00e8ge et Pascal -","robots":{"index":"index","follow":"follow","max-snippet":"max-snippet:-1","max-image-preview":"max-image-preview:large","max-video-preview":"max-video-preview:-1"},"canonical":"https:\/\/thierryseguin.com\/fr\/blog\/2007\/09\/10\/mariage-de-nadege-et-pascal\/","og_locale":"fr_FR","og_type":"article","og_title":"Mariage de Nad\u00e8ge et Pascal -","og_description":"Ce 8 septembre j&#8217;ai eu le plaisir d&#8217;assurer le reportage du mariage de Nad\u00e8ge et Pascal. Ils ont pu profiter d&#8217;un temps estival. Photos de couple dans le parc du chateau de Sceaux (92), C\u00e9r\u00e9monie religieuse en l&#8217;\u00e9glise Saint-M\u00e9dard d&#8217;Elancourt (78), et r\u00e9ception en Normandie \u00e0 l&#8217;Auberge de la Comtesse\u00a0\u00e0 Beaubray dans l&#8217;Eure. Que du [&hellip;]","og_url":"https:\/\/thierryseguin.com\/fr\/blog\/2007\/09\/10\/mariage-de-nadege-et-pascal\/","og_site_name":"Thierry Seguin Photographie","article_publisher":"https:\/\/www.facebook.com\/ThierrySeguinPhotographie","article_published_time":"2007-09-10T12:35:00+00:00","article_modified_time":"2012-01-09T23:43:49+00:00","og_image":[{"url":"http:\/\/bp0.blogger.com\/__MnoThhEels\/RuWsriJPQ1I\/AAAAAAAAAIM\/OkMl9Ofys2w\/s400\/nadegepascal-0373.jpg","type":"","width":"","height":""}],"author":"Thierry Seguin blogger","twitter_card":"summary_large_image","twitter_creator":"@thierry_seguin","twitter_site":"@thierry_seguin","twitter_misc":{"\u00c9crit par":"Thierry Seguin blogger"},"schema":{"@context":"https:\/\/schema.org","@graph":[{"@type":"Article","@id":"https:\/\/thierryseguin.com\/fr\/blog\/2007\/09\/10\/mariage-de-nadege-et-pascal\/#article","isPartOf":{"@id":"https:\/\/thierryseguin.com\/fr\/blog\/2007\/09\/10\/mariage-de-nadege-et-pascal\/"},"author":{"name":"Thierry Seguin blogger","@id":"https:\/\/thierryseguin.com\/fr\/#\/schema\/person\/3ba0d9aacd1037d1a35f64b3bc81201a"},"headline":"Mariage de Nad\u00e8ge et Pascal","datePublished":"2007-09-10T12:35:00+00:00","dateModified":"2012-01-09T23:43:49+00:00","mainEntityOfPage":{"@id":"https:\/\/thierryseguin.com\/fr\/blog\/2007\/09\/10\/mariage-de-nadege-et-pascal\/"},"wordCount":73,"commentCount":0,"image":{"@id":"https:\/\/thierryseguin.com\/fr\/blog\/2007\/09\/10\/mariage-de-nadege-et-pascal\/#primaryimage"},"thumbnailUrl":"http:\/\/bp0.blogger.com\/__MnoThhEels\/RuWsriJPQ1I\/AAAAAAAAAIM\/OkMl9Ofys2w\/s400\/nadegepascal-0373.jpg","keywords":["Photographe de mariage et de portrait Versailles","Photographe Mariage Auberge de la Comtesse Beaubray Eure","Photographe mariage \u00e9glise Saint-M\u00e9dard Elancourt (78)","Photographe mariage Normandie","photos de couple parc du chateau de Sceaux (92)"],"inLanguage":"fr-FR","potentialAction":[{"@type":"CommentAction","name":"Comment","target":["https:\/\/thierryseguin.com\/fr\/blog\/2007\/09\/10\/mariage-de-nadege-et-pascal\/#respond"]}]},{"@type":"WebPage","@id":"https:\/\/thierryseguin.com\/fr\/blog\/2007\/09\/10\/mariage-de-nadege-et-pascal\/","url":"https:\/\/thierryseguin.com\/fr\/blog\/2007\/09\/10\/mariage-de-nadege-et-pascal\/","name":"Mariage de Nad\u00e8ge et Pascal -","isPartOf":{"@id":"https:\/\/thierryseguin.com\/fr\/#website"},"primaryImageOfPage":{"@id":"https:\/\/thierryseguin.com\/fr\/blog\/2007\/09\/10\/mariage-de-nadege-et-pascal\/#primaryimage"},"image":{"@id":"https:\/\/thierryseguin.com\/fr\/blog\/2007\/09\/10\/mariage-de-nadege-et-pascal\/#primaryimage"},"thumbnailUrl":"http:\/\/bp0.blogger.com\/__MnoThhEels\/RuWsriJPQ1I\/AAAAAAAAAIM\/OkMl9Ofys2w\/s400\/nadegepascal-0373.jpg","datePublished":"2007-09-10T12:35:00+00:00","dateModified":"2012-01-09T23:43:49+00:00","author":{"@id":"https:\/\/thierryseguin.com\/fr\/#\/schema\/person\/3ba0d9aacd1037d1a35f64b3bc81201a"},"breadcrumb":{"@id":"https:\/\/thierryseguin.com\/fr\/blog\/2007\/09\/10\/mariage-de-nadege-et-pascal\/#breadcrumb"},"inLanguage":"fr-FR","potentialAction":[{"@type":"ReadAction","target":["https:\/\/thierryseguin.com\/fr\/blog\/2007\/09\/10\/mariage-de-nadege-et-pascal\/"]}]},{"@type":"ImageObject","inLanguage":"fr-FR","@id":"https:\/\/thierryseguin.com\/fr\/blog\/2007\/09\/10\/mariage-de-nadege-et-pascal\/#primaryimage","url":"http:\/\/bp0.blogger.com\/__MnoThhEels\/RuWsriJPQ1I\/AAAAAAAAAIM\/OkMl9Ofys2w\/s400\/nadegepascal-0373.jpg","contentUrl":"http:\/\/bp0.blogger.com\/__MnoThhEels\/RuWsriJPQ1I\/AAAAAAAAAIM\/OkMl9Ofys2w\/s400\/nadegepascal-0373.jpg"},{"@type":"BreadcrumbList","@id":"https:\/\/thierryseguin.com\/fr\/blog\/2007\/09\/10\/mariage-de-nadege-et-pascal\/#breadcrumb","itemListElement":[{"@type":"ListItem","position":1,"name":"Accueil","item":"https:\/\/thierryseguin.com\/fr\/"},{"@type":"ListItem","position":2,"name":"Mariage de Nad\u00e8ge et Pascal"}]},{"@type":"WebSite","@id":"https:\/\/thierryseguin.com\/fr\/#website","url":"https:\/\/thierryseguin.com\/fr\/","name":"Thierry Seguin Photographie","description":"Photographe de Portrait de Famille, Grossesse, B\u00e9b\u00e9s, Mariage","potentialAction":[{"@type":"SearchAction","target":{"@type":"EntryPoint","urlTemplate":"https:\/\/thierryseguin.com\/fr\/?s={search_term_string}"},"query-input":{"@type":"PropertyValueSpecification","valueRequired":true,"valueName":"search_term_string"}}],"inLanguage":"fr-FR"},{"@type":"Person","@id":"https:\/\/thierryseguin.com\/fr\/#\/schema\/person\/3ba0d9aacd1037d1a35f64b3bc81201a","name":"Thierry Seguin blogger","image":{"@type":"ImageObject","inLanguage":"fr-FR","@id":"https:\/\/secure.gravatar.com\/avatar\/?s=96&d=wavatar&r=g","url":"https:\/\/secure.gravatar.com\/avatar\/?s=96&d=wavatar&r=g","contentUrl":"https:\/\/secure.gravatar.com\/avatar\/?s=96&d=wavatar&r=g","caption":"Thierry Seguin blogger"}}]}},"_links":{"self":[{"href":"https:\/\/thierryseguin.com\/fr\/wp-json\/wp\/v2\/posts\/101","targetHints":{"allow":["GET"]}}],"collection":[{"href":"https:\/\/thierryseguin.com\/fr\/wp-json\/wp\/v2\/posts"}],"about":[{"href":"https:\/\/thierryseguin.com\/fr\/wp-json\/wp\/v2\/types\/post"}],"author":[{"embeddable":true,"href":"https:\/\/thierryseguin.com\/fr\/wp-json\/wp\/v2\/users\/2"}],"replies":[{"embeddable":true,"href":"https:\/\/thierryseguin.com\/fr\/wp-json\/wp\/v2\/comments?post=101"}],"version-history":[{"count":3,"href":"https:\/\/thierryseguin.com\/fr\/wp-json\/wp\/v2\/posts\/101\/revisions"}],"predecessor-version":[{"id":1133,"href":"https:\/\/thierryseguin.com\/fr\/wp-json\/wp\/v2\/posts\/101\/revisions\/1133"}],"wp:attachment":[{"href":"https:\/\/thierryseguin.com\/fr\/wp-json\/wp\/v2\/media?parent=101"}],"wp:term":[{"taxonomy":"category","embeddable":true,"href":"https:\/\/thierryseguin.com\/fr\/wp-json\/wp\/v2\/categories?post=101"},{"taxonomy":"post_tag","embeddable":true,"href":"https:\/\/thierryseguin.com\/fr\/wp-json\/wp\/v2\/tags?post=101"}],"curies":[{"name":"wp","href":"https:\/\/api.w.org\/{rel}","templated":true}]}}