{"id":102,"date":"2007-09-10T13:07:00","date_gmt":"2007-09-10T13:07:00","guid":{"rendered":"http:\/\/www.thierryseguin.com\/blog\/2007\/09\/10\/uncategorized\/visite-de-samuel\/"},"modified":"2007-09-10T13:07:00","modified_gmt":"2007-09-10T13:07:00","slug":"visite-de-samuel","status":"publish","type":"post","link":"https:\/\/thierryseguin.com\/fr\/blog\/2007\/09\/10\/visite-de-samuel\/","title":{"rendered":"Visite de Samuel"},"content":{"rendered":"<p><a href=\"http:\/\/bp0.blogger.com\/__MnoThhEels\/RuWoliJPQyI\/AAAAAAAAAH0\/ErNHSax2hBo\/s1600-h\/DSC_3684_1.jpg\">Vendredi 7 septembre 2007<\/a><\/p>\n<p>C&#8217;est avec plaisir que j&#8217;ai re\u00e7u vendredi la visite de mon ami Samuel Malarik.<br \/>Il venait d\u00e9couvrir ma maison, o\u00f9 je re\u00e7ois mes clients, et o\u00f9 se trouve mon studio de prise de vue.<br \/>Il m&#8217;a donn\u00e9 un coup de main et m&#8217;a conseill\u00e9 pour la mise en place de la lumi\u00e8re utilis\u00e9e l&#8217;apr\u00e8s-midi pour le book de 2 figurants de cin\u00e9ma.<br \/>Nous voici en train d&#8217;affiner les r\u00e9glages avec le <a href=\"http:\/\/colorbalancecoach.blogspot.com\/\">Color Balance Coach<\/a>  invent\u00e9 par <a href=\"http:\/\/jeanfrancoisokane.blogspot.com\/\">Jean-Fran\u00e7ois O&#8217;Kane.<\/a><\/p>\n<p>Merci Samuel !<br \/><img decoding=\"async\" id=\"BLOGGER_PHOTO_ID_5108674715095876386\" style=\"DISPLAY: block; MARGIN: 0px auto 10px; CURSOR: hand; TEXT-ALIGN: center\" alt=\"\" src=\"http:\/\/bp0.blogger.com\/__MnoThhEels\/RuWoliJPQyI\/AAAAAAAAAH0\/ErNHSax2hBo\/s400\/DSC_3684_1.jpg\" border=\"0\" \/><br \/><a href=\"http:\/\/bp1.blogger.com\/__MnoThhEels\/RuWolyJPQzI\/AAAAAAAAAH8\/KWCCRU7fkvw\/s1600-h\/DSC_3685.jpg\"><img decoding=\"async\" id=\"BLOGGER_PHOTO_ID_5108674719390843698\" style=\"DISPLAY: block; MARGIN: 0px auto 10px; CURSOR: hand; TEXT-ALIGN: center\" alt=\"\" src=\"http:\/\/bp1.blogger.com\/__MnoThhEels\/RuWolyJPQzI\/AAAAAAAAAH8\/KWCCRU7fkvw\/s400\/DSC_3685.jpg\" border=\"0\" \/><\/a><br \/><a href=\"http:\/\/bp2.blogger.com\/__MnoThhEels\/RuWomCJPQ0I\/AAAAAAAAAIE\/J2kGWlZO_xs\/s1600-h\/DSC_3689.jpg\"><img decoding=\"async\" id=\"BLOGGER_PHOTO_ID_5108674723685811010\" style=\"DISPLAY: block; MARGIN: 0px auto 10px; CURSOR: hand; TEXT-ALIGN: center\" alt=\"\" src=\"http:\/\/bp2.blogger.com\/__MnoThhEels\/RuWomCJPQ0I\/AAAAAAAAAIE\/J2kGWlZO_xs\/s400\/DSC_3689.jpg\" border=\"0\" \/><\/a><\/p>\n","protected":false},"excerpt":{"rendered":"<p>Vendredi 7 septembre 2007 C&#8217;est avec plaisir que j&#8217;ai re\u00e7u vendredi la visite de mon ami Samuel Malarik.Il venait d\u00e9couvrir ma maison, o\u00f9 je re\u00e7ois mes clients, et o\u00f9 se trouve mon studio de prise de vue.Il m&#8217;a donn\u00e9 un coup de main et m&#8217;a conseill\u00e9 pour la mise en place de la lumi\u00e8re utilis\u00e9e...<\/p>\n","protected":false},"author":2,"featured_media":0,"comment_status":"open","ping_status":"open","sticky":false,"template":"","format":"standard","meta":{"pp_embeds":"","footnotes":""},"categories":[1],"tags":[],"class_list":["post-102","post","type-post","status-publish","format-standard","hentry","category-non-classe"],"yoast_head":"<!-- This site is optimized with the Yoast SEO plugin v27.5 - https:\/\/yoast.com\/product\/yoast-seo-wordpress\/ -->\n<title>Visite de Samuel -<\/title>\n<meta name=\"robots\" content=\"index, follow, max-snippet:-1, max-image-preview:large, max-video-preview:-1\" \/>\n<link rel=\"canonical\" href=\"https:\/\/thierryseguin.com\/fr\/blog\/2007\/09\/10\/visite-de-samuel\/\" \/>\n<meta property=\"og:locale\" content=\"fr_FR\" \/>\n<meta property=\"og:type\" content=\"article\" \/>\n<meta property=\"og:title\" content=\"Visite de Samuel -\" \/>\n<meta property=\"og:description\" content=\"Vendredi 7 septembre 2007 C&#8217;est avec plaisir que j&#8217;ai re\u00e7u vendredi la visite de mon ami Samuel Malarik.Il venait d\u00e9couvrir ma maison, o\u00f9 je re\u00e7ois mes clients, et o\u00f9 se trouve mon studio de prise de vue.Il m&#8217;a donn\u00e9 un coup de main et m&#8217;a conseill\u00e9 pour la mise en place de la lumi\u00e8re utilis\u00e9e [&hellip;]\" \/>\n<meta property=\"og:url\" content=\"https:\/\/thierryseguin.com\/fr\/blog\/2007\/09\/10\/visite-de-samuel\/\" \/>\n<meta property=\"og:site_name\" content=\"Thierry Seguin Photographie\" \/>\n<meta property=\"article:publisher\" content=\"https:\/\/www.facebook.com\/ThierrySeguinPhotographie\" \/>\n<meta property=\"article:published_time\" content=\"2007-09-10T13:07:00+00:00\" \/>\n<meta property=\"og:image\" content=\"http:\/\/bp0.blogger.com\/__MnoThhEels\/RuWoliJPQyI\/AAAAAAAAAH0\/ErNHSax2hBo\/s400\/DSC_3684_1.jpg\" \/>\n<meta name=\"author\" content=\"Thierry Seguin blogger\" \/>\n<meta name=\"twitter:card\" content=\"summary_large_image\" \/>\n<meta name=\"twitter:creator\" content=\"@thierry_seguin\" \/>\n<meta name=\"twitter:site\" content=\"@thierry_seguin\" \/>\n<meta name=\"twitter:label1\" content=\"\u00c9crit par\" \/>\n\t<meta name=\"twitter:data1\" content=\"Thierry Seguin blogger\" \/>\n<script type=\"application\/ld+json\" class=\"yoast-schema-graph\">{\"@context\":\"https:\\\/\\\/schema.org\",\"@graph\":[{\"@type\":\"Article\",\"@id\":\"https:\\\/\\\/thierryseguin.com\\\/fr\\\/blog\\\/2007\\\/09\\\/10\\\/visite-de-samuel\\\/#article\",\"isPartOf\":{\"@id\":\"https:\\\/\\\/thierryseguin.com\\\/fr\\\/blog\\\/2007\\\/09\\\/10\\\/visite-de-samuel\\\/\"},\"author\":{\"name\":\"Thierry Seguin blogger\",\"@id\":\"https:\\\/\\\/thierryseguin.com\\\/fr\\\/#\\\/schema\\\/person\\\/3ba0d9aacd1037d1a35f64b3bc81201a\"},\"headline\":\"Visite de Samuel\",\"datePublished\":\"2007-09-10T13:07:00+00:00\",\"mainEntityOfPage\":{\"@id\":\"https:\\\/\\\/thierryseguin.com\\\/fr\\\/blog\\\/2007\\\/09\\\/10\\\/visite-de-samuel\\\/\"},\"wordCount\":93,\"commentCount\":0,\"image\":{\"@id\":\"https:\\\/\\\/thierryseguin.com\\\/fr\\\/blog\\\/2007\\\/09\\\/10\\\/visite-de-samuel\\\/#primaryimage\"},\"thumbnailUrl\":\"http:\\\/\\\/bp0.blogger.com\\\/__MnoThhEels\\\/RuWoliJPQyI\\\/AAAAAAAAAH0\\\/ErNHSax2hBo\\\/s400\\\/DSC_3684_1.jpg\",\"inLanguage\":\"fr-FR\",\"potentialAction\":[{\"@type\":\"CommentAction\",\"name\":\"Comment\",\"target\":[\"https:\\\/\\\/thierryseguin.com\\\/fr\\\/blog\\\/2007\\\/09\\\/10\\\/visite-de-samuel\\\/#respond\"]}]},{\"@type\":\"WebPage\",\"@id\":\"https:\\\/\\\/thierryseguin.com\\\/fr\\\/blog\\\/2007\\\/09\\\/10\\\/visite-de-samuel\\\/\",\"url\":\"https:\\\/\\\/thierryseguin.com\\\/fr\\\/blog\\\/2007\\\/09\\\/10\\\/visite-de-samuel\\\/\",\"name\":\"Visite de Samuel -\",\"isPartOf\":{\"@id\":\"https:\\\/\\\/thierryseguin.com\\\/fr\\\/#website\"},\"primaryImageOfPage\":{\"@id\":\"https:\\\/\\\/thierryseguin.com\\\/fr\\\/blog\\\/2007\\\/09\\\/10\\\/visite-de-samuel\\\/#primaryimage\"},\"image\":{\"@id\":\"https:\\\/\\\/thierryseguin.com\\\/fr\\\/blog\\\/2007\\\/09\\\/10\\\/visite-de-samuel\\\/#primaryimage\"},\"thumbnailUrl\":\"http:\\\/\\\/bp0.blogger.com\\\/__MnoThhEels\\\/RuWoliJPQyI\\\/AAAAAAAAAH0\\\/ErNHSax2hBo\\\/s400\\\/DSC_3684_1.jpg\",\"datePublished\":\"2007-09-10T13:07:00+00:00\",\"author\":{\"@id\":\"https:\\\/\\\/thierryseguin.com\\\/fr\\\/#\\\/schema\\\/person\\\/3ba0d9aacd1037d1a35f64b3bc81201a\"},\"breadcrumb\":{\"@id\":\"https:\\\/\\\/thierryseguin.com\\\/fr\\\/blog\\\/2007\\\/09\\\/10\\\/visite-de-samuel\\\/#breadcrumb\"},\"inLanguage\":\"fr-FR\",\"potentialAction\":[{\"@type\":\"ReadAction\",\"target\":[\"https:\\\/\\\/thierryseguin.com\\\/fr\\\/blog\\\/2007\\\/09\\\/10\\\/visite-de-samuel\\\/\"]}]},{\"@type\":\"ImageObject\",\"inLanguage\":\"fr-FR\",\"@id\":\"https:\\\/\\\/thierryseguin.com\\\/fr\\\/blog\\\/2007\\\/09\\\/10\\\/visite-de-samuel\\\/#primaryimage\",\"url\":\"http:\\\/\\\/bp0.blogger.com\\\/__MnoThhEels\\\/RuWoliJPQyI\\\/AAAAAAAAAH0\\\/ErNHSax2hBo\\\/s400\\\/DSC_3684_1.jpg\",\"contentUrl\":\"http:\\\/\\\/bp0.blogger.com\\\/__MnoThhEels\\\/RuWoliJPQyI\\\/AAAAAAAAAH0\\\/ErNHSax2hBo\\\/s400\\\/DSC_3684_1.jpg\"},{\"@type\":\"BreadcrumbList\",\"@id\":\"https:\\\/\\\/thierryseguin.com\\\/fr\\\/blog\\\/2007\\\/09\\\/10\\\/visite-de-samuel\\\/#breadcrumb\",\"itemListElement\":[{\"@type\":\"ListItem\",\"position\":1,\"name\":\"Accueil\",\"item\":\"https:\\\/\\\/thierryseguin.com\\\/fr\\\/\"},{\"@type\":\"ListItem\",\"position\":2,\"name\":\"Visite de Samuel\"}]},{\"@type\":\"WebSite\",\"@id\":\"https:\\\/\\\/thierryseguin.com\\\/fr\\\/#website\",\"url\":\"https:\\\/\\\/thierryseguin.com\\\/fr\\\/\",\"name\":\"Thierry Seguin Photographie\",\"description\":\"Photographe de Portrait de Famille, Grossesse, B\u00e9b\u00e9s, Mariage\",\"potentialAction\":[{\"@type\":\"SearchAction\",\"target\":{\"@type\":\"EntryPoint\",\"urlTemplate\":\"https:\\\/\\\/thierryseguin.com\\\/fr\\\/?s={search_term_string}\"},\"query-input\":{\"@type\":\"PropertyValueSpecification\",\"valueRequired\":true,\"valueName\":\"search_term_string\"}}],\"inLanguage\":\"fr-FR\"},{\"@type\":\"Person\",\"@id\":\"https:\\\/\\\/thierryseguin.com\\\/fr\\\/#\\\/schema\\\/person\\\/3ba0d9aacd1037d1a35f64b3bc81201a\",\"name\":\"Thierry Seguin blogger\",\"image\":{\"@type\":\"ImageObject\",\"inLanguage\":\"fr-FR\",\"@id\":\"https:\\\/\\\/secure.gravatar.com\\\/avatar\\\/?s=96&d=wavatar&r=g\",\"url\":\"https:\\\/\\\/secure.gravatar.com\\\/avatar\\\/?s=96&d=wavatar&r=g\",\"contentUrl\":\"https:\\\/\\\/secure.gravatar.com\\\/avatar\\\/?s=96&d=wavatar&r=g\",\"caption\":\"Thierry Seguin blogger\"}}]}<\/script>\n<!-- \/ Yoast SEO plugin. -->","yoast_head_json":{"title":"Visite de Samuel -","robots":{"index":"index","follow":"follow","max-snippet":"max-snippet:-1","max-image-preview":"max-image-preview:large","max-video-preview":"max-video-preview:-1"},"canonical":"https:\/\/thierryseguin.com\/fr\/blog\/2007\/09\/10\/visite-de-samuel\/","og_locale":"fr_FR","og_type":"article","og_title":"Visite de Samuel -","og_description":"Vendredi 7 septembre 2007 C&#8217;est avec plaisir que j&#8217;ai re\u00e7u vendredi la visite de mon ami Samuel Malarik.Il venait d\u00e9couvrir ma maison, o\u00f9 je re\u00e7ois mes clients, et o\u00f9 se trouve mon studio de prise de vue.Il m&#8217;a donn\u00e9 un coup de main et m&#8217;a conseill\u00e9 pour la mise en place de la lumi\u00e8re utilis\u00e9e [&hellip;]","og_url":"https:\/\/thierryseguin.com\/fr\/blog\/2007\/09\/10\/visite-de-samuel\/","og_site_name":"Thierry Seguin Photographie","article_publisher":"https:\/\/www.facebook.com\/ThierrySeguinPhotographie","article_published_time":"2007-09-10T13:07:00+00:00","og_image":[{"url":"http:\/\/bp0.blogger.com\/__MnoThhEels\/RuWoliJPQyI\/AAAAAAAAAH0\/ErNHSax2hBo\/s400\/DSC_3684_1.jpg","type":"","width":"","height":""}],"author":"Thierry Seguin blogger","twitter_card":"summary_large_image","twitter_creator":"@thierry_seguin","twitter_site":"@thierry_seguin","twitter_misc":{"\u00c9crit par":"Thierry Seguin blogger"},"schema":{"@context":"https:\/\/schema.org","@graph":[{"@type":"Article","@id":"https:\/\/thierryseguin.com\/fr\/blog\/2007\/09\/10\/visite-de-samuel\/#article","isPartOf":{"@id":"https:\/\/thierryseguin.com\/fr\/blog\/2007\/09\/10\/visite-de-samuel\/"},"author":{"name":"Thierry Seguin blogger","@id":"https:\/\/thierryseguin.com\/fr\/#\/schema\/person\/3ba0d9aacd1037d1a35f64b3bc81201a"},"headline":"Visite de Samuel","datePublished":"2007-09-10T13:07:00+00:00","mainEntityOfPage":{"@id":"https:\/\/thierryseguin.com\/fr\/blog\/2007\/09\/10\/visite-de-samuel\/"},"wordCount":93,"commentCount":0,"image":{"@id":"https:\/\/thierryseguin.com\/fr\/blog\/2007\/09\/10\/visite-de-samuel\/#primaryimage"},"thumbnailUrl":"http:\/\/bp0.blogger.com\/__MnoThhEels\/RuWoliJPQyI\/AAAAAAAAAH0\/ErNHSax2hBo\/s400\/DSC_3684_1.jpg","inLanguage":"fr-FR","potentialAction":[{"@type":"CommentAction","name":"Comment","target":["https:\/\/thierryseguin.com\/fr\/blog\/2007\/09\/10\/visite-de-samuel\/#respond"]}]},{"@type":"WebPage","@id":"https:\/\/thierryseguin.com\/fr\/blog\/2007\/09\/10\/visite-de-samuel\/","url":"https:\/\/thierryseguin.com\/fr\/blog\/2007\/09\/10\/visite-de-samuel\/","name":"Visite de Samuel -","isPartOf":{"@id":"https:\/\/thierryseguin.com\/fr\/#website"},"primaryImageOfPage":{"@id":"https:\/\/thierryseguin.com\/fr\/blog\/2007\/09\/10\/visite-de-samuel\/#primaryimage"},"image":{"@id":"https:\/\/thierryseguin.com\/fr\/blog\/2007\/09\/10\/visite-de-samuel\/#primaryimage"},"thumbnailUrl":"http:\/\/bp0.blogger.com\/__MnoThhEels\/RuWoliJPQyI\/AAAAAAAAAH0\/ErNHSax2hBo\/s400\/DSC_3684_1.jpg","datePublished":"2007-09-10T13:07:00+00:00","author":{"@id":"https:\/\/thierryseguin.com\/fr\/#\/schema\/person\/3ba0d9aacd1037d1a35f64b3bc81201a"},"breadcrumb":{"@id":"https:\/\/thierryseguin.com\/fr\/blog\/2007\/09\/10\/visite-de-samuel\/#breadcrumb"},"inLanguage":"fr-FR","potentialAction":[{"@type":"ReadAction","target":["https:\/\/thierryseguin.com\/fr\/blog\/2007\/09\/10\/visite-de-samuel\/"]}]},{"@type":"ImageObject","inLanguage":"fr-FR","@id":"https:\/\/thierryseguin.com\/fr\/blog\/2007\/09\/10\/visite-de-samuel\/#primaryimage","url":"http:\/\/bp0.blogger.com\/__MnoThhEels\/RuWoliJPQyI\/AAAAAAAAAH0\/ErNHSax2hBo\/s400\/DSC_3684_1.jpg","contentUrl":"http:\/\/bp0.blogger.com\/__MnoThhEels\/RuWoliJPQyI\/AAAAAAAAAH0\/ErNHSax2hBo\/s400\/DSC_3684_1.jpg"},{"@type":"BreadcrumbList","@id":"https:\/\/thierryseguin.com\/fr\/blog\/2007\/09\/10\/visite-de-samuel\/#breadcrumb","itemListElement":[{"@type":"ListItem","position":1,"name":"Accueil","item":"https:\/\/thierryseguin.com\/fr\/"},{"@type":"ListItem","position":2,"name":"Visite de Samuel"}]},{"@type":"WebSite","@id":"https:\/\/thierryseguin.com\/fr\/#website","url":"https:\/\/thierryseguin.com\/fr\/","name":"Thierry Seguin Photographie","description":"Photographe de Portrait de Famille, Grossesse, B\u00e9b\u00e9s, Mariage","potentialAction":[{"@type":"SearchAction","target":{"@type":"EntryPoint","urlTemplate":"https:\/\/thierryseguin.com\/fr\/?s={search_term_string}"},"query-input":{"@type":"PropertyValueSpecification","valueRequired":true,"valueName":"search_term_string"}}],"inLanguage":"fr-FR"},{"@type":"Person","@id":"https:\/\/thierryseguin.com\/fr\/#\/schema\/person\/3ba0d9aacd1037d1a35f64b3bc81201a","name":"Thierry Seguin blogger","image":{"@type":"ImageObject","inLanguage":"fr-FR","@id":"https:\/\/secure.gravatar.com\/avatar\/?s=96&d=wavatar&r=g","url":"https:\/\/secure.gravatar.com\/avatar\/?s=96&d=wavatar&r=g","contentUrl":"https:\/\/secure.gravatar.com\/avatar\/?s=96&d=wavatar&r=g","caption":"Thierry Seguin blogger"}}]}},"_links":{"self":[{"href":"https:\/\/thierryseguin.com\/fr\/wp-json\/wp\/v2\/posts\/102","targetHints":{"allow":["GET"]}}],"collection":[{"href":"https:\/\/thierryseguin.com\/fr\/wp-json\/wp\/v2\/posts"}],"about":[{"href":"https:\/\/thierryseguin.com\/fr\/wp-json\/wp\/v2\/types\/post"}],"author":[{"embeddable":true,"href":"https:\/\/thierryseguin.com\/fr\/wp-json\/wp\/v2\/users\/2"}],"replies":[{"embeddable":true,"href":"https:\/\/thierryseguin.com\/fr\/wp-json\/wp\/v2\/comments?post=102"}],"version-history":[{"count":0,"href":"https:\/\/thierryseguin.com\/fr\/wp-json\/wp\/v2\/posts\/102\/revisions"}],"wp:attachment":[{"href":"https:\/\/thierryseguin.com\/fr\/wp-json\/wp\/v2\/media?parent=102"}],"wp:term":[{"taxonomy":"category","embeddable":true,"href":"https:\/\/thierryseguin.com\/fr\/wp-json\/wp\/v2\/categories?post=102"},{"taxonomy":"post_tag","embeddable":true,"href":"https:\/\/thierryseguin.com\/fr\/wp-json\/wp\/v2\/tags?post=102"}],"curies":[{"name":"wp","href":"https:\/\/api.w.org\/{rel}","templated":true}]}}