{"id":105,"date":"2007-08-21T16:12:00","date_gmt":"2007-08-21T16:12:00","guid":{"rendered":"http:\/\/www.thierryseguin.com\/blog\/2007\/08\/21\/uncategorized\/vacances-suite-et-fin\/"},"modified":"2007-08-21T16:12:00","modified_gmt":"2007-08-21T16:12:00","slug":"vacances-suite-et-fin","status":"publish","type":"post","link":"https:\/\/thierryseguin.com\/fr\/blog\/2007\/08\/21\/vacances-suite-et-fin\/","title":{"rendered":"Vacances, suite et fin &#8230;"},"content":{"rendered":"<p>Mardi 14 ao\u00fbt 2007<br \/>ce matin, l&#8217;orage d&#8217;hier soir a laiss\u00e9 de l&#8217;humidit\u00e9 dans les vall\u00e9es<br \/><a href=\"http:\/\/bp1.blogger.com\/__MnoThhEels\/RstyKDOQtbI\/AAAAAAAAAG8\/RZiDrAMkvTY\/s1600-h\/SEG_4011.jpg\"><img decoding=\"async\" id=\"BLOGGER_PHOTO_ID_5101296519916598706\" style=\"DISPLAY: block; MARGIN: 0px auto 10px; CURSOR: hand; TEXT-ALIGN: center\" alt=\"\" src=\"http:\/\/bp1.blogger.com\/__MnoThhEels\/RstyKDOQtbI\/AAAAAAAAAG8\/RZiDrAMkvTY\/s400\/SEG_4011.jpg\" border=\"0\" \/><\/a> Nous partons en randonn\u00e9e visiter la ville de <a href=\"http:\/\/www.linternaute.com\/sortir\/escap\/sudest\/moustiers\/moustiers.shtml\">Moustiers-Sainte-Marie, capitale de la fa\u00efence<\/a><br \/><a href=\"http:\/\/bp2.blogger.com\/__MnoThhEels\/RstyKTOQtcI\/AAAAAAAAAHE\/R0-tTOHqES8\/s1600-h\/SEG_4038.jpg\"><img decoding=\"async\" id=\"BLOGGER_PHOTO_ID_5101296524211566018\" style=\"DISPLAY: block; MARGIN: 0px auto 10px; CURSOR: hand; TEXT-ALIGN: center\" alt=\"\" src=\"http:\/\/bp2.blogger.com\/__MnoThhEels\/RstyKTOQtcI\/AAAAAAAAAHE\/R0-tTOHqES8\/s400\/SEG_4038.jpg\" border=\"0\" \/><\/a> L&#8217;apr\u00e8s-midi, nous allons \u00e0 <a href=\"http:\/\/www.portail-paca.net\/sections.php?op=viewarticle&amp;artid=2\">Riez <\/a>avec nos filles visiter <a href=\"http:\/\/france.vadelis.fr\/Alpes_Vallee_Du_Rhone\/Alpes_De_Haute_Provence\/Riez\/Maison_De_L_Abeille_Et_De_La_Truffe\/\">la Maison de l&#8217;abeille<br \/><img decoding=\"async\" id=\"BLOGGER_PHOTO_ID_5101296528506533330\" style=\"DISPLAY: block; MARGIN: 0px auto 10px; CURSOR: hand; TEXT-ALIGN: center\" alt=\"\" src=\"http:\/\/bp3.blogger.com\/__MnoThhEels\/RstyKjOQtdI\/AAAAAAAAAHM\/UgBt5JW_SyY\/s400\/SEG_4056.jpg\" border=\"0\" \/><\/a> Pour ensuite prendre la route de <a href=\"http:\/\/www.quinson.fr\/\">Quinson<\/a>, qui h\u00e9berge le plus grand <a href=\"http:\/\/www.cg04.fr\/tourisme\/prehistoire.html\">mus\u00e9e europ\u00e9en de la pr\u00e9histoire.<br \/><img decoding=\"async\" id=\"BLOGGER_PHOTO_ID_5101296532801500642\" style=\"DISPLAY: block; MARGIN: 0px auto 10px; CURSOR: hand; TEXT-ALIGN: center\" alt=\"\" src=\"http:\/\/bp0.blogger.com\/__MnoThhEels\/RstyKzOQteI\/AAAAAAAAAHU\/ysTpoZH4ubA\/s400\/SEG_4058.jpg\" border=\"0\" \/><\/a> Au milieu des fossiles, on trouve des primates bien r\u00e9els &#8230;<br \/><a href=\"http:\/\/bp1.blogger.com\/__MnoThhEels\/RstyLDOQtfI\/AAAAAAAAAHc\/106gY1kVLIU\/s1600-h\/SEG_4061.jpg\"><img decoding=\"async\" id=\"BLOGGER_PHOTO_ID_5101296537096467954\" style=\"DISPLAY: block; MARGIN: 0px auto 10px; CURSOR: hand; TEXT-ALIGN: center\" alt=\"\" src=\"http:\/\/bp1.blogger.com\/__MnoThhEels\/RstyLDOQtfI\/AAAAAAAAAHc\/106gY1kVLIU\/s400\/SEG_4061.jpg\" border=\"0\" \/><\/a> Mais aussi, dans le cadre d&#8217;une exposition temporaire, quelques primates imaginaires, comme big foot : <\/p>\n<div><a href=\"http:\/\/bp0.blogger.com\/__MnoThhEels\/Rstx8zOQtWI\/AAAAAAAAAGU\/46XQNDIwQbU\/s1600-h\/SEG_4074.jpg\"><img decoding=\"async\" id=\"BLOGGER_PHOTO_ID_5101296292283331938\" style=\"DISPLAY: block; MARGIN: 0px auto 10px; CURSOR: hand; TEXT-ALIGN: center\" alt=\"\" src=\"http:\/\/bp0.blogger.com\/__MnoThhEels\/Rstx8zOQtWI\/AAAAAAAAAGU\/46XQNDIwQbU\/s400\/SEG_4074.jpg\" border=\"0\" \/><\/a> Mercredi 15 ao\u00fbt<\/div>\n<div>C&#8217;est la f\u00eate au village VVF de Montpezat, <\/div>\n<div>des \u00e9preuves sont organis\u00e9es entre l&#8217;\u00e9quipe des bleus et celle des rouges.<\/div>\n<div>Nous nous engageons dans l&#8217;\u00e9quipe des bleus<\/div>\n<p><a href=\"http:\/\/bp1.blogger.com\/__MnoThhEels\/Rstx9DOQtXI\/AAAAAAAAAGc\/wXoX4oqxeCg\/s1600-h\/SEG_4111.jpg\"><img decoding=\"async\" id=\"BLOGGER_PHOTO_ID_5101296296578299250\" style=\"DISPLAY: block; MARGIN: 0px auto 10px; CURSOR: hand; TEXT-ALIGN: center\" alt=\"\" src=\"http:\/\/bp1.blogger.com\/__MnoThhEels\/Rstx9DOQtXI\/AAAAAAAAAGc\/wXoX4oqxeCg\/s400\/SEG_4111.jpg\" border=\"0\" \/><\/a> Et c&#8217;est parti !<br \/><a href=\"http:\/\/bp1.blogger.com\/__MnoThhEels\/Rstx9DOQtYI\/AAAAAAAAAGk\/EuTBXhDzSFw\/s1600-h\/SEG_4115.jpg\"><img decoding=\"async\" id=\"BLOGGER_PHOTO_ID_5101296296578299266\" style=\"DISPLAY: block; MARGIN: 0px auto 10px; CURSOR: hand; TEXT-ALIGN: center\" alt=\"\" src=\"http:\/\/bp1.blogger.com\/__MnoThhEels\/Rstx9DOQtYI\/AAAAAAAAAGk\/EuTBXhDzSFw\/s400\/SEG_4115.jpg\" border=\"0\" \/><\/a> Jeudi 16 ao\u00fbt<br \/>Nous avions finalement positionn\u00e9 la viste des expositions des <a href=\"http:\/\/www.rencontres-arles.com\/\">rencontres Photographiques d&#8217;Arles<\/a> 2007 ce jour l\u00e0, car il devait pleuvoir&#8230;<br \/>Les nuages nous ont encore \u00e9pargn\u00e9s !<br \/>Nous avons commenc\u00e9 la visite par les expos du parc des ateliers<\/p>\n<p>A notre arriv\u00e9e, nous sommes stup\u00e9faits par <a href=\"http:\/\/www.rencontres-arles.com\/index.php\/expo\/fr\/52\">les images et le projet de JR<\/a>, qui expose ses portraits au 28 mm en noir et blanc sur d&#8217;immenses affiches<a href=\"http:\/\/bp2.blogger.com\/__MnoThhEels\/Rstx9TOQtZI\/AAAAAAAAAGs\/-GXvmzHroEs\/s1600-h\/SEG_4120.jpg\"><img decoding=\"async\" id=\"BLOGGER_PHOTO_ID_5101296300873266578\" style=\"DISPLAY: block; MARGIN: 0px auto 10px; CURSOR: hand; TEXT-ALIGN: center\" alt=\"\" src=\"http:\/\/bp2.blogger.com\/__MnoThhEels\/Rstx9TOQtZI\/AAAAAAAAAGs\/-GXvmzHroEs\/s400\/SEG_4120.jpg\" border=\"0\" \/><\/a> Avec une guide, nous visitons l&#8217;expo consacr\u00e9e aux <a href=\"http:\/\/www.rencontres-arles.com\/index.php\/groupe\/fr\/4?PHPSESSID=0dee76f2fd1f65eb3154a6adb85131fa\">artistes de l&#8217;Inde<\/a>,<\/p>\n<p>puis nous nous dirigeons vers l&#8217;atelier <a href=\"http:\/\/www.rencontres-arles.com\/index.php\/expo\/fr\/30\">consacr\u00e9 \u00e0 la Chine<\/a>,<br \/><a href=\"http:\/\/bp2.blogger.com\/__MnoThhEels\/Rstx9TOQtaI\/AAAAAAAAAG0\/oKfzz8pYmDs\/s1600-h\/SEG_4133.jpg\"><img decoding=\"async\" id=\"BLOGGER_PHOTO_ID_5101296300873266594\" style=\"DISPLAY: block; MARGIN: 0px auto 10px; CURSOR: hand; TEXT-ALIGN: center\" alt=\"\" src=\"http:\/\/bp2.blogger.com\/__MnoThhEels\/Rstx9TOQtaI\/AAAAAAAAAG0\/oKfzz8pYmDs\/s400\/SEG_4133.jpg\" border=\"0\" \/><\/a><\/p>\n<p><a href=\"http:\/\/bp0.blogger.com\/__MnoThhEels\/RstxuzOQtRI\/AAAAAAAAAFs\/j0bzGzp_eY8\/s1600-h\/SEG_4145.jpg\"><img decoding=\"async\" id=\"BLOGGER_PHOTO_ID_5101296051765163282\" style=\"DISPLAY: block; MARGIN: 0px auto 10px; CURSOR: hand; TEXT-ALIGN: center\" alt=\"\" src=\"http:\/\/bp0.blogger.com\/__MnoThhEels\/RstxuzOQtRI\/AAAAAAAAAFs\/j0bzGzp_eY8\/s400\/SEG_4145.jpg\" border=\"0\" \/><\/a> En fin d&#8217;apr\u00e8s-midi, nous allons voir quelques autres expositions au centre ville.<br \/>nous passons \u00e0 l&#8217;Espace Van Gogh, ancien Hotel Dieu, dont le peintre a immortalis\u00e9 le jardin central<\/p>\n<p><\/p>\n<p><a href=\"http:\/\/bp2.blogger.com\/__MnoThhEels\/RstxvTOQtSI\/AAAAAAAAAF0\/NvNE7QW2uT8\/s1600-h\/SEG_4302.jpg\"><img decoding=\"async\" id=\"BLOGGER_PHOTO_ID_5101296060355097890\" style=\"DISPLAY: block; MARGIN: 0px auto 10px; CURSOR: hand; TEXT-ALIGN: center\" alt=\"\" src=\"http:\/\/bp2.blogger.com\/__MnoThhEels\/RstxvTOQtSI\/AAAAAAAAAF0\/NvNE7QW2uT8\/s400\/SEG_4302.jpg\" border=\"0\" \/><\/a><br \/><a href=\"http:\/\/bp3.blogger.com\/__MnoThhEels\/RstxvjOQtTI\/AAAAAAAAAF8\/YA9cQxH0-Y0\/s1600-h\/SEG_4303.jpg\"><img decoding=\"async\" id=\"BLOGGER_PHOTO_ID_5101296064650065202\" style=\"DISPLAY: block; MARGIN: 0px auto 10px; CURSOR: hand; TEXT-ALIGN: center\" alt=\"\" src=\"http:\/\/bp3.blogger.com\/__MnoThhEels\/RstxvjOQtTI\/AAAAAAAAAF8\/YA9cQxH0-Y0\/s400\/SEG_4303.jpg\" border=\"0\" \/><\/a> Vendredi 17 ao\u00fbt.<\/p>\n<p>C&#8217;est le dernier jour (Sniff).<\/p>\n<p>Apr\u00e8s le spectacle des enfants, c&#8217;est la session photo des tous petits \ud83d\ude09<br \/>avec L\u00e9o, la mascotte du VVF.<\/p>\n<p><a href=\"http:\/\/bp3.blogger.com\/__MnoThhEels\/RstxvjOQtUI\/AAAAAAAAAGE\/ckASf8gdO30\/s1600-h\/SEG_4419.jpg\"><img decoding=\"async\" id=\"BLOGGER_PHOTO_ID_5101296064650065218\" style=\"DISPLAY: block; MARGIN: 0px auto 10px; CURSOR: hand; TEXT-ALIGN: center\" alt=\"\" src=\"http:\/\/bp3.blogger.com\/__MnoThhEels\/RstxvjOQtUI\/AAAAAAAAAGE\/ckASf8gdO30\/s400\/SEG_4419.jpg\" border=\"0\" \/><\/a> L&#8217;occasion de lui faire ses adieux.<br \/><a href=\"http:\/\/bp0.blogger.com\/__MnoThhEels\/RstxvzOQtVI\/AAAAAAAAAGM\/OJ7AlcJWBSk\/s1600-h\/SEG_4420.jpg\"><img decoding=\"async\" id=\"BLOGGER_PHOTO_ID_5101296068945032530\" style=\"DISPLAY: block; MARGIN: 0px auto 10px; CURSOR: hand; TEXT-ALIGN: center\" alt=\"\" src=\"http:\/\/bp0.blogger.com\/__MnoThhEels\/RstxvzOQtVI\/AAAAAAAAAGM\/OJ7AlcJWBSk\/s400\/SEG_4420.jpg\" border=\"0\" \/><\/a><\/p>\n","protected":false},"excerpt":{"rendered":"<p>Mardi 14 ao\u00fbt 2007ce matin, l&#8217;orage d&#8217;hier soir a laiss\u00e9 de l&#8217;humidit\u00e9 dans les vall\u00e9es Nous partons en randonn\u00e9e visiter la ville de Moustiers-Sainte-Marie, capitale de la fa\u00efence L&#8217;apr\u00e8s-midi, nous allons \u00e0 Riez avec nos filles visiter la Maison de l&#8217;abeille Pour ensuite prendre la route de Quinson, qui h\u00e9berge le plus grand mus\u00e9e europ\u00e9en...<\/p>\n","protected":false},"author":2,"featured_media":0,"comment_status":"open","ping_status":"open","sticky":false,"template":"","format":"standard","meta":{"pp_embeds":"","footnotes":""},"categories":[1],"tags":[],"class_list":["post-105","post","type-post","status-publish","format-standard","hentry","category-non-classe"],"yoast_head":"<!-- This site is optimized with the Yoast SEO plugin v27.4 - https:\/\/yoast.com\/product\/yoast-seo-wordpress\/ -->\n<title>Vacances, suite et fin ... -<\/title>\n<meta name=\"robots\" content=\"index, follow, max-snippet:-1, max-image-preview:large, max-video-preview:-1\" \/>\n<link rel=\"canonical\" href=\"https:\/\/thierryseguin.com\/fr\/blog\/2007\/08\/21\/vacances-suite-et-fin\/\" \/>\n<meta property=\"og:locale\" content=\"fr_FR\" \/>\n<meta property=\"og:type\" content=\"article\" \/>\n<meta property=\"og:title\" content=\"Vacances, suite et fin ... -\" \/>\n<meta property=\"og:description\" content=\"Mardi 14 ao\u00fbt 2007ce matin, l&#8217;orage d&#8217;hier soir a laiss\u00e9 de l&#8217;humidit\u00e9 dans les vall\u00e9es Nous partons en randonn\u00e9e visiter la ville de Moustiers-Sainte-Marie, capitale de la fa\u00efence L&#8217;apr\u00e8s-midi, nous allons \u00e0 Riez avec nos filles visiter la Maison de l&#8217;abeille Pour ensuite prendre la route de Quinson, qui h\u00e9berge le plus grand mus\u00e9e europ\u00e9en [&hellip;]\" \/>\n<meta property=\"og:url\" content=\"https:\/\/thierryseguin.com\/fr\/blog\/2007\/08\/21\/vacances-suite-et-fin\/\" \/>\n<meta property=\"og:site_name\" content=\"Thierry Seguin Photographie\" \/>\n<meta property=\"article:publisher\" content=\"https:\/\/www.facebook.com\/ThierrySeguinPhotographie\" \/>\n<meta property=\"article:published_time\" content=\"2007-08-21T16:12:00+00:00\" \/>\n<meta property=\"og:image\" content=\"http:\/\/bp1.blogger.com\/__MnoThhEels\/RstyKDOQtbI\/AAAAAAAAAG8\/RZiDrAMkvTY\/s400\/SEG_4011.jpg\" \/>\n<meta name=\"author\" content=\"Thierry Seguin blogger\" \/>\n<meta name=\"twitter:card\" content=\"summary_large_image\" \/>\n<meta name=\"twitter:creator\" content=\"@thierry_seguin\" \/>\n<meta name=\"twitter:site\" content=\"@thierry_seguin\" \/>\n<meta name=\"twitter:label1\" content=\"\u00c9crit par\" \/>\n\t<meta name=\"twitter:data1\" content=\"Thierry Seguin blogger\" \/>\n\t<meta name=\"twitter:label2\" content=\"Dur\u00e9e de lecture estim\u00e9e\" \/>\n\t<meta name=\"twitter:data2\" content=\"1 minute\" \/>\n<script type=\"application\/ld+json\" class=\"yoast-schema-graph\">{\"@context\":\"https:\\\/\\\/schema.org\",\"@graph\":[{\"@type\":\"Article\",\"@id\":\"https:\\\/\\\/thierryseguin.com\\\/fr\\\/blog\\\/2007\\\/08\\\/21\\\/vacances-suite-et-fin\\\/#article\",\"isPartOf\":{\"@id\":\"https:\\\/\\\/thierryseguin.com\\\/fr\\\/blog\\\/2007\\\/08\\\/21\\\/vacances-suite-et-fin\\\/\"},\"author\":{\"name\":\"Thierry Seguin blogger\",\"@id\":\"https:\\\/\\\/thierryseguin.com\\\/fr\\\/#\\\/schema\\\/person\\\/3ba0d9aacd1037d1a35f64b3bc81201a\"},\"headline\":\"Vacances, suite et fin &#8230;\",\"datePublished\":\"2007-08-21T16:12:00+00:00\",\"mainEntityOfPage\":{\"@id\":\"https:\\\/\\\/thierryseguin.com\\\/fr\\\/blog\\\/2007\\\/08\\\/21\\\/vacances-suite-et-fin\\\/\"},\"wordCount\":285,\"commentCount\":0,\"image\":{\"@id\":\"https:\\\/\\\/thierryseguin.com\\\/fr\\\/blog\\\/2007\\\/08\\\/21\\\/vacances-suite-et-fin\\\/#primaryimage\"},\"thumbnailUrl\":\"http:\\\/\\\/bp1.blogger.com\\\/__MnoThhEels\\\/RstyKDOQtbI\\\/AAAAAAAAAG8\\\/RZiDrAMkvTY\\\/s400\\\/SEG_4011.jpg\",\"inLanguage\":\"fr-FR\",\"potentialAction\":[{\"@type\":\"CommentAction\",\"name\":\"Comment\",\"target\":[\"https:\\\/\\\/thierryseguin.com\\\/fr\\\/blog\\\/2007\\\/08\\\/21\\\/vacances-suite-et-fin\\\/#respond\"]}]},{\"@type\":\"WebPage\",\"@id\":\"https:\\\/\\\/thierryseguin.com\\\/fr\\\/blog\\\/2007\\\/08\\\/21\\\/vacances-suite-et-fin\\\/\",\"url\":\"https:\\\/\\\/thierryseguin.com\\\/fr\\\/blog\\\/2007\\\/08\\\/21\\\/vacances-suite-et-fin\\\/\",\"name\":\"Vacances, suite et fin ... -\",\"isPartOf\":{\"@id\":\"https:\\\/\\\/thierryseguin.com\\\/fr\\\/#website\"},\"primaryImageOfPage\":{\"@id\":\"https:\\\/\\\/thierryseguin.com\\\/fr\\\/blog\\\/2007\\\/08\\\/21\\\/vacances-suite-et-fin\\\/#primaryimage\"},\"image\":{\"@id\":\"https:\\\/\\\/thierryseguin.com\\\/fr\\\/blog\\\/2007\\\/08\\\/21\\\/vacances-suite-et-fin\\\/#primaryimage\"},\"thumbnailUrl\":\"http:\\\/\\\/bp1.blogger.com\\\/__MnoThhEels\\\/RstyKDOQtbI\\\/AAAAAAAAAG8\\\/RZiDrAMkvTY\\\/s400\\\/SEG_4011.jpg\",\"datePublished\":\"2007-08-21T16:12:00+00:00\",\"author\":{\"@id\":\"https:\\\/\\\/thierryseguin.com\\\/fr\\\/#\\\/schema\\\/person\\\/3ba0d9aacd1037d1a35f64b3bc81201a\"},\"breadcrumb\":{\"@id\":\"https:\\\/\\\/thierryseguin.com\\\/fr\\\/blog\\\/2007\\\/08\\\/21\\\/vacances-suite-et-fin\\\/#breadcrumb\"},\"inLanguage\":\"fr-FR\",\"potentialAction\":[{\"@type\":\"ReadAction\",\"target\":[\"https:\\\/\\\/thierryseguin.com\\\/fr\\\/blog\\\/2007\\\/08\\\/21\\\/vacances-suite-et-fin\\\/\"]}]},{\"@type\":\"ImageObject\",\"inLanguage\":\"fr-FR\",\"@id\":\"https:\\\/\\\/thierryseguin.com\\\/fr\\\/blog\\\/2007\\\/08\\\/21\\\/vacances-suite-et-fin\\\/#primaryimage\",\"url\":\"http:\\\/\\\/bp1.blogger.com\\\/__MnoThhEels\\\/RstyKDOQtbI\\\/AAAAAAAAAG8\\\/RZiDrAMkvTY\\\/s400\\\/SEG_4011.jpg\",\"contentUrl\":\"http:\\\/\\\/bp1.blogger.com\\\/__MnoThhEels\\\/RstyKDOQtbI\\\/AAAAAAAAAG8\\\/RZiDrAMkvTY\\\/s400\\\/SEG_4011.jpg\"},{\"@type\":\"BreadcrumbList\",\"@id\":\"https:\\\/\\\/thierryseguin.com\\\/fr\\\/blog\\\/2007\\\/08\\\/21\\\/vacances-suite-et-fin\\\/#breadcrumb\",\"itemListElement\":[{\"@type\":\"ListItem\",\"position\":1,\"name\":\"Accueil\",\"item\":\"https:\\\/\\\/thierryseguin.com\\\/fr\\\/\"},{\"@type\":\"ListItem\",\"position\":2,\"name\":\"Vacances, suite et fin &#8230;\"}]},{\"@type\":\"WebSite\",\"@id\":\"https:\\\/\\\/thierryseguin.com\\\/fr\\\/#website\",\"url\":\"https:\\\/\\\/thierryseguin.com\\\/fr\\\/\",\"name\":\"Thierry Seguin Photographie\",\"description\":\"Photographe de Portrait de Famille, Grossesse, B\u00e9b\u00e9s, Mariage\",\"potentialAction\":[{\"@type\":\"SearchAction\",\"target\":{\"@type\":\"EntryPoint\",\"urlTemplate\":\"https:\\\/\\\/thierryseguin.com\\\/fr\\\/?s={search_term_string}\"},\"query-input\":{\"@type\":\"PropertyValueSpecification\",\"valueRequired\":true,\"valueName\":\"search_term_string\"}}],\"inLanguage\":\"fr-FR\"},{\"@type\":\"Person\",\"@id\":\"https:\\\/\\\/thierryseguin.com\\\/fr\\\/#\\\/schema\\\/person\\\/3ba0d9aacd1037d1a35f64b3bc81201a\",\"name\":\"Thierry Seguin blogger\",\"image\":{\"@type\":\"ImageObject\",\"inLanguage\":\"fr-FR\",\"@id\":\"https:\\\/\\\/secure.gravatar.com\\\/avatar\\\/?s=96&d=wavatar&r=g\",\"url\":\"https:\\\/\\\/secure.gravatar.com\\\/avatar\\\/?s=96&d=wavatar&r=g\",\"contentUrl\":\"https:\\\/\\\/secure.gravatar.com\\\/avatar\\\/?s=96&d=wavatar&r=g\",\"caption\":\"Thierry Seguin blogger\"}}]}<\/script>\n<!-- \/ Yoast SEO plugin. -->","yoast_head_json":{"title":"Vacances, suite et fin ... -","robots":{"index":"index","follow":"follow","max-snippet":"max-snippet:-1","max-image-preview":"max-image-preview:large","max-video-preview":"max-video-preview:-1"},"canonical":"https:\/\/thierryseguin.com\/fr\/blog\/2007\/08\/21\/vacances-suite-et-fin\/","og_locale":"fr_FR","og_type":"article","og_title":"Vacances, suite et fin ... -","og_description":"Mardi 14 ao\u00fbt 2007ce matin, l&#8217;orage d&#8217;hier soir a laiss\u00e9 de l&#8217;humidit\u00e9 dans les vall\u00e9es Nous partons en randonn\u00e9e visiter la ville de Moustiers-Sainte-Marie, capitale de la fa\u00efence L&#8217;apr\u00e8s-midi, nous allons \u00e0 Riez avec nos filles visiter la Maison de l&#8217;abeille Pour ensuite prendre la route de Quinson, qui h\u00e9berge le plus grand mus\u00e9e europ\u00e9en [&hellip;]","og_url":"https:\/\/thierryseguin.com\/fr\/blog\/2007\/08\/21\/vacances-suite-et-fin\/","og_site_name":"Thierry Seguin Photographie","article_publisher":"https:\/\/www.facebook.com\/ThierrySeguinPhotographie","article_published_time":"2007-08-21T16:12:00+00:00","og_image":[{"url":"http:\/\/bp1.blogger.com\/__MnoThhEels\/RstyKDOQtbI\/AAAAAAAAAG8\/RZiDrAMkvTY\/s400\/SEG_4011.jpg","type":"","width":"","height":""}],"author":"Thierry Seguin blogger","twitter_card":"summary_large_image","twitter_creator":"@thierry_seguin","twitter_site":"@thierry_seguin","twitter_misc":{"\u00c9crit par":"Thierry Seguin blogger","Dur\u00e9e de lecture estim\u00e9e":"1 minute"},"schema":{"@context":"https:\/\/schema.org","@graph":[{"@type":"Article","@id":"https:\/\/thierryseguin.com\/fr\/blog\/2007\/08\/21\/vacances-suite-et-fin\/#article","isPartOf":{"@id":"https:\/\/thierryseguin.com\/fr\/blog\/2007\/08\/21\/vacances-suite-et-fin\/"},"author":{"name":"Thierry Seguin blogger","@id":"https:\/\/thierryseguin.com\/fr\/#\/schema\/person\/3ba0d9aacd1037d1a35f64b3bc81201a"},"headline":"Vacances, suite et fin &#8230;","datePublished":"2007-08-21T16:12:00+00:00","mainEntityOfPage":{"@id":"https:\/\/thierryseguin.com\/fr\/blog\/2007\/08\/21\/vacances-suite-et-fin\/"},"wordCount":285,"commentCount":0,"image":{"@id":"https:\/\/thierryseguin.com\/fr\/blog\/2007\/08\/21\/vacances-suite-et-fin\/#primaryimage"},"thumbnailUrl":"http:\/\/bp1.blogger.com\/__MnoThhEels\/RstyKDOQtbI\/AAAAAAAAAG8\/RZiDrAMkvTY\/s400\/SEG_4011.jpg","inLanguage":"fr-FR","potentialAction":[{"@type":"CommentAction","name":"Comment","target":["https:\/\/thierryseguin.com\/fr\/blog\/2007\/08\/21\/vacances-suite-et-fin\/#respond"]}]},{"@type":"WebPage","@id":"https:\/\/thierryseguin.com\/fr\/blog\/2007\/08\/21\/vacances-suite-et-fin\/","url":"https:\/\/thierryseguin.com\/fr\/blog\/2007\/08\/21\/vacances-suite-et-fin\/","name":"Vacances, suite et fin ... -","isPartOf":{"@id":"https:\/\/thierryseguin.com\/fr\/#website"},"primaryImageOfPage":{"@id":"https:\/\/thierryseguin.com\/fr\/blog\/2007\/08\/21\/vacances-suite-et-fin\/#primaryimage"},"image":{"@id":"https:\/\/thierryseguin.com\/fr\/blog\/2007\/08\/21\/vacances-suite-et-fin\/#primaryimage"},"thumbnailUrl":"http:\/\/bp1.blogger.com\/__MnoThhEels\/RstyKDOQtbI\/AAAAAAAAAG8\/RZiDrAMkvTY\/s400\/SEG_4011.jpg","datePublished":"2007-08-21T16:12:00+00:00","author":{"@id":"https:\/\/thierryseguin.com\/fr\/#\/schema\/person\/3ba0d9aacd1037d1a35f64b3bc81201a"},"breadcrumb":{"@id":"https:\/\/thierryseguin.com\/fr\/blog\/2007\/08\/21\/vacances-suite-et-fin\/#breadcrumb"},"inLanguage":"fr-FR","potentialAction":[{"@type":"ReadAction","target":["https:\/\/thierryseguin.com\/fr\/blog\/2007\/08\/21\/vacances-suite-et-fin\/"]}]},{"@type":"ImageObject","inLanguage":"fr-FR","@id":"https:\/\/thierryseguin.com\/fr\/blog\/2007\/08\/21\/vacances-suite-et-fin\/#primaryimage","url":"http:\/\/bp1.blogger.com\/__MnoThhEels\/RstyKDOQtbI\/AAAAAAAAAG8\/RZiDrAMkvTY\/s400\/SEG_4011.jpg","contentUrl":"http:\/\/bp1.blogger.com\/__MnoThhEels\/RstyKDOQtbI\/AAAAAAAAAG8\/RZiDrAMkvTY\/s400\/SEG_4011.jpg"},{"@type":"BreadcrumbList","@id":"https:\/\/thierryseguin.com\/fr\/blog\/2007\/08\/21\/vacances-suite-et-fin\/#breadcrumb","itemListElement":[{"@type":"ListItem","position":1,"name":"Accueil","item":"https:\/\/thierryseguin.com\/fr\/"},{"@type":"ListItem","position":2,"name":"Vacances, suite et fin &#8230;"}]},{"@type":"WebSite","@id":"https:\/\/thierryseguin.com\/fr\/#website","url":"https:\/\/thierryseguin.com\/fr\/","name":"Thierry Seguin Photographie","description":"Photographe de Portrait de Famille, Grossesse, B\u00e9b\u00e9s, Mariage","potentialAction":[{"@type":"SearchAction","target":{"@type":"EntryPoint","urlTemplate":"https:\/\/thierryseguin.com\/fr\/?s={search_term_string}"},"query-input":{"@type":"PropertyValueSpecification","valueRequired":true,"valueName":"search_term_string"}}],"inLanguage":"fr-FR"},{"@type":"Person","@id":"https:\/\/thierryseguin.com\/fr\/#\/schema\/person\/3ba0d9aacd1037d1a35f64b3bc81201a","name":"Thierry Seguin blogger","image":{"@type":"ImageObject","inLanguage":"fr-FR","@id":"https:\/\/secure.gravatar.com\/avatar\/?s=96&d=wavatar&r=g","url":"https:\/\/secure.gravatar.com\/avatar\/?s=96&d=wavatar&r=g","contentUrl":"https:\/\/secure.gravatar.com\/avatar\/?s=96&d=wavatar&r=g","caption":"Thierry Seguin blogger"}}]}},"_links":{"self":[{"href":"https:\/\/thierryseguin.com\/fr\/wp-json\/wp\/v2\/posts\/105","targetHints":{"allow":["GET"]}}],"collection":[{"href":"https:\/\/thierryseguin.com\/fr\/wp-json\/wp\/v2\/posts"}],"about":[{"href":"https:\/\/thierryseguin.com\/fr\/wp-json\/wp\/v2\/types\/post"}],"author":[{"embeddable":true,"href":"https:\/\/thierryseguin.com\/fr\/wp-json\/wp\/v2\/users\/2"}],"replies":[{"embeddable":true,"href":"https:\/\/thierryseguin.com\/fr\/wp-json\/wp\/v2\/comments?post=105"}],"version-history":[{"count":0,"href":"https:\/\/thierryseguin.com\/fr\/wp-json\/wp\/v2\/posts\/105\/revisions"}],"wp:attachment":[{"href":"https:\/\/thierryseguin.com\/fr\/wp-json\/wp\/v2\/media?parent=105"}],"wp:term":[{"taxonomy":"category","embeddable":true,"href":"https:\/\/thierryseguin.com\/fr\/wp-json\/wp\/v2\/categories?post=105"},{"taxonomy":"post_tag","embeddable":true,"href":"https:\/\/thierryseguin.com\/fr\/wp-json\/wp\/v2\/tags?post=105"}],"curies":[{"name":"wp","href":"https:\/\/api.w.org\/{rel}","templated":true}]}}