{"id":106,"date":"2007-08-13T09:28:00","date_gmt":"2007-08-13T09:28:00","guid":{"rendered":"http:\/\/www.thierryseguin.com\/blog\/2007\/08\/13\/uncategorized\/vacances-a-montpezat-alpes-de-haute-provence\/"},"modified":"2007-08-13T09:28:00","modified_gmt":"2007-08-13T09:28:00","slug":"vacances-a-montpezat-alpes-de-haute-provence","status":"publish","type":"post","link":"https:\/\/thierryseguin.com\/fr\/blog\/2007\/08\/13\/vacances-a-montpezat-alpes-de-haute-provence\/","title":{"rendered":"Vacances \u00e0 Montp\u00e9zat (Alpes de Haute Provence)"},"content":{"rendered":"<p><a href=\"http:\/\/bp3.blogger.com\/__MnoThhEels\/RsCHq6C29KI\/AAAAAAAAABE\/ygxyL_lbzQ4\/s1600-h\/SEG_3557.jpg\">Samedi 4\/08\/07<\/a><\/p>\n<div>\n<div>Ce samedi, nous sommes partis pour les 15 jours de cong\u00e9s que je me suis accord\u00e9 en<br \/>famille, en s\u00e9jour au VVF Vacances de Montp\u00e9zat, dans les Alpes de Haute-Provence.<\/div>\n<div><\/div>\n<div>Alors que ce samedi de grands chass\u00e9s-crois\u00e9s sur la route des vacances \u00e9tait class\u00e9<br \/>noir, nous avons quitt\u00e9 Viroflay \u00e0 12:10 et sommes arriv\u00e9s \u00e0 21:10 \u00e0 Montp\u00e9zat en<br \/>n&#8217;ayant \u00e9t\u00e9 bloqu\u00e9 ou ralenti par aucun bouchon !<\/div>\n<p><\/p>\n<div>Nous avions choisi l&#8217;itin\u00e9raire par les Alpes (Grenoble), malgr\u00e9 une centaine de<br \/>kilom\u00e8tres en N75. <\/div>\n<div>Un bouchon, il y en avait n\u00e9anmoins un, peu apr\u00e8s Serres, que nous avons<br \/>\u00e9vit\u00e9 en empruntant une petite d\u00e9partementale sur l&#8217;autre rive du Buech.<\/div>\n<p><\/p>\n<div>Nous avons ainsi rejoint Laragne-Mont\u00e9glin en 30 mn. Nous avons appris plus tard que ceux<br \/>qui sont rest\u00e9s sur la nationale ont mis 2 heures de plus&#8230; <\/div>\n<p><\/p>\n<div>La cause ? Un simple feu tricolore dans le petit village d&#8217;Eyguians, pas adapt\u00e9 au d\u00e9bit exceptionel de ce jour d&#8217;exception. <\/div>\n<p><\/p>\n<div>Le soir, dans la lumi\u00e8re du couchant, peu apr\u00e8s Sisteron, nous avons aper\u00e7u<br \/>Les Rochers des M\u00e9es au bord de la Durance :<\/div>\n<p><img decoding=\"async\" id=\"BLOGGER_PHOTO_ID_5098223949388903586\" style=\"DISPLAY: block; MARGIN: 0px auto 10px; CURSOR: hand; TEXT-ALIGN: center\" alt=\"\" src=\"http:\/\/bp3.blogger.com\/__MnoThhEels\/RsCHq6C29KI\/AAAAAAAAABE\/ygxyL_lbzQ4\/s400\/SEG_3557.jpg\" border=\"0\" \/><br \/>Dimanche 5\/08\/07<\/div>\n<p><\/p>\n<div>Tour \u00e0 Riez avec ma femme Anne-Marie et nos 2 filles Floriane (la grande) et Mathilde (la plus petite) \u00e0 l&#8217;occasion de la f\u00eate du bl\u00e9<a href=\"http:\/\/bp1.blogger.com\/__MnoThhEels\/RsCHraC29LI\/AAAAAAAAABM\/DRuyNTmr5C0\/s1600-h\/SEG_3563.jpg\"><img decoding=\"async\" id=\"BLOGGER_PHOTO_ID_5098223957978838194\" style=\"DISPLAY: block; MARGIN: 0px auto 10px; CURSOR: hand; TEXT-ALIGN: center\" alt=\"\" src=\"http:\/\/bp1.blogger.com\/__MnoThhEels\/RsCHraC29LI\/AAAAAAAAABM\/DRuyNTmr5C0\/s400\/SEG_3563.jpg\" border=\"0\" \/><\/a><br \/><a href=\"http:\/\/bp2.blogger.com\/__MnoThhEels\/RsCHrqC29MI\/AAAAAAAAABU\/g2dK5XvnwY0\/s1600-h\/SEG_3573.jpg\"><img decoding=\"async\" id=\"BLOGGER_PHOTO_ID_5098223962273805506\" style=\"DISPLAY: block; MARGIN: 0px auto 10px; CURSOR: hand; TEXT-ALIGN: center\" alt=\"\" src=\"http:\/\/bp2.blogger.com\/__MnoThhEels\/RsCHrqC29MI\/AAAAAAAAABU\/g2dK5XvnwY0\/s400\/SEG_3573.jpg\" border=\"0\" \/><\/a> Lundi 6\/08\/07<br \/>A l&#8217;occasion d&#8217;une randonn\u00e9e avec guide, nous retournons \u00e0 la d\u00e9couverte de Riez, et de son histoire romaine et moyenageuse.<br \/><a href=\"http:\/\/bp0.blogger.com\/__MnoThhEels\/RsCHsKC29NI\/AAAAAAAAABc\/_xSkEWRxsNU\/s1600-h\/SEG_3643.jpg\"><img decoding=\"async\" id=\"BLOGGER_PHOTO_ID_5098223970863740114\" style=\"DISPLAY: block; MARGIN: 0px auto 10px; CURSOR: hand; TEXT-ALIGN: center\" alt=\"\" src=\"http:\/\/bp0.blogger.com\/__MnoThhEels\/RsCHsKC29NI\/AAAAAAAAABc\/_xSkEWRxsNU\/s400\/SEG_3643.jpg\" border=\"0\" \/><\/a> Mardi 7\/08\/07<br \/>Le matin, randonn\u00e9e sur les cr\u00eates des Basses Gorges du Verdon, en aval du barrage de Sainte-Croix.<br \/>Du buis :<\/div>\n<p><\/p>\n<p><img decoding=\"async\" id=\"BLOGGER_PHOTO_ID_5098223979453674722\" style=\"DISPLAY: block; MARGIN: 0px auto 10px; CURSOR: hand; TEXT-ALIGN: center\" alt=\"\" src=\"http:\/\/bp2.blogger.com\/__MnoThhEels\/RsCHsqC29OI\/AAAAAAAAABk\/OZs4htw4Lqw\/s400\/SEG_3664.jpg\" border=\"0\" \/>Vue sur le village de Montpezat o\u00f9 nous s\u00e9journons.<br \/><img decoding=\"async\" id=\"BLOGGER_PHOTO_ID_5098224911461577986\" style=\"DISPLAY: block; MARGIN: 0px auto 10px; CURSOR: hand; TEXT-ALIGN: center\" alt=\"\" src=\"http:\/\/bp3.blogger.com\/__MnoThhEels\/RsCIi6C29QI\/AAAAAAAAAB0\/w4EiSmPHako\/s400\/SEG_3720+copier.jpg\" border=\"0\" \/><\/p>\n<p>Vue sur l&#8217;entr\u00e9e d&#8217;une grotte en partie immerg\u00e9e, que nous explorerons en kayak vendredi.<br \/><img decoding=\"async\" id=\"BLOGGER_PHOTO_ID_5098242821475202642\" style=\"DISPLAY: block; MARGIN: 0px auto 10px; CURSOR: hand; TEXT-ALIGN: center\" alt=\"\" src=\"http:\/\/bp1.blogger.com\/__MnoThhEels\/RsCY1aC29lI\/AAAAAAAAAEc\/wDIeKHNjd2U\/s400\/SEG_3707.jpg\" border=\"0\" \/> <\/p>\n<p>Mercredi 8\/08\/07<br \/>Nous partons voir des amis \u00e0 Menton. L&#8217;appareil photo a d\u00e9cid\u00e9 de prendre des vacances, et est rest\u00e9 \u00e0 la maison&#8230;<br \/>Trajet le matin sous la pluie, puis vers 14:00, le mistral d\u00e9gage le ciel. Nous mangeons en terrasse sur le bord de mer, nous baignons \u00e0 la plage, puis allons visiter le vieux Menton.<\/p>\n<p>Jeudi 9\/08\/07<br \/>Matin<br \/>Randonn\u00e9e au-dessus du lac d&#8217;Esparon sur Verdon<img decoding=\"async\" id=\"BLOGGER_PHOTO_ID_5098224924346479890\" style=\"DISPLAY: block; MARGIN: 0px auto 10px; CURSOR: hand; TEXT-ALIGN: center\" alt=\"\" src=\"http:\/\/bp2.blogger.com\/__MnoThhEels\/RsCIjqC29RI\/AAAAAAAAAB8\/JkvZWABsKyo\/s400\/SEG_3731.jpg\" border=\"0\" \/> Apr\u00e8s-midi<br \/>pique-nique et baignade dans le lac de Sainte-Croix, \u00e0 Bauduen.<\/p>\n<p><img decoding=\"async\" id=\"BLOGGER_PHOTO_ID_5098244135735195250\" style=\"DISPLAY: block; MARGIN: 0px auto 10px; CURSOR: hand; TEXT-ALIGN: center\" alt=\"\" src=\"http:\/\/bp3.blogger.com\/__MnoThhEels\/RsCaB6C29nI\/AAAAAAAAAEs\/uf1N3K7_pcs\/s400\/SEG_3770.jpg\" border=\"0\" \/><\/p>\n<div>Retour vers 16:00 \u00e0 Montpezat, sous un fort mistral. <\/div>\n<div>Un pyromane en a profit\u00e9 pour mettre le feu \u00e0 la for\u00eat pr\u00e8s de Gr\u00e9oux-les-bains.<\/div>\n<p><img decoding=\"async\" id=\"BLOGGER_PHOTO_ID_5098231014610105666\" style=\"DISPLAY: block; MARGIN: 0px auto 10px; CURSOR: hand; TEXT-ALIGN: center\" alt=\"\" src=\"http:\/\/bp0.blogger.com\/__MnoThhEels\/RsCOGKC29UI\/AAAAAAAAACU\/gFe1lduhg84\/s400\/SEG_3777.jpg\" border=\"0\" \/> Nous assistons jusqu&#8217;au soir au ballet d&#8217;un escadron de 8 Canadairs entre le lac de<br \/>Sainte-Croix, et le lieu de l&#8217;incendie. L&#8217;incendie a \u00e9t\u00e9 circonscrit avant la nuit.<\/p>\n<div><img decoding=\"async\" id=\"BLOGGER_PHOTO_ID_5098231018905072978\" style=\"DISPLAY: block; MARGIN: 0px auto 10px; CURSOR: hand; TEXT-ALIGN: center\" alt=\"\" src=\"http:\/\/bp1.blogger.com\/__MnoThhEels\/RsCOGaC29VI\/AAAAAAAAACc\/r3N9rdb6BeU\/s400\/SEG_3774grosplan.jpg\" border=\"0\" \/><\/div>\n<p><\/p>\n<p>Vendredi 10\/08\/07<\/p>\n<p><\/p>\n<p>L&#8217;apr\u00e8s-midi, nous louons un kayak bi-place \u00e0 Montpezat, et remontons le Verdon jusqu&#8217;\u00e0 la grotte en partie immerg\u00e9e.<img decoding=\"async\" id=\"BLOGGER_PHOTO_ID_5098231027495007586\" style=\"DISPLAY: block; MARGIN: 0px auto 10px; CURSOR: hand; TEXT-ALIGN: center\" alt=\"\" src=\"http:\/\/bp3.blogger.com\/__MnoThhEels\/RsCOG6C29WI\/AAAAAAAAACk\/MB52uockoss\/s400\/SEG_3780.jpg\" border=\"0\" \/><img decoding=\"async\" id=\"BLOGGER_PHOTO_ID_5098231031789974898\" style=\"DISPLAY: block; MARGIN: 0px auto 10px; CURSOR: hand; TEXT-ALIGN: center\" alt=\"\" src=\"http:\/\/bp0.blogger.com\/__MnoThhEels\/RsCOHKC29XI\/AAAAAAAAACs\/Jvv3YudsX5s\/s400\/SEG_3783.jpg\" border=\"0\" \/>Un puits de lumi\u00e8re fait p\u00e9n\u00e9trer un rayon de soleil, qui illume l&#8217;eau de la grotte<br \/>d&#8217;un beau vert jade.<img decoding=\"async\" id=\"BLOGGER_PHOTO_ID_5098231036084942210\" style=\"DISPLAY: block; MARGIN: 0px auto 10px; CURSOR: hand; TEXT-ALIGN: center\" alt=\"\" src=\"http:\/\/bp1.blogger.com\/__MnoThhEels\/RsCOHaC29YI\/AAAAAAAAAC0\/goBI2Ibd5pE\/s400\/SEG_3787.jpg\" border=\"0\" \/><\/p>\n<p><img decoding=\"async\" id=\"BLOGGER_PHOTO_ID_5098234317439956370\" style=\"DISPLAY: block; MARGIN: 0px auto 10px; CURSOR: hand; TEXT-ALIGN: center\" alt=\"\" src=\"http:\/\/bp1.blogger.com\/__MnoThhEels\/RsCRGaC29ZI\/AAAAAAAAAC8\/GMM7uw3pRvw\/s400\/SEG_3789.jpg\" border=\"0\" \/>Le soir, c&#8217;est le spectacle des enfants, suivi d&#8217;une soir\u00e9e dansante o\u00f9 nos filles<br \/>s&#8217;\u00e9clatent avec leurs copines.<img decoding=\"async\" id=\"BLOGGER_PHOTO_ID_5098234326029890978\" style=\"DISPLAY: block; MARGIN: 0px auto 10px; CURSOR: hand; TEXT-ALIGN: center\" alt=\"\" src=\"http:\/\/bp3.blogger.com\/__MnoThhEels\/RsCRG6C29aI\/AAAAAAAAADE\/CySrNc74Gvc\/s400\/SEG_3819.jpg\" border=\"0\" \/><img decoding=\"async\" id=\"BLOGGER_PHOTO_ID_5098234334619825586\" style=\"DISPLAY: block; MARGIN: 0px auto 10px; CURSOR: hand; TEXT-ALIGN: center\" alt=\"\" src=\"http:\/\/bp1.blogger.com\/__MnoThhEels\/RsCRHaC29bI\/AAAAAAAAADM\/CuP1Mr8_AYM\/s400\/SEG_3847.jpg\" border=\"0\" \/><img decoding=\"async\" id=\"BLOGGER_PHOTO_ID_5098234373274531266\" style=\"DISPLAY: block; MARGIN: 0px auto 10px; CURSOR: hand; TEXT-ALIGN: center\" alt=\"\" src=\"http:\/\/bp2.blogger.com\/__MnoThhEels\/RsCRJqC29cI\/AAAAAAAAADU\/Jnlq37O0X-Y\/s400\/SEG_3878.jpg\" border=\"0\" \/>Samedi 11\/08\/07<br \/>Nous rendons visite \u00e0 nos amis Annick et Christian en vill\u00e9g<br \/>\niature dans la crique du<br \/>pin de Galle au Pradet pr\u00e8s de Toulon.<br \/>Cette crique est un ensemble de petites maisons (initialement de simples cabanons de<br \/>p\u00eacheurs), et qui maintenant, avec la loi prot\u00e9geant le littoral, sont devenus des villas jouissant d&#8217;une situation tout \u00e0 fait exceptionnelle et recherch\u00e9e.<img decoding=\"async\" id=\"BLOGGER_PHOTO_ID_5098234381864465874\" style=\"DISPLAY: block; MARGIN: 0px auto 10px; CURSOR: hand; TEXT-ALIGN: center\" alt=\"\" src=\"http:\/\/bp0.blogger.com\/__MnoThhEels\/RsCRKKC29dI\/AAAAAAAAADc\/9nvLeDpvYKY\/s400\/SEG_3920.jpg\" border=\"0\" \/><\/p>\n<p align=\"center\"><a href=\"http:\/\/bp0.blogger.com\/__MnoThhEels\/RsCTHKC29eI\/AAAAAAAAADk\/S_wZVC0ZgwI\/s1600-h\/SEG_3928.jpg\"><img decoding=\"async\" id=\"BLOGGER_PHOTO_ID_5098236529348113890\" style=\"FLOAT: right; MARGIN: 0px 0px 10px 10px; CURSOR: hand\" alt=\"\" src=\"http:\/\/bp0.blogger.com\/__MnoThhEels\/RsCTHKC29eI\/AAAAAAAAADk\/S_wZVC0ZgwI\/s400\/SEG_3928.jpg\" border=\"0\" \/><\/a><\/p>\n<p>Christian nous a emmen\u00e9 en zodiac faire de la bou\u00e9e tract\u00e9e.<\/p>\n<p>Nos 2 filles, puis moi-m\u00eame en avons profit\u00e9, ce qui a fini par d\u00e9cider Anne-Marie \u00e0<br \/>en faire de m\u00eame.<img decoding=\"async\" id=\"BLOGGER_PHOTO_ID_5098246287513810562\" style=\"DISPLAY: block; MARGIN: 0px auto 10px; CURSOR: hand; TEXT-ALIGN: center\" alt=\"\" src=\"http:\/\/bp0.blogger.com\/__MnoThhEels\/RsCb_KC29oI\/AAAAAAAAAE0\/MBcxzI4j1T8\/s400\/SEG_3935.jpg\" border=\"0\" \/> Trop bon !<a href=\"http:\/\/bp1.blogger.com\/__MnoThhEels\/RsCTHaC29gI\/AAAAAAAAAD0\/bM7_Kz2G8m0\/s1600-h\/SEG_3938.jpg\"><img decoding=\"async\" id=\"BLOGGER_PHOTO_ID_5098236533643081218\" style=\"FLOAT: right; MARGIN: 0px 0px 10px 10px; CURSOR: hand\" alt=\"\" src=\"http:\/\/bp1.blogger.com\/__MnoThhEels\/RsCTHaC29gI\/AAAAAAAAAD0\/bM7_Kz2G8m0\/s400\/SEG_3938.jpg\" border=\"0\" \/><\/a><\/p>\n<p>Floriane et Mathilde en redemandent; elles montent \u00e0 2 cette fois!<br \/><img decoding=\"async\" id=\"BLOGGER_PHOTO_ID_5098246996183414418\" style=\"DISPLAY: block; MARGIN: 0px auto 10px; CURSOR: hand; TEXT-ALIGN: center\" alt=\"\" src=\"http:\/\/bp1.blogger.com\/__MnoThhEels\/RsCcoaC29pI\/AAAAAAAAAE8\/gfjEEtL4b_U\/s400\/SEG_3943.jpg\" border=\"0\" \/> Nous rentrons de nuit, capote du cabriolet ouverte, \u00e0 la chasse aux \u00e9toiles filantes de l&#8217;essaim des Pers\u00e9\u00efdes !<\/p>\n<p>Dimanche 12\/08\/2007<br \/>Nos filles font connaissance avec les nouveaux arrivants.<br \/>Nous partons en amoureux visiter le village d&#8217;Esparon sur Verdon, et faisont la connaissance d&#8217;une artiste multiple, <a href=\"http:\/\/www.poesie-francaise-francophone.com\/reva_remy.htm\">po\u00ebtesse<\/a>, peintre et graveuse : R\u00e9va R\u00e9my, qui expose cette semaine.<br \/>Nous craquons et achetons l&#8217;une de ses <a href=\"http:\/\/perso.orange.fr\/remi.rombaut\/Flash\/index.html\">derni\u00e8res oeuvres<\/a>.<\/p>\n<p>Au retour,<br \/>nous nous photographions dans notre voiture d&#8217;\u00e9t\u00e9 achet\u00e9e le mois dernier : une Renault M\u00e9gane Coup\u00e9 Cabriolet<br \/><a href=\"http:\/\/bp0.blogger.com\/__MnoThhEels\/RsCTJKC29iI\/AAAAAAAAAEE\/zus2aRueC74\/s1600-h\/SEG_3972.jpg\"><img decoding=\"async\" id=\"BLOGGER_PHOTO_ID_5098236563707852322\" style=\"FLOAT: right; MARGIN: 0px 0px 10px 10px; CURSOR: hand\" alt=\"\" src=\"http:\/\/bp0.blogger.com\/__MnoThhEels\/RsCTJKC29iI\/AAAAAAAAAEE\/zus2aRueC74\/s400\/SEG_3972.jpg\" border=\"0\" \/><\/a><a href=\"http:\/\/bp2.blogger.com\/__MnoThhEels\/RsCWiqC29jI\/AAAAAAAAAEM\/td1xgFYvqgA\/s1600-h\/SEG_3977.jpg\"><img decoding=\"async\" id=\"BLOGGER_PHOTO_ID_5098240300329399858\" style=\"FLOAT: right; MARGIN: 0px 0px 10px 10px; CURSOR: hand\" alt=\"\" src=\"http:\/\/bp2.blogger.com\/__MnoThhEels\/RsCWiqC29jI\/AAAAAAAAAEM\/td1xgFYvqgA\/s400\/SEG_3977.jpg\" border=\"0\" \/><\/a><a href=\"http:\/\/bp0.blogger.com\/__MnoThhEels\/RsCWjKC29kI\/AAAAAAAAAEU\/PEtPAOM-5FI\/s1600-h\/SEG_3980.jpg\"><img decoding=\"async\" id=\"BLOGGER_PHOTO_ID_5098240308919334466\" style=\"FLOAT: right; MARGIN: 0px 0px 10px 10px; CURSOR: hand\" alt=\"\" src=\"http:\/\/bp0.blogger.com\/__MnoThhEels\/RsCWjKC29kI\/AAAAAAAAAEU\/PEtPAOM-5FI\/s400\/SEG_3980.jpg\" border=\"0\" \/><\/a><br \/>La semaine prochaine, nous pr\u00e9voyons d&#8217;aller passer le 15 ao\u00fbt aux rencontres photographiques d&#8217;Arles.<\/p>\n<p>Si vous y \u00eates pass\u00e9s, n&#8217;h\u00e9sitez pas \u00e0 nous faire part des expositions qui vous ont plu ou d\u00e9plu.<\/p>\n<p>A bient\u00f4t !<\/p>\n","protected":false},"excerpt":{"rendered":"<p>Samedi 4\/08\/07 Ce samedi, nous sommes partis pour les 15 jours de cong\u00e9s que je me suis accord\u00e9 enfamille, en s\u00e9jour au VVF Vacances de Montp\u00e9zat, dans les Alpes de Haute-Provence. Alors que ce samedi de grands chass\u00e9s-crois\u00e9s sur la route des vacances \u00e9tait class\u00e9noir, nous avons quitt\u00e9 Viroflay \u00e0 12:10 et sommes arriv\u00e9s \u00e0...<\/p>\n","protected":false},"author":2,"featured_media":0,"comment_status":"open","ping_status":"open","sticky":false,"template":"","format":"standard","meta":{"pp_embeds":"","footnotes":""},"categories":[1],"tags":[],"class_list":["post-106","post","type-post","status-publish","format-standard","hentry","category-non-classe"],"yoast_head":"<!-- This site is optimized with the Yoast SEO plugin v27.4 - https:\/\/yoast.com\/product\/yoast-seo-wordpress\/ -->\n<title>Vacances \u00e0 Montp\u00e9zat (Alpes de Haute Provence) -<\/title>\n<meta name=\"robots\" content=\"index, follow, max-snippet:-1, max-image-preview:large, max-video-preview:-1\" \/>\n<link rel=\"canonical\" href=\"https:\/\/thierryseguin.com\/fr\/blog\/2007\/08\/13\/vacances-a-montpezat-alpes-de-haute-provence\/\" \/>\n<meta property=\"og:locale\" content=\"fr_FR\" \/>\n<meta property=\"og:type\" content=\"article\" \/>\n<meta property=\"og:title\" content=\"Vacances \u00e0 Montp\u00e9zat (Alpes de Haute Provence) -\" \/>\n<meta property=\"og:description\" content=\"Samedi 4\/08\/07 Ce samedi, nous sommes partis pour les 15 jours de cong\u00e9s que je me suis accord\u00e9 enfamille, en s\u00e9jour au VVF Vacances de Montp\u00e9zat, dans les Alpes de Haute-Provence. Alors que ce samedi de grands chass\u00e9s-crois\u00e9s sur la route des vacances \u00e9tait class\u00e9noir, nous avons quitt\u00e9 Viroflay \u00e0 12:10 et sommes arriv\u00e9s \u00e0 [&hellip;]\" \/>\n<meta property=\"og:url\" content=\"https:\/\/thierryseguin.com\/fr\/blog\/2007\/08\/13\/vacances-a-montpezat-alpes-de-haute-provence\/\" \/>\n<meta property=\"og:site_name\" content=\"Thierry Seguin Photographie\" \/>\n<meta property=\"article:publisher\" content=\"https:\/\/www.facebook.com\/ThierrySeguinPhotographie\" \/>\n<meta property=\"article:published_time\" content=\"2007-08-13T09:28:00+00:00\" \/>\n<meta property=\"og:image\" content=\"http:\/\/bp3.blogger.com\/__MnoThhEels\/RsCHq6C29KI\/AAAAAAAAABE\/ygxyL_lbzQ4\/s400\/SEG_3557.jpg\" \/>\n<meta name=\"author\" content=\"Thierry Seguin blogger\" \/>\n<meta name=\"twitter:card\" content=\"summary_large_image\" \/>\n<meta name=\"twitter:creator\" content=\"@thierry_seguin\" \/>\n<meta name=\"twitter:site\" content=\"@thierry_seguin\" \/>\n<meta name=\"twitter:label1\" content=\"\u00c9crit par\" \/>\n\t<meta name=\"twitter:data1\" content=\"Thierry Seguin blogger\" \/>\n\t<meta name=\"twitter:label2\" content=\"Dur\u00e9e de lecture estim\u00e9e\" \/>\n\t<meta name=\"twitter:data2\" content=\"3 minutes\" \/>\n<script type=\"application\/ld+json\" class=\"yoast-schema-graph\">{\"@context\":\"https:\\\/\\\/schema.org\",\"@graph\":[{\"@type\":\"Article\",\"@id\":\"https:\\\/\\\/thierryseguin.com\\\/fr\\\/blog\\\/2007\\\/08\\\/13\\\/vacances-a-montpezat-alpes-de-haute-provence\\\/#article\",\"isPartOf\":{\"@id\":\"https:\\\/\\\/thierryseguin.com\\\/fr\\\/blog\\\/2007\\\/08\\\/13\\\/vacances-a-montpezat-alpes-de-haute-provence\\\/\"},\"author\":{\"name\":\"Thierry Seguin blogger\",\"@id\":\"https:\\\/\\\/thierryseguin.com\\\/fr\\\/#\\\/schema\\\/person\\\/3ba0d9aacd1037d1a35f64b3bc81201a\"},\"headline\":\"Vacances \u00e0 Montp\u00e9zat (Alpes de Haute Provence)\",\"datePublished\":\"2007-08-13T09:28:00+00:00\",\"mainEntityOfPage\":{\"@id\":\"https:\\\/\\\/thierryseguin.com\\\/fr\\\/blog\\\/2007\\\/08\\\/13\\\/vacances-a-montpezat-alpes-de-haute-provence\\\/\"},\"wordCount\":703,\"commentCount\":1,\"image\":{\"@id\":\"https:\\\/\\\/thierryseguin.com\\\/fr\\\/blog\\\/2007\\\/08\\\/13\\\/vacances-a-montpezat-alpes-de-haute-provence\\\/#primaryimage\"},\"thumbnailUrl\":\"http:\\\/\\\/bp3.blogger.com\\\/__MnoThhEels\\\/RsCHq6C29KI\\\/AAAAAAAAABE\\\/ygxyL_lbzQ4\\\/s400\\\/SEG_3557.jpg\",\"inLanguage\":\"fr-FR\",\"potentialAction\":[{\"@type\":\"CommentAction\",\"name\":\"Comment\",\"target\":[\"https:\\\/\\\/thierryseguin.com\\\/fr\\\/blog\\\/2007\\\/08\\\/13\\\/vacances-a-montpezat-alpes-de-haute-provence\\\/#respond\"]}]},{\"@type\":\"WebPage\",\"@id\":\"https:\\\/\\\/thierryseguin.com\\\/fr\\\/blog\\\/2007\\\/08\\\/13\\\/vacances-a-montpezat-alpes-de-haute-provence\\\/\",\"url\":\"https:\\\/\\\/thierryseguin.com\\\/fr\\\/blog\\\/2007\\\/08\\\/13\\\/vacances-a-montpezat-alpes-de-haute-provence\\\/\",\"name\":\"Vacances \u00e0 Montp\u00e9zat (Alpes de Haute Provence) -\",\"isPartOf\":{\"@id\":\"https:\\\/\\\/thierryseguin.com\\\/fr\\\/#website\"},\"primaryImageOfPage\":{\"@id\":\"https:\\\/\\\/thierryseguin.com\\\/fr\\\/blog\\\/2007\\\/08\\\/13\\\/vacances-a-montpezat-alpes-de-haute-provence\\\/#primaryimage\"},\"image\":{\"@id\":\"https:\\\/\\\/thierryseguin.com\\\/fr\\\/blog\\\/2007\\\/08\\\/13\\\/vacances-a-montpezat-alpes-de-haute-provence\\\/#primaryimage\"},\"thumbnailUrl\":\"http:\\\/\\\/bp3.blogger.com\\\/__MnoThhEels\\\/RsCHq6C29KI\\\/AAAAAAAAABE\\\/ygxyL_lbzQ4\\\/s400\\\/SEG_3557.jpg\",\"datePublished\":\"2007-08-13T09:28:00+00:00\",\"author\":{\"@id\":\"https:\\\/\\\/thierryseguin.com\\\/fr\\\/#\\\/schema\\\/person\\\/3ba0d9aacd1037d1a35f64b3bc81201a\"},\"breadcrumb\":{\"@id\":\"https:\\\/\\\/thierryseguin.com\\\/fr\\\/blog\\\/2007\\\/08\\\/13\\\/vacances-a-montpezat-alpes-de-haute-provence\\\/#breadcrumb\"},\"inLanguage\":\"fr-FR\",\"potentialAction\":[{\"@type\":\"ReadAction\",\"target\":[\"https:\\\/\\\/thierryseguin.com\\\/fr\\\/blog\\\/2007\\\/08\\\/13\\\/vacances-a-montpezat-alpes-de-haute-provence\\\/\"]}]},{\"@type\":\"ImageObject\",\"inLanguage\":\"fr-FR\",\"@id\":\"https:\\\/\\\/thierryseguin.com\\\/fr\\\/blog\\\/2007\\\/08\\\/13\\\/vacances-a-montpezat-alpes-de-haute-provence\\\/#primaryimage\",\"url\":\"http:\\\/\\\/bp3.blogger.com\\\/__MnoThhEels\\\/RsCHq6C29KI\\\/AAAAAAAAABE\\\/ygxyL_lbzQ4\\\/s400\\\/SEG_3557.jpg\",\"contentUrl\":\"http:\\\/\\\/bp3.blogger.com\\\/__MnoThhEels\\\/RsCHq6C29KI\\\/AAAAAAAAABE\\\/ygxyL_lbzQ4\\\/s400\\\/SEG_3557.jpg\"},{\"@type\":\"BreadcrumbList\",\"@id\":\"https:\\\/\\\/thierryseguin.com\\\/fr\\\/blog\\\/2007\\\/08\\\/13\\\/vacances-a-montpezat-alpes-de-haute-provence\\\/#breadcrumb\",\"itemListElement\":[{\"@type\":\"ListItem\",\"position\":1,\"name\":\"Accueil\",\"item\":\"https:\\\/\\\/thierryseguin.com\\\/fr\\\/\"},{\"@type\":\"ListItem\",\"position\":2,\"name\":\"Vacances \u00e0 Montp\u00e9zat (Alpes de Haute Provence)\"}]},{\"@type\":\"WebSite\",\"@id\":\"https:\\\/\\\/thierryseguin.com\\\/fr\\\/#website\",\"url\":\"https:\\\/\\\/thierryseguin.com\\\/fr\\\/\",\"name\":\"Thierry Seguin Photographie\",\"description\":\"Photographe de Portrait de Famille, Grossesse, B\u00e9b\u00e9s, Mariage\",\"potentialAction\":[{\"@type\":\"SearchAction\",\"target\":{\"@type\":\"EntryPoint\",\"urlTemplate\":\"https:\\\/\\\/thierryseguin.com\\\/fr\\\/?s={search_term_string}\"},\"query-input\":{\"@type\":\"PropertyValueSpecification\",\"valueRequired\":true,\"valueName\":\"search_term_string\"}}],\"inLanguage\":\"fr-FR\"},{\"@type\":\"Person\",\"@id\":\"https:\\\/\\\/thierryseguin.com\\\/fr\\\/#\\\/schema\\\/person\\\/3ba0d9aacd1037d1a35f64b3bc81201a\",\"name\":\"Thierry Seguin blogger\",\"image\":{\"@type\":\"ImageObject\",\"inLanguage\":\"fr-FR\",\"@id\":\"https:\\\/\\\/secure.gravatar.com\\\/avatar\\\/?s=96&d=wavatar&r=g\",\"url\":\"https:\\\/\\\/secure.gravatar.com\\\/avatar\\\/?s=96&d=wavatar&r=g\",\"contentUrl\":\"https:\\\/\\\/secure.gravatar.com\\\/avatar\\\/?s=96&d=wavatar&r=g\",\"caption\":\"Thierry Seguin blogger\"}}]}<\/script>\n<!-- \/ Yoast SEO plugin. -->","yoast_head_json":{"title":"Vacances \u00e0 Montp\u00e9zat (Alpes de Haute Provence) -","robots":{"index":"index","follow":"follow","max-snippet":"max-snippet:-1","max-image-preview":"max-image-preview:large","max-video-preview":"max-video-preview:-1"},"canonical":"https:\/\/thierryseguin.com\/fr\/blog\/2007\/08\/13\/vacances-a-montpezat-alpes-de-haute-provence\/","og_locale":"fr_FR","og_type":"article","og_title":"Vacances \u00e0 Montp\u00e9zat (Alpes de Haute Provence) -","og_description":"Samedi 4\/08\/07 Ce samedi, nous sommes partis pour les 15 jours de cong\u00e9s que je me suis accord\u00e9 enfamille, en s\u00e9jour au VVF Vacances de Montp\u00e9zat, dans les Alpes de Haute-Provence. Alors que ce samedi de grands chass\u00e9s-crois\u00e9s sur la route des vacances \u00e9tait class\u00e9noir, nous avons quitt\u00e9 Viroflay \u00e0 12:10 et sommes arriv\u00e9s \u00e0 [&hellip;]","og_url":"https:\/\/thierryseguin.com\/fr\/blog\/2007\/08\/13\/vacances-a-montpezat-alpes-de-haute-provence\/","og_site_name":"Thierry Seguin Photographie","article_publisher":"https:\/\/www.facebook.com\/ThierrySeguinPhotographie","article_published_time":"2007-08-13T09:28:00+00:00","og_image":[{"url":"http:\/\/bp3.blogger.com\/__MnoThhEels\/RsCHq6C29KI\/AAAAAAAAABE\/ygxyL_lbzQ4\/s400\/SEG_3557.jpg","type":"","width":"","height":""}],"author":"Thierry Seguin blogger","twitter_card":"summary_large_image","twitter_creator":"@thierry_seguin","twitter_site":"@thierry_seguin","twitter_misc":{"\u00c9crit par":"Thierry Seguin blogger","Dur\u00e9e de lecture estim\u00e9e":"3 minutes"},"schema":{"@context":"https:\/\/schema.org","@graph":[{"@type":"Article","@id":"https:\/\/thierryseguin.com\/fr\/blog\/2007\/08\/13\/vacances-a-montpezat-alpes-de-haute-provence\/#article","isPartOf":{"@id":"https:\/\/thierryseguin.com\/fr\/blog\/2007\/08\/13\/vacances-a-montpezat-alpes-de-haute-provence\/"},"author":{"name":"Thierry Seguin blogger","@id":"https:\/\/thierryseguin.com\/fr\/#\/schema\/person\/3ba0d9aacd1037d1a35f64b3bc81201a"},"headline":"Vacances \u00e0 Montp\u00e9zat (Alpes de Haute Provence)","datePublished":"2007-08-13T09:28:00+00:00","mainEntityOfPage":{"@id":"https:\/\/thierryseguin.com\/fr\/blog\/2007\/08\/13\/vacances-a-montpezat-alpes-de-haute-provence\/"},"wordCount":703,"commentCount":1,"image":{"@id":"https:\/\/thierryseguin.com\/fr\/blog\/2007\/08\/13\/vacances-a-montpezat-alpes-de-haute-provence\/#primaryimage"},"thumbnailUrl":"http:\/\/bp3.blogger.com\/__MnoThhEels\/RsCHq6C29KI\/AAAAAAAAABE\/ygxyL_lbzQ4\/s400\/SEG_3557.jpg","inLanguage":"fr-FR","potentialAction":[{"@type":"CommentAction","name":"Comment","target":["https:\/\/thierryseguin.com\/fr\/blog\/2007\/08\/13\/vacances-a-montpezat-alpes-de-haute-provence\/#respond"]}]},{"@type":"WebPage","@id":"https:\/\/thierryseguin.com\/fr\/blog\/2007\/08\/13\/vacances-a-montpezat-alpes-de-haute-provence\/","url":"https:\/\/thierryseguin.com\/fr\/blog\/2007\/08\/13\/vacances-a-montpezat-alpes-de-haute-provence\/","name":"Vacances \u00e0 Montp\u00e9zat (Alpes de Haute Provence) -","isPartOf":{"@id":"https:\/\/thierryseguin.com\/fr\/#website"},"primaryImageOfPage":{"@id":"https:\/\/thierryseguin.com\/fr\/blog\/2007\/08\/13\/vacances-a-montpezat-alpes-de-haute-provence\/#primaryimage"},"image":{"@id":"https:\/\/thierryseguin.com\/fr\/blog\/2007\/08\/13\/vacances-a-montpezat-alpes-de-haute-provence\/#primaryimage"},"thumbnailUrl":"http:\/\/bp3.blogger.com\/__MnoThhEels\/RsCHq6C29KI\/AAAAAAAAABE\/ygxyL_lbzQ4\/s400\/SEG_3557.jpg","datePublished":"2007-08-13T09:28:00+00:00","author":{"@id":"https:\/\/thierryseguin.com\/fr\/#\/schema\/person\/3ba0d9aacd1037d1a35f64b3bc81201a"},"breadcrumb":{"@id":"https:\/\/thierryseguin.com\/fr\/blog\/2007\/08\/13\/vacances-a-montpezat-alpes-de-haute-provence\/#breadcrumb"},"inLanguage":"fr-FR","potentialAction":[{"@type":"ReadAction","target":["https:\/\/thierryseguin.com\/fr\/blog\/2007\/08\/13\/vacances-a-montpezat-alpes-de-haute-provence\/"]}]},{"@type":"ImageObject","inLanguage":"fr-FR","@id":"https:\/\/thierryseguin.com\/fr\/blog\/2007\/08\/13\/vacances-a-montpezat-alpes-de-haute-provence\/#primaryimage","url":"http:\/\/bp3.blogger.com\/__MnoThhEels\/RsCHq6C29KI\/AAAAAAAAABE\/ygxyL_lbzQ4\/s400\/SEG_3557.jpg","contentUrl":"http:\/\/bp3.blogger.com\/__MnoThhEels\/RsCHq6C29KI\/AAAAAAAAABE\/ygxyL_lbzQ4\/s400\/SEG_3557.jpg"},{"@type":"BreadcrumbList","@id":"https:\/\/thierryseguin.com\/fr\/blog\/2007\/08\/13\/vacances-a-montpezat-alpes-de-haute-provence\/#breadcrumb","itemListElement":[{"@type":"ListItem","position":1,"name":"Accueil","item":"https:\/\/thierryseguin.com\/fr\/"},{"@type":"ListItem","position":2,"name":"Vacances \u00e0 Montp\u00e9zat (Alpes de Haute Provence)"}]},{"@type":"WebSite","@id":"https:\/\/thierryseguin.com\/fr\/#website","url":"https:\/\/thierryseguin.com\/fr\/","name":"Thierry Seguin Photographie","description":"Photographe de Portrait de Famille, Grossesse, B\u00e9b\u00e9s, Mariage","potentialAction":[{"@type":"SearchAction","target":{"@type":"EntryPoint","urlTemplate":"https:\/\/thierryseguin.com\/fr\/?s={search_term_string}"},"query-input":{"@type":"PropertyValueSpecification","valueRequired":true,"valueName":"search_term_string"}}],"inLanguage":"fr-FR"},{"@type":"Person","@id":"https:\/\/thierryseguin.com\/fr\/#\/schema\/person\/3ba0d9aacd1037d1a35f64b3bc81201a","name":"Thierry Seguin blogger","image":{"@type":"ImageObject","inLanguage":"fr-FR","@id":"https:\/\/secure.gravatar.com\/avatar\/?s=96&d=wavatar&r=g","url":"https:\/\/secure.gravatar.com\/avatar\/?s=96&d=wavatar&r=g","contentUrl":"https:\/\/secure.gravatar.com\/avatar\/?s=96&d=wavatar&r=g","caption":"Thierry Seguin blogger"}}]}},"_links":{"self":[{"href":"https:\/\/thierryseguin.com\/fr\/wp-json\/wp\/v2\/posts\/106","targetHints":{"allow":["GET"]}}],"collection":[{"href":"https:\/\/thierryseguin.com\/fr\/wp-json\/wp\/v2\/posts"}],"about":[{"href":"https:\/\/thierryseguin.com\/fr\/wp-json\/wp\/v2\/types\/post"}],"author":[{"embeddable":true,"href":"https:\/\/thierryseguin.com\/fr\/wp-json\/wp\/v2\/users\/2"}],"replies":[{"embeddable":true,"href":"https:\/\/thierryseguin.com\/fr\/wp-json\/wp\/v2\/comments?post=106"}],"version-history":[{"count":0,"href":"https:\/\/thierryseguin.com\/fr\/wp-json\/wp\/v2\/posts\/106\/revisions"}],"wp:attachment":[{"href":"https:\/\/thierryseguin.com\/fr\/wp-json\/wp\/v2\/media?parent=106"}],"wp:term":[{"taxonomy":"category","embeddable":true,"href":"https:\/\/thierryseguin.com\/fr\/wp-json\/wp\/v2\/categories?post=106"},{"taxonomy":"post_tag","embeddable":true,"href":"https:\/\/thierryseguin.com\/fr\/wp-json\/wp\/v2\/tags?post=106"}],"curies":[{"name":"wp","href":"https:\/\/api.w.org\/{rel}","templated":true}]}}