{"id":107,"date":"2007-07-30T14:59:00","date_gmt":"2007-07-30T13:59:00","guid":{"rendered":"http:\/\/www.thierryseguin.com\/blog\/2007\/07\/30\/uncategorized\/photographies-du-mariage-dana-et-philippe-le-28-juillet-2007\/"},"modified":"2012-01-10T01:08:55","modified_gmt":"2012-01-10T00:08:55","slug":"photographies-du-mariage-dana-et-philippe-le-28-juillet-2007","status":"publish","type":"post","link":"https:\/\/thierryseguin.com\/fr\/blog\/2007\/07\/30\/photographies-du-mariage-dana-et-philippe-le-28-juillet-2007\/","title":{"rendered":"Photographies du Mariage d&#8217;Ana et Philippe  le 28 juillet 2007"},"content":{"rendered":"<p><a href=\"http:\/\/www.thierryseguin.com\/diaporamas\/AnaPhil\/\"><img decoding=\"async\" id=\"BLOGGER_PHOTO_ID_5093113973393781906\" style=\"margin: 0px auto 10px; display: block; text-align: center;\" alt=\"\" src=\"http:\/\/bp2.blogger.com\/__MnoThhEels\/Rq5gLKC29JI\/AAAAAAAAAA8\/FDzMeq9wu5E\/s400\/Ana+et+Philippe.jpg\" border=\"0\" \/><\/a> Ce 28 juillet 2007, j&#8217;ai couvert le mariage d&#8217;un couple adorable : Ana et Philippe<\/p>\n<p>Ils se sont mari\u00e9s en l&#8217;\u00e9glise Saint Ambroise \u00e0 Paris 11\u00b0, puis ont re\u00e7u leurs invit\u00e9s au magnifique <a href=\"http:\/\/www.blogger.com\/http;\/\/www.chateau-de-santeny.com\">Ch\u00e2teau de Santeny<\/a> tenu par M. Sylvain BOURGUIGNON.<\/p>\n<p>Je ne r\u00e9siste pas au plaisir de vous faire partager le <a href=\"http:\/\/www.thierryseguin.com\/diaporamas\/AnaPhil\/\">diaporama de leur mariage<\/a> en cliquant sur leur photo.<\/p>\n","protected":false},"excerpt":{"rendered":"<p>Ce 28 juillet 2007, j&#8217;ai couvert le mariage d&#8217;un couple adorable : Ana et Philippe Ils se sont mari\u00e9s en l&#8217;\u00e9glise Saint Ambroise \u00e0 Paris 11\u00b0, puis ont re\u00e7u leurs invit\u00e9s au magnifique Ch\u00e2teau de Santeny tenu par M. Sylvain BOURGUIGNON. Je ne r\u00e9siste pas au plaisir de vous faire partager le diaporama de leur...<\/p>\n","protected":false},"author":2,"featured_media":0,"comment_status":"open","ping_status":"open","sticky":false,"template":"","format":"standard","meta":{"pp_embeds":"","footnotes":""},"categories":[1],"tags":[325,330,176,328,329,326],"class_list":["post-107","post","type-post","status-publish","format-standard","hentry","category-non-classe","tag-photographe-mariage-chateau-de-santeny","tag-photographe-mariage-eglise-saint-ambroise-paris","tag-photographe-mariage-paris-11","tag-photographe-mariage-portrait-paris","tag-photographe-mariage-saint-maur-des-fosses","tag-photographe-mariage-val-de-marne-94"],"yoast_head":"<!-- This site is optimized with the Yoast SEO plugin v27.4 - https:\/\/yoast.com\/product\/yoast-seo-wordpress\/ -->\n<title>Photographies du Mariage d&#039;Ana et Philippe le 28 juillet 2007 -<\/title>\n<meta name=\"robots\" content=\"index, follow, max-snippet:-1, max-image-preview:large, max-video-preview:-1\" \/>\n<link rel=\"canonical\" href=\"https:\/\/thierryseguin.com\/fr\/blog\/2007\/07\/30\/photographies-du-mariage-dana-et-philippe-le-28-juillet-2007\/\" \/>\n<meta property=\"og:locale\" content=\"fr_FR\" \/>\n<meta property=\"og:type\" content=\"article\" \/>\n<meta property=\"og:title\" content=\"Photographies du Mariage d&#039;Ana et Philippe le 28 juillet 2007 -\" \/>\n<meta property=\"og:description\" content=\"Ce 28 juillet 2007, j&#8217;ai couvert le mariage d&#8217;un couple adorable : Ana et Philippe Ils se sont mari\u00e9s en l&#8217;\u00e9glise Saint Ambroise \u00e0 Paris 11\u00b0, puis ont re\u00e7u leurs invit\u00e9s au magnifique Ch\u00e2teau de Santeny tenu par M. Sylvain BOURGUIGNON. Je ne r\u00e9siste pas au plaisir de vous faire partager le diaporama de leur [&hellip;]\" \/>\n<meta property=\"og:url\" content=\"https:\/\/thierryseguin.com\/fr\/blog\/2007\/07\/30\/photographies-du-mariage-dana-et-philippe-le-28-juillet-2007\/\" \/>\n<meta property=\"og:site_name\" content=\"Thierry Seguin Photographie\" \/>\n<meta property=\"article:publisher\" content=\"https:\/\/www.facebook.com\/ThierrySeguinPhotographie\" \/>\n<meta property=\"article:published_time\" content=\"2007-07-30T13:59:00+00:00\" \/>\n<meta property=\"article:modified_time\" content=\"2012-01-10T00:08:55+00:00\" \/>\n<meta property=\"og:image\" content=\"http:\/\/bp2.blogger.com\/__MnoThhEels\/Rq5gLKC29JI\/AAAAAAAAAA8\/FDzMeq9wu5E\/s400\/Ana+et+Philippe.jpg\" \/>\n<meta name=\"author\" content=\"Thierry Seguin blogger\" \/>\n<meta name=\"twitter:card\" content=\"summary_large_image\" \/>\n<meta name=\"twitter:creator\" content=\"@thierry_seguin\" \/>\n<meta name=\"twitter:site\" content=\"@thierry_seguin\" \/>\n<meta name=\"twitter:label1\" content=\"\u00c9crit par\" \/>\n\t<meta name=\"twitter:data1\" content=\"Thierry Seguin blogger\" \/>\n<script type=\"application\/ld+json\" class=\"yoast-schema-graph\">{\"@context\":\"https:\\\/\\\/schema.org\",\"@graph\":[{\"@type\":\"Article\",\"@id\":\"https:\\\/\\\/thierryseguin.com\\\/fr\\\/blog\\\/2007\\\/07\\\/30\\\/photographies-du-mariage-dana-et-philippe-le-28-juillet-2007\\\/#article\",\"isPartOf\":{\"@id\":\"https:\\\/\\\/thierryseguin.com\\\/fr\\\/blog\\\/2007\\\/07\\\/30\\\/photographies-du-mariage-dana-et-philippe-le-28-juillet-2007\\\/\"},\"author\":{\"name\":\"Thierry Seguin blogger\",\"@id\":\"https:\\\/\\\/thierryseguin.com\\\/fr\\\/#\\\/schema\\\/person\\\/3ba0d9aacd1037d1a35f64b3bc81201a\"},\"headline\":\"Photographies du Mariage d&#8217;Ana et Philippe le 28 juillet 2007\",\"datePublished\":\"2007-07-30T13:59:00+00:00\",\"dateModified\":\"2012-01-10T00:08:55+00:00\",\"mainEntityOfPage\":{\"@id\":\"https:\\\/\\\/thierryseguin.com\\\/fr\\\/blog\\\/2007\\\/07\\\/30\\\/photographies-du-mariage-dana-et-philippe-le-28-juillet-2007\\\/\"},\"wordCount\":70,\"commentCount\":3,\"image\":{\"@id\":\"https:\\\/\\\/thierryseguin.com\\\/fr\\\/blog\\\/2007\\\/07\\\/30\\\/photographies-du-mariage-dana-et-philippe-le-28-juillet-2007\\\/#primaryimage\"},\"thumbnailUrl\":\"http:\\\/\\\/bp2.blogger.com\\\/__MnoThhEels\\\/Rq5gLKC29JI\\\/AAAAAAAAAA8\\\/FDzMeq9wu5E\\\/s400\\\/Ana+et+Philippe.jpg\",\"keywords\":[\"photographe mariage chateau de Santeny\",\"photographe mariage Eglise Saint-Ambroise Paris\",\"Photographe Mariage Paris 11\",\"Photographe mariage portrait Paris\",\"photographe mariage Saint-Maur des Foss\u00e9s\",\"photographe mariage val de marne 94\"],\"inLanguage\":\"fr-FR\",\"potentialAction\":[{\"@type\":\"CommentAction\",\"name\":\"Comment\",\"target\":[\"https:\\\/\\\/thierryseguin.com\\\/fr\\\/blog\\\/2007\\\/07\\\/30\\\/photographies-du-mariage-dana-et-philippe-le-28-juillet-2007\\\/#respond\"]}]},{\"@type\":\"WebPage\",\"@id\":\"https:\\\/\\\/thierryseguin.com\\\/fr\\\/blog\\\/2007\\\/07\\\/30\\\/photographies-du-mariage-dana-et-philippe-le-28-juillet-2007\\\/\",\"url\":\"https:\\\/\\\/thierryseguin.com\\\/fr\\\/blog\\\/2007\\\/07\\\/30\\\/photographies-du-mariage-dana-et-philippe-le-28-juillet-2007\\\/\",\"name\":\"Photographies du Mariage d'Ana et Philippe le 28 juillet 2007 -\",\"isPartOf\":{\"@id\":\"https:\\\/\\\/thierryseguin.com\\\/fr\\\/#website\"},\"primaryImageOfPage\":{\"@id\":\"https:\\\/\\\/thierryseguin.com\\\/fr\\\/blog\\\/2007\\\/07\\\/30\\\/photographies-du-mariage-dana-et-philippe-le-28-juillet-2007\\\/#primaryimage\"},\"image\":{\"@id\":\"https:\\\/\\\/thierryseguin.com\\\/fr\\\/blog\\\/2007\\\/07\\\/30\\\/photographies-du-mariage-dana-et-philippe-le-28-juillet-2007\\\/#primaryimage\"},\"thumbnailUrl\":\"http:\\\/\\\/bp2.blogger.com\\\/__MnoThhEels\\\/Rq5gLKC29JI\\\/AAAAAAAAAA8\\\/FDzMeq9wu5E\\\/s400\\\/Ana+et+Philippe.jpg\",\"datePublished\":\"2007-07-30T13:59:00+00:00\",\"dateModified\":\"2012-01-10T00:08:55+00:00\",\"author\":{\"@id\":\"https:\\\/\\\/thierryseguin.com\\\/fr\\\/#\\\/schema\\\/person\\\/3ba0d9aacd1037d1a35f64b3bc81201a\"},\"breadcrumb\":{\"@id\":\"https:\\\/\\\/thierryseguin.com\\\/fr\\\/blog\\\/2007\\\/07\\\/30\\\/photographies-du-mariage-dana-et-philippe-le-28-juillet-2007\\\/#breadcrumb\"},\"inLanguage\":\"fr-FR\",\"potentialAction\":[{\"@type\":\"ReadAction\",\"target\":[\"https:\\\/\\\/thierryseguin.com\\\/fr\\\/blog\\\/2007\\\/07\\\/30\\\/photographies-du-mariage-dana-et-philippe-le-28-juillet-2007\\\/\"]}]},{\"@type\":\"ImageObject\",\"inLanguage\":\"fr-FR\",\"@id\":\"https:\\\/\\\/thierryseguin.com\\\/fr\\\/blog\\\/2007\\\/07\\\/30\\\/photographies-du-mariage-dana-et-philippe-le-28-juillet-2007\\\/#primaryimage\",\"url\":\"http:\\\/\\\/bp2.blogger.com\\\/__MnoThhEels\\\/Rq5gLKC29JI\\\/AAAAAAAAAA8\\\/FDzMeq9wu5E\\\/s400\\\/Ana+et+Philippe.jpg\",\"contentUrl\":\"http:\\\/\\\/bp2.blogger.com\\\/__MnoThhEels\\\/Rq5gLKC29JI\\\/AAAAAAAAAA8\\\/FDzMeq9wu5E\\\/s400\\\/Ana+et+Philippe.jpg\"},{\"@type\":\"BreadcrumbList\",\"@id\":\"https:\\\/\\\/thierryseguin.com\\\/fr\\\/blog\\\/2007\\\/07\\\/30\\\/photographies-du-mariage-dana-et-philippe-le-28-juillet-2007\\\/#breadcrumb\",\"itemListElement\":[{\"@type\":\"ListItem\",\"position\":1,\"name\":\"Accueil\",\"item\":\"https:\\\/\\\/thierryseguin.com\\\/fr\\\/\"},{\"@type\":\"ListItem\",\"position\":2,\"name\":\"Photographies du Mariage d&#8217;Ana et Philippe le 28 juillet 2007\"}]},{\"@type\":\"WebSite\",\"@id\":\"https:\\\/\\\/thierryseguin.com\\\/fr\\\/#website\",\"url\":\"https:\\\/\\\/thierryseguin.com\\\/fr\\\/\",\"name\":\"Thierry Seguin Photographie\",\"description\":\"Photographe de Portrait de Famille, Grossesse, B\u00e9b\u00e9s, Mariage\",\"potentialAction\":[{\"@type\":\"SearchAction\",\"target\":{\"@type\":\"EntryPoint\",\"urlTemplate\":\"https:\\\/\\\/thierryseguin.com\\\/fr\\\/?s={search_term_string}\"},\"query-input\":{\"@type\":\"PropertyValueSpecification\",\"valueRequired\":true,\"valueName\":\"search_term_string\"}}],\"inLanguage\":\"fr-FR\"},{\"@type\":\"Person\",\"@id\":\"https:\\\/\\\/thierryseguin.com\\\/fr\\\/#\\\/schema\\\/person\\\/3ba0d9aacd1037d1a35f64b3bc81201a\",\"name\":\"Thierry Seguin blogger\",\"image\":{\"@type\":\"ImageObject\",\"inLanguage\":\"fr-FR\",\"@id\":\"https:\\\/\\\/secure.gravatar.com\\\/avatar\\\/?s=96&d=wavatar&r=g\",\"url\":\"https:\\\/\\\/secure.gravatar.com\\\/avatar\\\/?s=96&d=wavatar&r=g\",\"contentUrl\":\"https:\\\/\\\/secure.gravatar.com\\\/avatar\\\/?s=96&d=wavatar&r=g\",\"caption\":\"Thierry Seguin blogger\"}}]}<\/script>\n<!-- \/ Yoast SEO plugin. -->","yoast_head_json":{"title":"Photographies du Mariage d'Ana et Philippe le 28 juillet 2007 -","robots":{"index":"index","follow":"follow","max-snippet":"max-snippet:-1","max-image-preview":"max-image-preview:large","max-video-preview":"max-video-preview:-1"},"canonical":"https:\/\/thierryseguin.com\/fr\/blog\/2007\/07\/30\/photographies-du-mariage-dana-et-philippe-le-28-juillet-2007\/","og_locale":"fr_FR","og_type":"article","og_title":"Photographies du Mariage d'Ana et Philippe le 28 juillet 2007 -","og_description":"Ce 28 juillet 2007, j&#8217;ai couvert le mariage d&#8217;un couple adorable : Ana et Philippe Ils se sont mari\u00e9s en l&#8217;\u00e9glise Saint Ambroise \u00e0 Paris 11\u00b0, puis ont re\u00e7u leurs invit\u00e9s au magnifique Ch\u00e2teau de Santeny tenu par M. Sylvain BOURGUIGNON. Je ne r\u00e9siste pas au plaisir de vous faire partager le diaporama de leur [&hellip;]","og_url":"https:\/\/thierryseguin.com\/fr\/blog\/2007\/07\/30\/photographies-du-mariage-dana-et-philippe-le-28-juillet-2007\/","og_site_name":"Thierry Seguin Photographie","article_publisher":"https:\/\/www.facebook.com\/ThierrySeguinPhotographie","article_published_time":"2007-07-30T13:59:00+00:00","article_modified_time":"2012-01-10T00:08:55+00:00","og_image":[{"url":"http:\/\/bp2.blogger.com\/__MnoThhEels\/Rq5gLKC29JI\/AAAAAAAAAA8\/FDzMeq9wu5E\/s400\/Ana+et+Philippe.jpg","type":"","width":"","height":""}],"author":"Thierry Seguin blogger","twitter_card":"summary_large_image","twitter_creator":"@thierry_seguin","twitter_site":"@thierry_seguin","twitter_misc":{"\u00c9crit par":"Thierry Seguin blogger"},"schema":{"@context":"https:\/\/schema.org","@graph":[{"@type":"Article","@id":"https:\/\/thierryseguin.com\/fr\/blog\/2007\/07\/30\/photographies-du-mariage-dana-et-philippe-le-28-juillet-2007\/#article","isPartOf":{"@id":"https:\/\/thierryseguin.com\/fr\/blog\/2007\/07\/30\/photographies-du-mariage-dana-et-philippe-le-28-juillet-2007\/"},"author":{"name":"Thierry Seguin blogger","@id":"https:\/\/thierryseguin.com\/fr\/#\/schema\/person\/3ba0d9aacd1037d1a35f64b3bc81201a"},"headline":"Photographies du Mariage d&#8217;Ana et Philippe le 28 juillet 2007","datePublished":"2007-07-30T13:59:00+00:00","dateModified":"2012-01-10T00:08:55+00:00","mainEntityOfPage":{"@id":"https:\/\/thierryseguin.com\/fr\/blog\/2007\/07\/30\/photographies-du-mariage-dana-et-philippe-le-28-juillet-2007\/"},"wordCount":70,"commentCount":3,"image":{"@id":"https:\/\/thierryseguin.com\/fr\/blog\/2007\/07\/30\/photographies-du-mariage-dana-et-philippe-le-28-juillet-2007\/#primaryimage"},"thumbnailUrl":"http:\/\/bp2.blogger.com\/__MnoThhEels\/Rq5gLKC29JI\/AAAAAAAAAA8\/FDzMeq9wu5E\/s400\/Ana+et+Philippe.jpg","keywords":["photographe mariage chateau de Santeny","photographe mariage Eglise Saint-Ambroise Paris","Photographe Mariage Paris 11","Photographe mariage portrait Paris","photographe mariage Saint-Maur des Foss\u00e9s","photographe mariage val de marne 94"],"inLanguage":"fr-FR","potentialAction":[{"@type":"CommentAction","name":"Comment","target":["https:\/\/thierryseguin.com\/fr\/blog\/2007\/07\/30\/photographies-du-mariage-dana-et-philippe-le-28-juillet-2007\/#respond"]}]},{"@type":"WebPage","@id":"https:\/\/thierryseguin.com\/fr\/blog\/2007\/07\/30\/photographies-du-mariage-dana-et-philippe-le-28-juillet-2007\/","url":"https:\/\/thierryseguin.com\/fr\/blog\/2007\/07\/30\/photographies-du-mariage-dana-et-philippe-le-28-juillet-2007\/","name":"Photographies du Mariage d'Ana et Philippe le 28 juillet 2007 -","isPartOf":{"@id":"https:\/\/thierryseguin.com\/fr\/#website"},"primaryImageOfPage":{"@id":"https:\/\/thierryseguin.com\/fr\/blog\/2007\/07\/30\/photographies-du-mariage-dana-et-philippe-le-28-juillet-2007\/#primaryimage"},"image":{"@id":"https:\/\/thierryseguin.com\/fr\/blog\/2007\/07\/30\/photographies-du-mariage-dana-et-philippe-le-28-juillet-2007\/#primaryimage"},"thumbnailUrl":"http:\/\/bp2.blogger.com\/__MnoThhEels\/Rq5gLKC29JI\/AAAAAAAAAA8\/FDzMeq9wu5E\/s400\/Ana+et+Philippe.jpg","datePublished":"2007-07-30T13:59:00+00:00","dateModified":"2012-01-10T00:08:55+00:00","author":{"@id":"https:\/\/thierryseguin.com\/fr\/#\/schema\/person\/3ba0d9aacd1037d1a35f64b3bc81201a"},"breadcrumb":{"@id":"https:\/\/thierryseguin.com\/fr\/blog\/2007\/07\/30\/photographies-du-mariage-dana-et-philippe-le-28-juillet-2007\/#breadcrumb"},"inLanguage":"fr-FR","potentialAction":[{"@type":"ReadAction","target":["https:\/\/thierryseguin.com\/fr\/blog\/2007\/07\/30\/photographies-du-mariage-dana-et-philippe-le-28-juillet-2007\/"]}]},{"@type":"ImageObject","inLanguage":"fr-FR","@id":"https:\/\/thierryseguin.com\/fr\/blog\/2007\/07\/30\/photographies-du-mariage-dana-et-philippe-le-28-juillet-2007\/#primaryimage","url":"http:\/\/bp2.blogger.com\/__MnoThhEels\/Rq5gLKC29JI\/AAAAAAAAAA8\/FDzMeq9wu5E\/s400\/Ana+et+Philippe.jpg","contentUrl":"http:\/\/bp2.blogger.com\/__MnoThhEels\/Rq5gLKC29JI\/AAAAAAAAAA8\/FDzMeq9wu5E\/s400\/Ana+et+Philippe.jpg"},{"@type":"BreadcrumbList","@id":"https:\/\/thierryseguin.com\/fr\/blog\/2007\/07\/30\/photographies-du-mariage-dana-et-philippe-le-28-juillet-2007\/#breadcrumb","itemListElement":[{"@type":"ListItem","position":1,"name":"Accueil","item":"https:\/\/thierryseguin.com\/fr\/"},{"@type":"ListItem","position":2,"name":"Photographies du Mariage d&#8217;Ana et Philippe le 28 juillet 2007"}]},{"@type":"WebSite","@id":"https:\/\/thierryseguin.com\/fr\/#website","url":"https:\/\/thierryseguin.com\/fr\/","name":"Thierry Seguin Photographie","description":"Photographe de Portrait de Famille, Grossesse, B\u00e9b\u00e9s, Mariage","potentialAction":[{"@type":"SearchAction","target":{"@type":"EntryPoint","urlTemplate":"https:\/\/thierryseguin.com\/fr\/?s={search_term_string}"},"query-input":{"@type":"PropertyValueSpecification","valueRequired":true,"valueName":"search_term_string"}}],"inLanguage":"fr-FR"},{"@type":"Person","@id":"https:\/\/thierryseguin.com\/fr\/#\/schema\/person\/3ba0d9aacd1037d1a35f64b3bc81201a","name":"Thierry Seguin blogger","image":{"@type":"ImageObject","inLanguage":"fr-FR","@id":"https:\/\/secure.gravatar.com\/avatar\/?s=96&d=wavatar&r=g","url":"https:\/\/secure.gravatar.com\/avatar\/?s=96&d=wavatar&r=g","contentUrl":"https:\/\/secure.gravatar.com\/avatar\/?s=96&d=wavatar&r=g","caption":"Thierry Seguin blogger"}}]}},"_links":{"self":[{"href":"https:\/\/thierryseguin.com\/fr\/wp-json\/wp\/v2\/posts\/107","targetHints":{"allow":["GET"]}}],"collection":[{"href":"https:\/\/thierryseguin.com\/fr\/wp-json\/wp\/v2\/posts"}],"about":[{"href":"https:\/\/thierryseguin.com\/fr\/wp-json\/wp\/v2\/types\/post"}],"author":[{"embeddable":true,"href":"https:\/\/thierryseguin.com\/fr\/wp-json\/wp\/v2\/users\/2"}],"replies":[{"embeddable":true,"href":"https:\/\/thierryseguin.com\/fr\/wp-json\/wp\/v2\/comments?post=107"}],"version-history":[{"count":1,"href":"https:\/\/thierryseguin.com\/fr\/wp-json\/wp\/v2\/posts\/107\/revisions"}],"predecessor-version":[{"id":1145,"href":"https:\/\/thierryseguin.com\/fr\/wp-json\/wp\/v2\/posts\/107\/revisions\/1145"}],"wp:attachment":[{"href":"https:\/\/thierryseguin.com\/fr\/wp-json\/wp\/v2\/media?parent=107"}],"wp:term":[{"taxonomy":"category","embeddable":true,"href":"https:\/\/thierryseguin.com\/fr\/wp-json\/wp\/v2\/categories?post=107"},{"taxonomy":"post_tag","embeddable":true,"href":"https:\/\/thierryseguin.com\/fr\/wp-json\/wp\/v2\/tags?post=107"}],"curies":[{"name":"wp","href":"https:\/\/api.w.org\/{rel}","templated":true}]}}