{"id":108,"date":"2007-07-22T15:41:00","date_gmt":"2007-07-22T15:41:00","guid":{"rendered":"http:\/\/www.thierryseguin.com\/blog\/2007\/07\/22\/uncategorized\/atelier-lumiere-et-creer-sa-liberte\/"},"modified":"2007-07-22T15:41:00","modified_gmt":"2007-07-22T15:41:00","slug":"atelier-lumiere-et-creer-sa-liberte","status":"publish","type":"post","link":"https:\/\/thierryseguin.com\/fr\/blog\/2007\/07\/22\/atelier-lumiere-et-creer-sa-liberte\/","title":{"rendered":"Atelier Lumi\u00e8re et Cr\u00e9er sa libert\u00e9"},"content":{"rendered":"<div>Ces 10-11-12 juillet dernier, <a href=\"http:\/\/www.blogger.com\/profile\/16085968\">Samuel Malarik<\/a>, le booster de photographes, nous a organis\u00e9 une nouvelle cession de formation avec David Jay, et un invit\u00e9 sp\u00e9cial : Bob Davis<\/p>\n<p> <img decoding=\"async\" id=\"BLOGGER_PHOTO_ID_5182443971238071234\" style=\"DISPLAY: block; MARGIN: 0px auto 10px; CURSOR: hand; TEXT-ALIGN: center\" alt=\"\" src=\"http:\/\/bp0.blogger.com\/__MnoThhEels\/R-u9VYYCi8I\/AAAAAAAAA6w\/mf8fmJ7Ws-Y\/s400\/home_atelier_david_jay_bob_davis.jpg\" border=\"0\" \/><\/p>\n<div align=\"center\">David Jay et Bob Davis<\/p>\n<\/div>\n<p><a href=\"http:\/\/www.blogger.com\/profile\/11433140031146732831\">David Jay<\/a>, est un jeune photographe am\u00e9ricain qui a connu un succ\u00e8s fulgurant en moins de 5 ans.<\/p>\n<p><a href=\"http:\/\/www.lastoriafoto.info\/\">Bob Davis<\/a> est un grand photo-reporter, qui s&#8217;est reconverti dans le reportage mariage haut de gamme.<\/p>\n<p>Apr\u00e8s avoir couvert pendant 6 jours les noces de <a href=\"http:\/\/www.xanga.com\/lastoriafoto\/603419737\/item.html\">Tony Parker<\/a> et <a href=\"http:\/\/www.xanga.com\/lastoriafoto\/604797366\/item.html\">Eva Langoria<\/a>, il est rest\u00e9 \u00e0 Paris une semaine de plus pour co-animer cet atelier.<\/p>\n<p>J&#8217;avais particip\u00e9 \u00e0 la 1\u00b0 cession avec David Jay les 21\/22\/23 Janvier 2007, qui avait fortement influenc\u00e9 mon approche du reportage de mariage et la conduite de mon affaire.<br \/>J&#8217;avais donc plaisir \u00e0 le retrouver, et \u00e0 d\u00e9couvrir par la m\u00eame occasion, l&#8217;approche d&#8217;un autre grand photographe. Bob excelle dans la capacit\u00e9 \u00e0 cr\u00e9er diff\u00e9rentes atmosph\u00e8res par l&#8217;utilisation de plusieurs flashs d\u00e9port\u00e9s.<\/p>\n<p>Cliquez sur leurs noms, pour voir leur compte-rendu en images de cet atelier, extraits de leurs Blogs :<br \/><a href=\"http:\/\/www.xanga.com\/item.aspx?tab=weblogs&amp;user=lastoriafoto&amp;uid=604452330\">vu par Bob Davis<\/a>,<br \/><a href=\"http:\/\/www.youtube.com\/watch?v=pfOOEURh1u8\">vu par David Jay<\/a>,<br \/><a href=\"http:\/\/planchecontact.blogspot.com\/2007\/07\/iphone-david-jay-bob-davis-paris.html\">vu par Samuel Malarik,<\/a><\/p>\n<p>Et une vid\u00e9o de la <a href=\"http:\/\/www.youtube.com\/watch?v=kus5F14ZhGk\">session de janvier<\/a>.<\/div>\n","protected":false},"excerpt":{"rendered":"<p>Ces 10-11-12 juillet dernier, Samuel Malarik, le booster de photographes, nous a organis\u00e9 une nouvelle cession de formation avec David Jay, et un invit\u00e9 sp\u00e9cial : Bob Davis David Jay et Bob Davis David Jay, est un jeune photographe am\u00e9ricain qui a connu un succ\u00e8s fulgurant en moins de 5 ans. Bob Davis est un...<\/p>\n","protected":false},"author":2,"featured_media":0,"comment_status":"open","ping_status":"open","sticky":false,"template":"","format":"standard","meta":{"pp_embeds":"","footnotes":""},"categories":[1],"tags":[],"class_list":["post-108","post","type-post","status-publish","format-standard","hentry","category-non-classe"],"yoast_head":"<!-- This site is optimized with the Yoast SEO plugin v27.4 - https:\/\/yoast.com\/product\/yoast-seo-wordpress\/ -->\n<title>Atelier Lumi\u00e8re et Cr\u00e9er sa libert\u00e9 -<\/title>\n<meta name=\"robots\" content=\"index, follow, max-snippet:-1, max-image-preview:large, max-video-preview:-1\" \/>\n<link rel=\"canonical\" href=\"https:\/\/thierryseguin.com\/fr\/blog\/2007\/07\/22\/atelier-lumiere-et-creer-sa-liberte\/\" \/>\n<meta property=\"og:locale\" content=\"fr_FR\" \/>\n<meta property=\"og:type\" content=\"article\" \/>\n<meta property=\"og:title\" content=\"Atelier Lumi\u00e8re et Cr\u00e9er sa libert\u00e9 -\" \/>\n<meta property=\"og:description\" content=\"Ces 10-11-12 juillet dernier, Samuel Malarik, le booster de photographes, nous a organis\u00e9 une nouvelle cession de formation avec David Jay, et un invit\u00e9 sp\u00e9cial : Bob Davis David Jay et Bob Davis David Jay, est un jeune photographe am\u00e9ricain qui a connu un succ\u00e8s fulgurant en moins de 5 ans. Bob Davis est un [&hellip;]\" \/>\n<meta property=\"og:url\" content=\"https:\/\/thierryseguin.com\/fr\/blog\/2007\/07\/22\/atelier-lumiere-et-creer-sa-liberte\/\" \/>\n<meta property=\"og:site_name\" content=\"Thierry Seguin Photographie\" \/>\n<meta property=\"article:publisher\" content=\"https:\/\/www.facebook.com\/ThierrySeguinPhotographie\" \/>\n<meta property=\"article:published_time\" content=\"2007-07-22T15:41:00+00:00\" \/>\n<meta property=\"og:image\" content=\"http:\/\/bp0.blogger.com\/__MnoThhEels\/R-u9VYYCi8I\/AAAAAAAAA6w\/mf8fmJ7Ws-Y\/s400\/home_atelier_david_jay_bob_davis.jpg\" \/>\n<meta name=\"author\" content=\"Thierry Seguin blogger\" \/>\n<meta name=\"twitter:card\" content=\"summary_large_image\" \/>\n<meta name=\"twitter:creator\" content=\"@thierry_seguin\" \/>\n<meta name=\"twitter:site\" content=\"@thierry_seguin\" \/>\n<meta name=\"twitter:label1\" content=\"\u00c9crit par\" \/>\n\t<meta name=\"twitter:data1\" content=\"Thierry Seguin blogger\" \/>\n\t<meta name=\"twitter:label2\" content=\"Dur\u00e9e de lecture estim\u00e9e\" \/>\n\t<meta name=\"twitter:data2\" content=\"1 minute\" \/>\n<script type=\"application\/ld+json\" class=\"yoast-schema-graph\">{\"@context\":\"https:\\\/\\\/schema.org\",\"@graph\":[{\"@type\":\"Article\",\"@id\":\"https:\\\/\\\/thierryseguin.com\\\/fr\\\/blog\\\/2007\\\/07\\\/22\\\/atelier-lumiere-et-creer-sa-liberte\\\/#article\",\"isPartOf\":{\"@id\":\"https:\\\/\\\/thierryseguin.com\\\/fr\\\/blog\\\/2007\\\/07\\\/22\\\/atelier-lumiere-et-creer-sa-liberte\\\/\"},\"author\":{\"name\":\"Thierry Seguin blogger\",\"@id\":\"https:\\\/\\\/thierryseguin.com\\\/fr\\\/#\\\/schema\\\/person\\\/3ba0d9aacd1037d1a35f64b3bc81201a\"},\"headline\":\"Atelier Lumi\u00e8re et Cr\u00e9er sa libert\u00e9\",\"datePublished\":\"2007-07-22T15:41:00+00:00\",\"mainEntityOfPage\":{\"@id\":\"https:\\\/\\\/thierryseguin.com\\\/fr\\\/blog\\\/2007\\\/07\\\/22\\\/atelier-lumiere-et-creer-sa-liberte\\\/\"},\"wordCount\":203,\"commentCount\":1,\"image\":{\"@id\":\"https:\\\/\\\/thierryseguin.com\\\/fr\\\/blog\\\/2007\\\/07\\\/22\\\/atelier-lumiere-et-creer-sa-liberte\\\/#primaryimage\"},\"thumbnailUrl\":\"http:\\\/\\\/bp0.blogger.com\\\/__MnoThhEels\\\/R-u9VYYCi8I\\\/AAAAAAAAA6w\\\/mf8fmJ7Ws-Y\\\/s400\\\/home_atelier_david_jay_bob_davis.jpg\",\"inLanguage\":\"fr-FR\",\"potentialAction\":[{\"@type\":\"CommentAction\",\"name\":\"Comment\",\"target\":[\"https:\\\/\\\/thierryseguin.com\\\/fr\\\/blog\\\/2007\\\/07\\\/22\\\/atelier-lumiere-et-creer-sa-liberte\\\/#respond\"]}]},{\"@type\":\"WebPage\",\"@id\":\"https:\\\/\\\/thierryseguin.com\\\/fr\\\/blog\\\/2007\\\/07\\\/22\\\/atelier-lumiere-et-creer-sa-liberte\\\/\",\"url\":\"https:\\\/\\\/thierryseguin.com\\\/fr\\\/blog\\\/2007\\\/07\\\/22\\\/atelier-lumiere-et-creer-sa-liberte\\\/\",\"name\":\"Atelier Lumi\u00e8re et Cr\u00e9er sa libert\u00e9 -\",\"isPartOf\":{\"@id\":\"https:\\\/\\\/thierryseguin.com\\\/fr\\\/#website\"},\"primaryImageOfPage\":{\"@id\":\"https:\\\/\\\/thierryseguin.com\\\/fr\\\/blog\\\/2007\\\/07\\\/22\\\/atelier-lumiere-et-creer-sa-liberte\\\/#primaryimage\"},\"image\":{\"@id\":\"https:\\\/\\\/thierryseguin.com\\\/fr\\\/blog\\\/2007\\\/07\\\/22\\\/atelier-lumiere-et-creer-sa-liberte\\\/#primaryimage\"},\"thumbnailUrl\":\"http:\\\/\\\/bp0.blogger.com\\\/__MnoThhEels\\\/R-u9VYYCi8I\\\/AAAAAAAAA6w\\\/mf8fmJ7Ws-Y\\\/s400\\\/home_atelier_david_jay_bob_davis.jpg\",\"datePublished\":\"2007-07-22T15:41:00+00:00\",\"author\":{\"@id\":\"https:\\\/\\\/thierryseguin.com\\\/fr\\\/#\\\/schema\\\/person\\\/3ba0d9aacd1037d1a35f64b3bc81201a\"},\"breadcrumb\":{\"@id\":\"https:\\\/\\\/thierryseguin.com\\\/fr\\\/blog\\\/2007\\\/07\\\/22\\\/atelier-lumiere-et-creer-sa-liberte\\\/#breadcrumb\"},\"inLanguage\":\"fr-FR\",\"potentialAction\":[{\"@type\":\"ReadAction\",\"target\":[\"https:\\\/\\\/thierryseguin.com\\\/fr\\\/blog\\\/2007\\\/07\\\/22\\\/atelier-lumiere-et-creer-sa-liberte\\\/\"]}]},{\"@type\":\"ImageObject\",\"inLanguage\":\"fr-FR\",\"@id\":\"https:\\\/\\\/thierryseguin.com\\\/fr\\\/blog\\\/2007\\\/07\\\/22\\\/atelier-lumiere-et-creer-sa-liberte\\\/#primaryimage\",\"url\":\"http:\\\/\\\/bp0.blogger.com\\\/__MnoThhEels\\\/R-u9VYYCi8I\\\/AAAAAAAAA6w\\\/mf8fmJ7Ws-Y\\\/s400\\\/home_atelier_david_jay_bob_davis.jpg\",\"contentUrl\":\"http:\\\/\\\/bp0.blogger.com\\\/__MnoThhEels\\\/R-u9VYYCi8I\\\/AAAAAAAAA6w\\\/mf8fmJ7Ws-Y\\\/s400\\\/home_atelier_david_jay_bob_davis.jpg\"},{\"@type\":\"BreadcrumbList\",\"@id\":\"https:\\\/\\\/thierryseguin.com\\\/fr\\\/blog\\\/2007\\\/07\\\/22\\\/atelier-lumiere-et-creer-sa-liberte\\\/#breadcrumb\",\"itemListElement\":[{\"@type\":\"ListItem\",\"position\":1,\"name\":\"Accueil\",\"item\":\"https:\\\/\\\/thierryseguin.com\\\/fr\\\/\"},{\"@type\":\"ListItem\",\"position\":2,\"name\":\"Atelier Lumi\u00e8re et Cr\u00e9er sa libert\u00e9\"}]},{\"@type\":\"WebSite\",\"@id\":\"https:\\\/\\\/thierryseguin.com\\\/fr\\\/#website\",\"url\":\"https:\\\/\\\/thierryseguin.com\\\/fr\\\/\",\"name\":\"Thierry Seguin Photographie\",\"description\":\"Photographe de Portrait de Famille, Grossesse, B\u00e9b\u00e9s, Mariage\",\"potentialAction\":[{\"@type\":\"SearchAction\",\"target\":{\"@type\":\"EntryPoint\",\"urlTemplate\":\"https:\\\/\\\/thierryseguin.com\\\/fr\\\/?s={search_term_string}\"},\"query-input\":{\"@type\":\"PropertyValueSpecification\",\"valueRequired\":true,\"valueName\":\"search_term_string\"}}],\"inLanguage\":\"fr-FR\"},{\"@type\":\"Person\",\"@id\":\"https:\\\/\\\/thierryseguin.com\\\/fr\\\/#\\\/schema\\\/person\\\/3ba0d9aacd1037d1a35f64b3bc81201a\",\"name\":\"Thierry Seguin blogger\",\"image\":{\"@type\":\"ImageObject\",\"inLanguage\":\"fr-FR\",\"@id\":\"https:\\\/\\\/secure.gravatar.com\\\/avatar\\\/?s=96&d=wavatar&r=g\",\"url\":\"https:\\\/\\\/secure.gravatar.com\\\/avatar\\\/?s=96&d=wavatar&r=g\",\"contentUrl\":\"https:\\\/\\\/secure.gravatar.com\\\/avatar\\\/?s=96&d=wavatar&r=g\",\"caption\":\"Thierry Seguin blogger\"}}]}<\/script>\n<!-- \/ Yoast SEO plugin. -->","yoast_head_json":{"title":"Atelier Lumi\u00e8re et Cr\u00e9er sa libert\u00e9 -","robots":{"index":"index","follow":"follow","max-snippet":"max-snippet:-1","max-image-preview":"max-image-preview:large","max-video-preview":"max-video-preview:-1"},"canonical":"https:\/\/thierryseguin.com\/fr\/blog\/2007\/07\/22\/atelier-lumiere-et-creer-sa-liberte\/","og_locale":"fr_FR","og_type":"article","og_title":"Atelier Lumi\u00e8re et Cr\u00e9er sa libert\u00e9 -","og_description":"Ces 10-11-12 juillet dernier, Samuel Malarik, le booster de photographes, nous a organis\u00e9 une nouvelle cession de formation avec David Jay, et un invit\u00e9 sp\u00e9cial : Bob Davis David Jay et Bob Davis David Jay, est un jeune photographe am\u00e9ricain qui a connu un succ\u00e8s fulgurant en moins de 5 ans. Bob Davis est un [&hellip;]","og_url":"https:\/\/thierryseguin.com\/fr\/blog\/2007\/07\/22\/atelier-lumiere-et-creer-sa-liberte\/","og_site_name":"Thierry Seguin Photographie","article_publisher":"https:\/\/www.facebook.com\/ThierrySeguinPhotographie","article_published_time":"2007-07-22T15:41:00+00:00","og_image":[{"url":"http:\/\/bp0.blogger.com\/__MnoThhEels\/R-u9VYYCi8I\/AAAAAAAAA6w\/mf8fmJ7Ws-Y\/s400\/home_atelier_david_jay_bob_davis.jpg","type":"","width":"","height":""}],"author":"Thierry Seguin blogger","twitter_card":"summary_large_image","twitter_creator":"@thierry_seguin","twitter_site":"@thierry_seguin","twitter_misc":{"\u00c9crit par":"Thierry Seguin blogger","Dur\u00e9e de lecture estim\u00e9e":"1 minute"},"schema":{"@context":"https:\/\/schema.org","@graph":[{"@type":"Article","@id":"https:\/\/thierryseguin.com\/fr\/blog\/2007\/07\/22\/atelier-lumiere-et-creer-sa-liberte\/#article","isPartOf":{"@id":"https:\/\/thierryseguin.com\/fr\/blog\/2007\/07\/22\/atelier-lumiere-et-creer-sa-liberte\/"},"author":{"name":"Thierry Seguin blogger","@id":"https:\/\/thierryseguin.com\/fr\/#\/schema\/person\/3ba0d9aacd1037d1a35f64b3bc81201a"},"headline":"Atelier Lumi\u00e8re et Cr\u00e9er sa libert\u00e9","datePublished":"2007-07-22T15:41:00+00:00","mainEntityOfPage":{"@id":"https:\/\/thierryseguin.com\/fr\/blog\/2007\/07\/22\/atelier-lumiere-et-creer-sa-liberte\/"},"wordCount":203,"commentCount":1,"image":{"@id":"https:\/\/thierryseguin.com\/fr\/blog\/2007\/07\/22\/atelier-lumiere-et-creer-sa-liberte\/#primaryimage"},"thumbnailUrl":"http:\/\/bp0.blogger.com\/__MnoThhEels\/R-u9VYYCi8I\/AAAAAAAAA6w\/mf8fmJ7Ws-Y\/s400\/home_atelier_david_jay_bob_davis.jpg","inLanguage":"fr-FR","potentialAction":[{"@type":"CommentAction","name":"Comment","target":["https:\/\/thierryseguin.com\/fr\/blog\/2007\/07\/22\/atelier-lumiere-et-creer-sa-liberte\/#respond"]}]},{"@type":"WebPage","@id":"https:\/\/thierryseguin.com\/fr\/blog\/2007\/07\/22\/atelier-lumiere-et-creer-sa-liberte\/","url":"https:\/\/thierryseguin.com\/fr\/blog\/2007\/07\/22\/atelier-lumiere-et-creer-sa-liberte\/","name":"Atelier Lumi\u00e8re et Cr\u00e9er sa libert\u00e9 -","isPartOf":{"@id":"https:\/\/thierryseguin.com\/fr\/#website"},"primaryImageOfPage":{"@id":"https:\/\/thierryseguin.com\/fr\/blog\/2007\/07\/22\/atelier-lumiere-et-creer-sa-liberte\/#primaryimage"},"image":{"@id":"https:\/\/thierryseguin.com\/fr\/blog\/2007\/07\/22\/atelier-lumiere-et-creer-sa-liberte\/#primaryimage"},"thumbnailUrl":"http:\/\/bp0.blogger.com\/__MnoThhEels\/R-u9VYYCi8I\/AAAAAAAAA6w\/mf8fmJ7Ws-Y\/s400\/home_atelier_david_jay_bob_davis.jpg","datePublished":"2007-07-22T15:41:00+00:00","author":{"@id":"https:\/\/thierryseguin.com\/fr\/#\/schema\/person\/3ba0d9aacd1037d1a35f64b3bc81201a"},"breadcrumb":{"@id":"https:\/\/thierryseguin.com\/fr\/blog\/2007\/07\/22\/atelier-lumiere-et-creer-sa-liberte\/#breadcrumb"},"inLanguage":"fr-FR","potentialAction":[{"@type":"ReadAction","target":["https:\/\/thierryseguin.com\/fr\/blog\/2007\/07\/22\/atelier-lumiere-et-creer-sa-liberte\/"]}]},{"@type":"ImageObject","inLanguage":"fr-FR","@id":"https:\/\/thierryseguin.com\/fr\/blog\/2007\/07\/22\/atelier-lumiere-et-creer-sa-liberte\/#primaryimage","url":"http:\/\/bp0.blogger.com\/__MnoThhEels\/R-u9VYYCi8I\/AAAAAAAAA6w\/mf8fmJ7Ws-Y\/s400\/home_atelier_david_jay_bob_davis.jpg","contentUrl":"http:\/\/bp0.blogger.com\/__MnoThhEels\/R-u9VYYCi8I\/AAAAAAAAA6w\/mf8fmJ7Ws-Y\/s400\/home_atelier_david_jay_bob_davis.jpg"},{"@type":"BreadcrumbList","@id":"https:\/\/thierryseguin.com\/fr\/blog\/2007\/07\/22\/atelier-lumiere-et-creer-sa-liberte\/#breadcrumb","itemListElement":[{"@type":"ListItem","position":1,"name":"Accueil","item":"https:\/\/thierryseguin.com\/fr\/"},{"@type":"ListItem","position":2,"name":"Atelier Lumi\u00e8re et Cr\u00e9er sa libert\u00e9"}]},{"@type":"WebSite","@id":"https:\/\/thierryseguin.com\/fr\/#website","url":"https:\/\/thierryseguin.com\/fr\/","name":"Thierry Seguin Photographie","description":"Photographe de Portrait de Famille, Grossesse, B\u00e9b\u00e9s, Mariage","potentialAction":[{"@type":"SearchAction","target":{"@type":"EntryPoint","urlTemplate":"https:\/\/thierryseguin.com\/fr\/?s={search_term_string}"},"query-input":{"@type":"PropertyValueSpecification","valueRequired":true,"valueName":"search_term_string"}}],"inLanguage":"fr-FR"},{"@type":"Person","@id":"https:\/\/thierryseguin.com\/fr\/#\/schema\/person\/3ba0d9aacd1037d1a35f64b3bc81201a","name":"Thierry Seguin blogger","image":{"@type":"ImageObject","inLanguage":"fr-FR","@id":"https:\/\/secure.gravatar.com\/avatar\/?s=96&d=wavatar&r=g","url":"https:\/\/secure.gravatar.com\/avatar\/?s=96&d=wavatar&r=g","contentUrl":"https:\/\/secure.gravatar.com\/avatar\/?s=96&d=wavatar&r=g","caption":"Thierry Seguin blogger"}}]}},"_links":{"self":[{"href":"https:\/\/thierryseguin.com\/fr\/wp-json\/wp\/v2\/posts\/108","targetHints":{"allow":["GET"]}}],"collection":[{"href":"https:\/\/thierryseguin.com\/fr\/wp-json\/wp\/v2\/posts"}],"about":[{"href":"https:\/\/thierryseguin.com\/fr\/wp-json\/wp\/v2\/types\/post"}],"author":[{"embeddable":true,"href":"https:\/\/thierryseguin.com\/fr\/wp-json\/wp\/v2\/users\/2"}],"replies":[{"embeddable":true,"href":"https:\/\/thierryseguin.com\/fr\/wp-json\/wp\/v2\/comments?post=108"}],"version-history":[{"count":0,"href":"https:\/\/thierryseguin.com\/fr\/wp-json\/wp\/v2\/posts\/108\/revisions"}],"wp:attachment":[{"href":"https:\/\/thierryseguin.com\/fr\/wp-json\/wp\/v2\/media?parent=108"}],"wp:term":[{"taxonomy":"category","embeddable":true,"href":"https:\/\/thierryseguin.com\/fr\/wp-json\/wp\/v2\/categories?post=108"},{"taxonomy":"post_tag","embeddable":true,"href":"https:\/\/thierryseguin.com\/fr\/wp-json\/wp\/v2\/tags?post=108"}],"curies":[{"name":"wp","href":"https:\/\/api.w.org\/{rel}","templated":true}]}}