{"id":109,"date":"2007-07-22T12:42:00","date_gmt":"2007-07-22T12:42:00","guid":{"rendered":"http:\/\/www.thierryseguin.com\/blog\/2007\/07\/22\/uncategorized\/adieu-roger\/"},"modified":"2007-07-22T12:42:00","modified_gmt":"2007-07-22T12:42:00","slug":"adieu-roger","status":"publish","type":"post","link":"https:\/\/thierryseguin.com\/fr\/blog\/2007\/07\/22\/adieu-roger\/","title":{"rendered":"Adieu Roger"},"content":{"rendered":"<p>J&#8217;avais d\u00e9laiss\u00e9 mon blog depuis quelques temps, la haute saison \u00e9tant tr\u00e8s charg\u00e9e.<\/p>\n<p>Un \u00e9v\u00e8nement m&#8217;a profond\u00e9ment touch\u00e9 cette semaine :<br \/>la mort de Roger BIAGI, le p\u00e8re de ma femme.<\/p>\n<p>Il nous a brusquement quitt\u00e9 dimanche soir dernier, 15 juillet 2007, \u00e0 79 ans.<\/p>\n<p>Tr\u00e8s fatigu\u00e9, apr\u00e8s une semaine tr\u00e8s active, il est mont\u00e9 se coucher, mais son coeur l&#8217;a lach\u00e9 avant qu&#8217;il n&#8217;ait pu s&#8217;allonger.<\/p>\n<p>J&#8217;ai retrouv\u00e9 une photo de lui de f\u00e9vrier 2002 entour\u00e9 de sa m\u00e8re qu&#8217;il vient de rejoindre, sa fille Anne-Marie, et de ses &#8220;2 petites lardonnes&#8221;.<\/p>\n<p><\/p>\n<p><img decoding=\"async\" id=\"BLOGGER_PHOTO_ID_5090112676017140866\" style=\"DISPLAY: block; MARGIN: 0px auto 10px; CURSOR: hand; TEXT-ALIGN: center\" alt=\"\" src=\"http:\/\/bp1.blogger.com\/__MnoThhEels\/RqO2gqC29II\/AAAAAAAAAA0\/n5if8IMHlx8\/s400\/Roger+Biagi.jpg\" border=\"0\" \/> <\/p>\n<p><a href=\"http:\/\/img241.imageshack.us\/img241\/3365\/biagini6.jpg\">Roger<\/a>, homme de caract\u00e8re au grand coeur, \u00e9tait un passionn\u00e9 : il f\u00fbt un pionnier du vol \u00e0 voile en montagne; il a toute sa vie mit ses connaissances et son exp\u00e9rience \u00e0 la disposition des autres.<br \/>Avec au d\u00e9part un simple CAP en poche, cet autodidacte, par sa volont\u00e9 et son travail, \u00e9tait devenu pilote instructeur planneur, instructeur avion, puis pilote de ligne sur Caravelle chez Air Inter. A sa retraite, il s&#8217;est \u00e0 nouveau investit \u00e0 fond dans sa passion, comme instructeur b\u00e9n\u00e9vole sur diff\u00e9rents a\u00e9roclubs (Gap et Vinon).<\/p>\n<p>Il laisse derri\u00e8re lui une famille endeuill\u00e9e, et une communaut\u00e9 de v\u00e9livoles reconnaissantes, comme en t\u00e9moigne les messages de sympathie laiss\u00e9s sur les forums sp\u00e9cialis\u00e9s :<\/p>\n<p><a href=\"http:\/\/www.pilotes-prives.net\/En-l-air-et-autour-des-avions-f1\/Roger-Biagi-chemine-ailleurs-t4639.htm\">pilotes-prives.net<\/a> : <a href=\"http:\/\/www.pilotes-prives.net\/En-l-air-et-autour-des-avions-f1\/Roger-Biagi-chemine-ailleurs-t4639.htm\">Roger Biagi chemine ailleurs&#8230;.<\/a><br \/><a href=\"http:\/\/www.planneur.net\/\">http:\/\/www.planneur.net\/<\/a><br \/><a title=\"Sujet commenc\u00e9 : lundi 16 juillet 2007 - 11:02\" href=\"http:\/\/planeur.phpnet.org\/ivb\/index.php?showtopic=6193\">planeur.phpnet.org : D\u00e9part D&#8217;un Ami Et Ma\u00eetre<\/a><br \/><a href=\"http:\/\/www.ffvv.org\/\">http:\/\/www.ffvv.org\/<\/a><\/p>\n<p>Bon vol Roger.<\/p>\n<p>Thierry<\/p>\n","protected":false},"excerpt":{"rendered":"<p>J&#8217;avais d\u00e9laiss\u00e9 mon blog depuis quelques temps, la haute saison \u00e9tant tr\u00e8s charg\u00e9e. Un \u00e9v\u00e8nement m&#8217;a profond\u00e9ment touch\u00e9 cette semaine :la mort de Roger BIAGI, le p\u00e8re de ma femme. Il nous a brusquement quitt\u00e9 dimanche soir dernier, 15 juillet 2007, \u00e0 79 ans. Tr\u00e8s fatigu\u00e9, apr\u00e8s une semaine tr\u00e8s active, il est mont\u00e9 se...<\/p>\n","protected":false},"author":2,"featured_media":0,"comment_status":"open","ping_status":"open","sticky":false,"template":"","format":"standard","meta":{"pp_embeds":"","footnotes":""},"categories":[1],"tags":[],"class_list":["post-109","post","type-post","status-publish","format-standard","hentry","category-non-classe"],"yoast_head":"<!-- This site is optimized with the Yoast SEO plugin v27.4 - https:\/\/yoast.com\/product\/yoast-seo-wordpress\/ -->\n<title>Adieu Roger -<\/title>\n<meta name=\"robots\" content=\"index, follow, max-snippet:-1, max-image-preview:large, max-video-preview:-1\" \/>\n<link rel=\"canonical\" href=\"https:\/\/thierryseguin.com\/fr\/blog\/2007\/07\/22\/adieu-roger\/\" \/>\n<meta property=\"og:locale\" content=\"fr_FR\" \/>\n<meta property=\"og:type\" content=\"article\" \/>\n<meta property=\"og:title\" content=\"Adieu Roger -\" \/>\n<meta property=\"og:description\" content=\"J&#8217;avais d\u00e9laiss\u00e9 mon blog depuis quelques temps, la haute saison \u00e9tant tr\u00e8s charg\u00e9e. Un \u00e9v\u00e8nement m&#8217;a profond\u00e9ment touch\u00e9 cette semaine :la mort de Roger BIAGI, le p\u00e8re de ma femme. Il nous a brusquement quitt\u00e9 dimanche soir dernier, 15 juillet 2007, \u00e0 79 ans. Tr\u00e8s fatigu\u00e9, apr\u00e8s une semaine tr\u00e8s active, il est mont\u00e9 se [&hellip;]\" \/>\n<meta property=\"og:url\" content=\"https:\/\/thierryseguin.com\/fr\/blog\/2007\/07\/22\/adieu-roger\/\" \/>\n<meta property=\"og:site_name\" content=\"Thierry Seguin Photographie\" \/>\n<meta property=\"article:publisher\" content=\"https:\/\/www.facebook.com\/ThierrySeguinPhotographie\" \/>\n<meta property=\"article:published_time\" content=\"2007-07-22T12:42:00+00:00\" \/>\n<meta property=\"og:image\" content=\"http:\/\/bp1.blogger.com\/__MnoThhEels\/RqO2gqC29II\/AAAAAAAAAA0\/n5if8IMHlx8\/s400\/Roger+Biagi.jpg\" \/>\n<meta name=\"author\" content=\"Thierry Seguin blogger\" \/>\n<meta name=\"twitter:card\" content=\"summary_large_image\" \/>\n<meta name=\"twitter:creator\" content=\"@thierry_seguin\" \/>\n<meta name=\"twitter:site\" content=\"@thierry_seguin\" \/>\n<meta name=\"twitter:label1\" content=\"\u00c9crit par\" \/>\n\t<meta name=\"twitter:data1\" content=\"Thierry Seguin blogger\" \/>\n\t<meta name=\"twitter:label2\" content=\"Dur\u00e9e de lecture estim\u00e9e\" \/>\n\t<meta name=\"twitter:data2\" content=\"1 minute\" \/>\n<script type=\"application\/ld+json\" class=\"yoast-schema-graph\">{\"@context\":\"https:\\\/\\\/schema.org\",\"@graph\":[{\"@type\":\"Article\",\"@id\":\"https:\\\/\\\/thierryseguin.com\\\/fr\\\/blog\\\/2007\\\/07\\\/22\\\/adieu-roger\\\/#article\",\"isPartOf\":{\"@id\":\"https:\\\/\\\/thierryseguin.com\\\/fr\\\/blog\\\/2007\\\/07\\\/22\\\/adieu-roger\\\/\"},\"author\":{\"name\":\"Thierry Seguin blogger\",\"@id\":\"https:\\\/\\\/thierryseguin.com\\\/fr\\\/#\\\/schema\\\/person\\\/3ba0d9aacd1037d1a35f64b3bc81201a\"},\"headline\":\"Adieu Roger\",\"datePublished\":\"2007-07-22T12:42:00+00:00\",\"mainEntityOfPage\":{\"@id\":\"https:\\\/\\\/thierryseguin.com\\\/fr\\\/blog\\\/2007\\\/07\\\/22\\\/adieu-roger\\\/\"},\"wordCount\":253,\"commentCount\":0,\"image\":{\"@id\":\"https:\\\/\\\/thierryseguin.com\\\/fr\\\/blog\\\/2007\\\/07\\\/22\\\/adieu-roger\\\/#primaryimage\"},\"thumbnailUrl\":\"http:\\\/\\\/bp1.blogger.com\\\/__MnoThhEels\\\/RqO2gqC29II\\\/AAAAAAAAAA0\\\/n5if8IMHlx8\\\/s400\\\/Roger+Biagi.jpg\",\"inLanguage\":\"fr-FR\",\"potentialAction\":[{\"@type\":\"CommentAction\",\"name\":\"Comment\",\"target\":[\"https:\\\/\\\/thierryseguin.com\\\/fr\\\/blog\\\/2007\\\/07\\\/22\\\/adieu-roger\\\/#respond\"]}]},{\"@type\":\"WebPage\",\"@id\":\"https:\\\/\\\/thierryseguin.com\\\/fr\\\/blog\\\/2007\\\/07\\\/22\\\/adieu-roger\\\/\",\"url\":\"https:\\\/\\\/thierryseguin.com\\\/fr\\\/blog\\\/2007\\\/07\\\/22\\\/adieu-roger\\\/\",\"name\":\"Adieu Roger -\",\"isPartOf\":{\"@id\":\"https:\\\/\\\/thierryseguin.com\\\/fr\\\/#website\"},\"primaryImageOfPage\":{\"@id\":\"https:\\\/\\\/thierryseguin.com\\\/fr\\\/blog\\\/2007\\\/07\\\/22\\\/adieu-roger\\\/#primaryimage\"},\"image\":{\"@id\":\"https:\\\/\\\/thierryseguin.com\\\/fr\\\/blog\\\/2007\\\/07\\\/22\\\/adieu-roger\\\/#primaryimage\"},\"thumbnailUrl\":\"http:\\\/\\\/bp1.blogger.com\\\/__MnoThhEels\\\/RqO2gqC29II\\\/AAAAAAAAAA0\\\/n5if8IMHlx8\\\/s400\\\/Roger+Biagi.jpg\",\"datePublished\":\"2007-07-22T12:42:00+00:00\",\"author\":{\"@id\":\"https:\\\/\\\/thierryseguin.com\\\/fr\\\/#\\\/schema\\\/person\\\/3ba0d9aacd1037d1a35f64b3bc81201a\"},\"breadcrumb\":{\"@id\":\"https:\\\/\\\/thierryseguin.com\\\/fr\\\/blog\\\/2007\\\/07\\\/22\\\/adieu-roger\\\/#breadcrumb\"},\"inLanguage\":\"fr-FR\",\"potentialAction\":[{\"@type\":\"ReadAction\",\"target\":[\"https:\\\/\\\/thierryseguin.com\\\/fr\\\/blog\\\/2007\\\/07\\\/22\\\/adieu-roger\\\/\"]}]},{\"@type\":\"ImageObject\",\"inLanguage\":\"fr-FR\",\"@id\":\"https:\\\/\\\/thierryseguin.com\\\/fr\\\/blog\\\/2007\\\/07\\\/22\\\/adieu-roger\\\/#primaryimage\",\"url\":\"http:\\\/\\\/bp1.blogger.com\\\/__MnoThhEels\\\/RqO2gqC29II\\\/AAAAAAAAAA0\\\/n5if8IMHlx8\\\/s400\\\/Roger+Biagi.jpg\",\"contentUrl\":\"http:\\\/\\\/bp1.blogger.com\\\/__MnoThhEels\\\/RqO2gqC29II\\\/AAAAAAAAAA0\\\/n5if8IMHlx8\\\/s400\\\/Roger+Biagi.jpg\"},{\"@type\":\"BreadcrumbList\",\"@id\":\"https:\\\/\\\/thierryseguin.com\\\/fr\\\/blog\\\/2007\\\/07\\\/22\\\/adieu-roger\\\/#breadcrumb\",\"itemListElement\":[{\"@type\":\"ListItem\",\"position\":1,\"name\":\"Accueil\",\"item\":\"https:\\\/\\\/thierryseguin.com\\\/fr\\\/\"},{\"@type\":\"ListItem\",\"position\":2,\"name\":\"Adieu Roger\"}]},{\"@type\":\"WebSite\",\"@id\":\"https:\\\/\\\/thierryseguin.com\\\/fr\\\/#website\",\"url\":\"https:\\\/\\\/thierryseguin.com\\\/fr\\\/\",\"name\":\"Thierry Seguin Photographie\",\"description\":\"Photographe de Portrait de Famille, Grossesse, B\u00e9b\u00e9s, Mariage\",\"potentialAction\":[{\"@type\":\"SearchAction\",\"target\":{\"@type\":\"EntryPoint\",\"urlTemplate\":\"https:\\\/\\\/thierryseguin.com\\\/fr\\\/?s={search_term_string}\"},\"query-input\":{\"@type\":\"PropertyValueSpecification\",\"valueRequired\":true,\"valueName\":\"search_term_string\"}}],\"inLanguage\":\"fr-FR\"},{\"@type\":\"Person\",\"@id\":\"https:\\\/\\\/thierryseguin.com\\\/fr\\\/#\\\/schema\\\/person\\\/3ba0d9aacd1037d1a35f64b3bc81201a\",\"name\":\"Thierry Seguin blogger\",\"image\":{\"@type\":\"ImageObject\",\"inLanguage\":\"fr-FR\",\"@id\":\"https:\\\/\\\/secure.gravatar.com\\\/avatar\\\/?s=96&d=wavatar&r=g\",\"url\":\"https:\\\/\\\/secure.gravatar.com\\\/avatar\\\/?s=96&d=wavatar&r=g\",\"contentUrl\":\"https:\\\/\\\/secure.gravatar.com\\\/avatar\\\/?s=96&d=wavatar&r=g\",\"caption\":\"Thierry Seguin blogger\"}}]}<\/script>\n<!-- \/ Yoast SEO plugin. -->","yoast_head_json":{"title":"Adieu Roger -","robots":{"index":"index","follow":"follow","max-snippet":"max-snippet:-1","max-image-preview":"max-image-preview:large","max-video-preview":"max-video-preview:-1"},"canonical":"https:\/\/thierryseguin.com\/fr\/blog\/2007\/07\/22\/adieu-roger\/","og_locale":"fr_FR","og_type":"article","og_title":"Adieu Roger -","og_description":"J&#8217;avais d\u00e9laiss\u00e9 mon blog depuis quelques temps, la haute saison \u00e9tant tr\u00e8s charg\u00e9e. Un \u00e9v\u00e8nement m&#8217;a profond\u00e9ment touch\u00e9 cette semaine :la mort de Roger BIAGI, le p\u00e8re de ma femme. Il nous a brusquement quitt\u00e9 dimanche soir dernier, 15 juillet 2007, \u00e0 79 ans. Tr\u00e8s fatigu\u00e9, apr\u00e8s une semaine tr\u00e8s active, il est mont\u00e9 se [&hellip;]","og_url":"https:\/\/thierryseguin.com\/fr\/blog\/2007\/07\/22\/adieu-roger\/","og_site_name":"Thierry Seguin Photographie","article_publisher":"https:\/\/www.facebook.com\/ThierrySeguinPhotographie","article_published_time":"2007-07-22T12:42:00+00:00","og_image":[{"url":"http:\/\/bp1.blogger.com\/__MnoThhEels\/RqO2gqC29II\/AAAAAAAAAA0\/n5if8IMHlx8\/s400\/Roger+Biagi.jpg","type":"","width":"","height":""}],"author":"Thierry Seguin blogger","twitter_card":"summary_large_image","twitter_creator":"@thierry_seguin","twitter_site":"@thierry_seguin","twitter_misc":{"\u00c9crit par":"Thierry Seguin blogger","Dur\u00e9e de lecture estim\u00e9e":"1 minute"},"schema":{"@context":"https:\/\/schema.org","@graph":[{"@type":"Article","@id":"https:\/\/thierryseguin.com\/fr\/blog\/2007\/07\/22\/adieu-roger\/#article","isPartOf":{"@id":"https:\/\/thierryseguin.com\/fr\/blog\/2007\/07\/22\/adieu-roger\/"},"author":{"name":"Thierry Seguin blogger","@id":"https:\/\/thierryseguin.com\/fr\/#\/schema\/person\/3ba0d9aacd1037d1a35f64b3bc81201a"},"headline":"Adieu Roger","datePublished":"2007-07-22T12:42:00+00:00","mainEntityOfPage":{"@id":"https:\/\/thierryseguin.com\/fr\/blog\/2007\/07\/22\/adieu-roger\/"},"wordCount":253,"commentCount":0,"image":{"@id":"https:\/\/thierryseguin.com\/fr\/blog\/2007\/07\/22\/adieu-roger\/#primaryimage"},"thumbnailUrl":"http:\/\/bp1.blogger.com\/__MnoThhEels\/RqO2gqC29II\/AAAAAAAAAA0\/n5if8IMHlx8\/s400\/Roger+Biagi.jpg","inLanguage":"fr-FR","potentialAction":[{"@type":"CommentAction","name":"Comment","target":["https:\/\/thierryseguin.com\/fr\/blog\/2007\/07\/22\/adieu-roger\/#respond"]}]},{"@type":"WebPage","@id":"https:\/\/thierryseguin.com\/fr\/blog\/2007\/07\/22\/adieu-roger\/","url":"https:\/\/thierryseguin.com\/fr\/blog\/2007\/07\/22\/adieu-roger\/","name":"Adieu Roger -","isPartOf":{"@id":"https:\/\/thierryseguin.com\/fr\/#website"},"primaryImageOfPage":{"@id":"https:\/\/thierryseguin.com\/fr\/blog\/2007\/07\/22\/adieu-roger\/#primaryimage"},"image":{"@id":"https:\/\/thierryseguin.com\/fr\/blog\/2007\/07\/22\/adieu-roger\/#primaryimage"},"thumbnailUrl":"http:\/\/bp1.blogger.com\/__MnoThhEels\/RqO2gqC29II\/AAAAAAAAAA0\/n5if8IMHlx8\/s400\/Roger+Biagi.jpg","datePublished":"2007-07-22T12:42:00+00:00","author":{"@id":"https:\/\/thierryseguin.com\/fr\/#\/schema\/person\/3ba0d9aacd1037d1a35f64b3bc81201a"},"breadcrumb":{"@id":"https:\/\/thierryseguin.com\/fr\/blog\/2007\/07\/22\/adieu-roger\/#breadcrumb"},"inLanguage":"fr-FR","potentialAction":[{"@type":"ReadAction","target":["https:\/\/thierryseguin.com\/fr\/blog\/2007\/07\/22\/adieu-roger\/"]}]},{"@type":"ImageObject","inLanguage":"fr-FR","@id":"https:\/\/thierryseguin.com\/fr\/blog\/2007\/07\/22\/adieu-roger\/#primaryimage","url":"http:\/\/bp1.blogger.com\/__MnoThhEels\/RqO2gqC29II\/AAAAAAAAAA0\/n5if8IMHlx8\/s400\/Roger+Biagi.jpg","contentUrl":"http:\/\/bp1.blogger.com\/__MnoThhEels\/RqO2gqC29II\/AAAAAAAAAA0\/n5if8IMHlx8\/s400\/Roger+Biagi.jpg"},{"@type":"BreadcrumbList","@id":"https:\/\/thierryseguin.com\/fr\/blog\/2007\/07\/22\/adieu-roger\/#breadcrumb","itemListElement":[{"@type":"ListItem","position":1,"name":"Accueil","item":"https:\/\/thierryseguin.com\/fr\/"},{"@type":"ListItem","position":2,"name":"Adieu Roger"}]},{"@type":"WebSite","@id":"https:\/\/thierryseguin.com\/fr\/#website","url":"https:\/\/thierryseguin.com\/fr\/","name":"Thierry Seguin Photographie","description":"Photographe de Portrait de Famille, Grossesse, B\u00e9b\u00e9s, Mariage","potentialAction":[{"@type":"SearchAction","target":{"@type":"EntryPoint","urlTemplate":"https:\/\/thierryseguin.com\/fr\/?s={search_term_string}"},"query-input":{"@type":"PropertyValueSpecification","valueRequired":true,"valueName":"search_term_string"}}],"inLanguage":"fr-FR"},{"@type":"Person","@id":"https:\/\/thierryseguin.com\/fr\/#\/schema\/person\/3ba0d9aacd1037d1a35f64b3bc81201a","name":"Thierry Seguin blogger","image":{"@type":"ImageObject","inLanguage":"fr-FR","@id":"https:\/\/secure.gravatar.com\/avatar\/?s=96&d=wavatar&r=g","url":"https:\/\/secure.gravatar.com\/avatar\/?s=96&d=wavatar&r=g","contentUrl":"https:\/\/secure.gravatar.com\/avatar\/?s=96&d=wavatar&r=g","caption":"Thierry Seguin blogger"}}]}},"_links":{"self":[{"href":"https:\/\/thierryseguin.com\/fr\/wp-json\/wp\/v2\/posts\/109","targetHints":{"allow":["GET"]}}],"collection":[{"href":"https:\/\/thierryseguin.com\/fr\/wp-json\/wp\/v2\/posts"}],"about":[{"href":"https:\/\/thierryseguin.com\/fr\/wp-json\/wp\/v2\/types\/post"}],"author":[{"embeddable":true,"href":"https:\/\/thierryseguin.com\/fr\/wp-json\/wp\/v2\/users\/2"}],"replies":[{"embeddable":true,"href":"https:\/\/thierryseguin.com\/fr\/wp-json\/wp\/v2\/comments?post=109"}],"version-history":[{"count":0,"href":"https:\/\/thierryseguin.com\/fr\/wp-json\/wp\/v2\/posts\/109\/revisions"}],"wp:attachment":[{"href":"https:\/\/thierryseguin.com\/fr\/wp-json\/wp\/v2\/media?parent=109"}],"wp:term":[{"taxonomy":"category","embeddable":true,"href":"https:\/\/thierryseguin.com\/fr\/wp-json\/wp\/v2\/categories?post=109"},{"taxonomy":"post_tag","embeddable":true,"href":"https:\/\/thierryseguin.com\/fr\/wp-json\/wp\/v2\/tags?post=109"}],"curies":[{"name":"wp","href":"https:\/\/api.w.org\/{rel}","templated":true}]}}