{"id":27,"date":"2010-02-06T10:28:00","date_gmt":"2010-02-06T09:28:00","guid":{"rendered":"http:\/\/www.thierryseguin.com\/blog\/2010\/02\/06\/uncategorized\/le-livre-du-mariage-de-veronique-et-frederic-celebre-a-saint-germain-en-laye\/"},"modified":"2013-04-19T12:26:19","modified_gmt":"2013-04-19T11:26:19","slug":"le-livre-du-mariage-de-veronique-et-frederic-celebre-a-saint-germain-en-laye","status":"publish","type":"post","link":"https:\/\/thierryseguin.com\/fr\/blog\/2010\/02\/06\/le-livre-du-mariage-de-veronique-et-frederic-celebre-a-saint-germain-en-laye\/","title":{"rendered":"Le livre du Mariage de V\u00e9ronique et Fr\u00e9d\u00e9ric c\u00e9l\u00e9br\u00e9 \u00e0 Saint-Germain-en-Laye"},"content":{"rendered":"<p>J\u2019ai eu le plaisir ce soir de livrer les 3 coffrets \u201cAmazonie\u201d contenant les livres-albums du mariage de V\u00e9ronique et Fr\u00e9d\u00e9ric, c\u00e9l\u00e9br\u00e9s \u00e0 Saint-Germain en Laye, puis au <a href=\"http:\/\/www.lalongere.com\/\">domaine de la Long\u00e8re<\/a> dans la for\u00eat de Rambouillet.<\/p>\n<p>Un tr\u00e8s bel album en couverture simili-cuir, avec leurs pr\u00e9noms estamp\u00e9s \u00e0 chaud sur la couverture, dans un coffret enti\u00e8rement personnalis\u00e9 :<\/p>\n<p><a href=\"http:\/\/lh6.ggpht.com\/__MnoThhEels\/S2201Xc3gYI\/AAAAAAAAIVE\/Cdb0LYZvZCI\/s1600-h\/Photo%20Livre%20V%C3%A9ronique%20de%20Fr%C3%A9d%C3%A9ric%5B2%5D.jpg\" target=\"_blank\"><img loading=\"lazy\" decoding=\"async\" style=\"display: inline; border-width: 0px;\" title=\"Photo Livre V\u00e9ronique de Fr\u00e9d\u00e9ric\" src=\"http:\/\/lh6.ggpht.com\/__MnoThhEels\/S2202NkgD8I\/AAAAAAAAIVI\/jUGECO3jRJY\/Photo%20Livre%20V%C3%A9ronique%20de%20Fr%C3%A9d%C3%A9ric_thumb.jpg?imgmax=800\" alt=\"Photo Livre V\u00e9ronique de Fr\u00e9d\u00e9ric\" width=\"804\" height=\"266\" border=\"0\" \/><\/a><\/p>\n<p>Dos, tranche et devant du coffret :<\/p>\n<p><img loading=\"lazy\" decoding=\"async\" style=\"display: inline; border-width: 0px;\" title=\"Livre V\u00e9ronique de Fr\u00e9d\u00e9ric\" src=\"http:\/\/lh6.ggpht.com\/__MnoThhEels\/S2203BgsCYI\/AAAAAAAAIVM\/7j0nXoP0fy0\/Livre%20V%C3%A9ronique%20de%20Fr%C3%A9d%C3%A9ric%5B3%5D.jpg?imgmax=800\" alt=\"Livre V\u00e9ronique de Fr\u00e9d\u00e9ric\" width=\"795\" height=\"394\" border=\"0\" \/><\/p>\n<p>&nbsp;<\/p>\n<p><a href=\"http:\/\/thierryseguinphotographeportrait78.blogspot.com\/2009\/07\/mariage-de-veronique-et-frederic.html\">L\u2019article de leur mariage est ici<\/a><\/p>\n","protected":false},"excerpt":{"rendered":"<p>J\u2019ai eu le plaisir ce soir de livrer les 3 coffrets \u201cAmazonie\u201d contenant les livres-albums du mariage de V\u00e9ronique et Fr\u00e9d\u00e9ric, c\u00e9l\u00e9br\u00e9s \u00e0 Saint-Germain en Laye, puis au domaine de la Long\u00e8re dans la for\u00eat de Rambouillet. Un tr\u00e8s bel album en couverture simili-cuir, avec leurs pr\u00e9noms estamp\u00e9s \u00e0 chaud sur la couverture, dans un...<\/p>\n","protected":false},"author":1,"featured_media":0,"comment_status":"open","ping_status":"open","sticky":false,"template":"","format":"standard","meta":{"pp_embeds":"","footnotes":""},"categories":[211,197],"tags":[7,344,346,345],"class_list":["post-27","post","type-post","status-publish","format-standard","hentry","category-livre-album-photo-de-mariage","category-photographe-mariage","tag-photographe-78","tag-photographe-de-mariage-yvelines-78","tag-photographe-mariage-domaine-de-la-longere-a-poigny-la-foret","tag-photographe-mariage-saint-germain-en-laye"],"yoast_head":"<!-- This site is optimized with the Yoast SEO plugin v27.5 - https:\/\/yoast.com\/product\/yoast-seo-wordpress\/ -->\n<title>Le livre du Mariage de V\u00e9ronique et Fr\u00e9d\u00e9ric c\u00e9l\u00e9br\u00e9 \u00e0 Saint-Germain-en-Laye -<\/title>\n<meta name=\"robots\" content=\"index, follow, max-snippet:-1, max-image-preview:large, max-video-preview:-1\" \/>\n<link rel=\"canonical\" href=\"https:\/\/thierryseguin.com\/fr\/blog\/2010\/02\/06\/le-livre-du-mariage-de-veronique-et-frederic-celebre-a-saint-germain-en-laye\/\" \/>\n<meta property=\"og:locale\" content=\"fr_FR\" \/>\n<meta property=\"og:type\" content=\"article\" \/>\n<meta property=\"og:title\" content=\"Le livre du Mariage de V\u00e9ronique et Fr\u00e9d\u00e9ric c\u00e9l\u00e9br\u00e9 \u00e0 Saint-Germain-en-Laye -\" \/>\n<meta property=\"og:description\" content=\"J\u2019ai eu le plaisir ce soir de livrer les 3 coffrets \u201cAmazonie\u201d contenant les livres-albums du mariage de V\u00e9ronique et Fr\u00e9d\u00e9ric, c\u00e9l\u00e9br\u00e9s \u00e0 Saint-Germain en Laye, puis au domaine de la Long\u00e8re dans la for\u00eat de Rambouillet. Un tr\u00e8s bel album en couverture simili-cuir, avec leurs pr\u00e9noms estamp\u00e9s \u00e0 chaud sur la couverture, dans un [&hellip;]\" \/>\n<meta property=\"og:url\" content=\"https:\/\/thierryseguin.com\/fr\/blog\/2010\/02\/06\/le-livre-du-mariage-de-veronique-et-frederic-celebre-a-saint-germain-en-laye\/\" \/>\n<meta property=\"og:site_name\" content=\"Thierry Seguin Photographie\" \/>\n<meta property=\"article:publisher\" content=\"https:\/\/www.facebook.com\/ThierrySeguinPhotographie\" \/>\n<meta property=\"article:author\" content=\"https:\/\/www.facebook.com\/ThierrySeguinPhotographie\" \/>\n<meta property=\"article:published_time\" content=\"2010-02-06T09:28:00+00:00\" \/>\n<meta property=\"article:modified_time\" content=\"2013-04-19T11:26:19+00:00\" \/>\n<meta property=\"og:image\" content=\"http:\/\/lh6.ggpht.com\/__MnoThhEels\/S2202NkgD8I\/AAAAAAAAIVI\/jUGECO3jRJY\/Photo%20Livre%20V%C3%A9ronique%20de%20Fr%C3%A9d%C3%A9ric_thumb.jpg?imgmax=800\" \/>\n<meta name=\"author\" content=\"Thierry Seguin\" \/>\n<meta name=\"twitter:card\" content=\"summary_large_image\" \/>\n<meta name=\"twitter:creator\" content=\"@Thierry_Seguin\" \/>\n<meta name=\"twitter:site\" content=\"@thierry_seguin\" \/>\n<meta name=\"twitter:label1\" content=\"\u00c9crit par\" \/>\n\t<meta name=\"twitter:data1\" content=\"Thierry Seguin\" \/>\n<script type=\"application\/ld+json\" class=\"yoast-schema-graph\">{\"@context\":\"https:\\\/\\\/schema.org\",\"@graph\":[{\"@type\":\"Article\",\"@id\":\"https:\\\/\\\/thierryseguin.com\\\/fr\\\/blog\\\/2010\\\/02\\\/06\\\/le-livre-du-mariage-de-veronique-et-frederic-celebre-a-saint-germain-en-laye\\\/#article\",\"isPartOf\":{\"@id\":\"https:\\\/\\\/thierryseguin.com\\\/fr\\\/blog\\\/2010\\\/02\\\/06\\\/le-livre-du-mariage-de-veronique-et-frederic-celebre-a-saint-germain-en-laye\\\/\"},\"author\":{\"name\":\"Thierry Seguin\",\"@id\":\"https:\\\/\\\/thierryseguin.com\\\/fr\\\/#\\\/schema\\\/person\\\/8a2177969876d9e522df617b883aabcd\"},\"headline\":\"Le livre du Mariage de V\u00e9ronique et Fr\u00e9d\u00e9ric c\u00e9l\u00e9br\u00e9 \u00e0 Saint-Germain-en-Laye\",\"datePublished\":\"2010-02-06T09:28:00+00:00\",\"dateModified\":\"2013-04-19T11:26:19+00:00\",\"mainEntityOfPage\":{\"@id\":\"https:\\\/\\\/thierryseguin.com\\\/fr\\\/blog\\\/2010\\\/02\\\/06\\\/le-livre-du-mariage-de-veronique-et-frederic-celebre-a-saint-germain-en-laye\\\/\"},\"wordCount\":97,\"commentCount\":0,\"image\":{\"@id\":\"https:\\\/\\\/thierryseguin.com\\\/fr\\\/blog\\\/2010\\\/02\\\/06\\\/le-livre-du-mariage-de-veronique-et-frederic-celebre-a-saint-germain-en-laye\\\/#primaryimage\"},\"thumbnailUrl\":\"http:\\\/\\\/lh6.ggpht.com\\\/__MnoThhEels\\\/S2202NkgD8I\\\/AAAAAAAAIVI\\\/jUGECO3jRJY\\\/Photo%20Livre%20V%C3%A9ronique%20de%20Fr%C3%A9d%C3%A9ric_thumb.jpg?imgmax=800\",\"keywords\":[\"Photographe 78\",\"Photographe de Mariage Yvelines 78\",\"Photographe mariage Domaine de La Long\u00e8re \u00e0 Poigny-la-For\u00eat\",\"Photographe Mariage Saint-Germain en Laye\"],\"articleSection\":[\"Livre Album Photo de Mariage\",\"Mariage\"],\"inLanguage\":\"fr-FR\",\"potentialAction\":[{\"@type\":\"CommentAction\",\"name\":\"Comment\",\"target\":[\"https:\\\/\\\/thierryseguin.com\\\/fr\\\/blog\\\/2010\\\/02\\\/06\\\/le-livre-du-mariage-de-veronique-et-frederic-celebre-a-saint-germain-en-laye\\\/#respond\"]}]},{\"@type\":\"WebPage\",\"@id\":\"https:\\\/\\\/thierryseguin.com\\\/fr\\\/blog\\\/2010\\\/02\\\/06\\\/le-livre-du-mariage-de-veronique-et-frederic-celebre-a-saint-germain-en-laye\\\/\",\"url\":\"https:\\\/\\\/thierryseguin.com\\\/fr\\\/blog\\\/2010\\\/02\\\/06\\\/le-livre-du-mariage-de-veronique-et-frederic-celebre-a-saint-germain-en-laye\\\/\",\"name\":\"Le livre du Mariage de V\u00e9ronique et Fr\u00e9d\u00e9ric c\u00e9l\u00e9br\u00e9 \u00e0 Saint-Germain-en-Laye -\",\"isPartOf\":{\"@id\":\"https:\\\/\\\/thierryseguin.com\\\/fr\\\/#website\"},\"primaryImageOfPage\":{\"@id\":\"https:\\\/\\\/thierryseguin.com\\\/fr\\\/blog\\\/2010\\\/02\\\/06\\\/le-livre-du-mariage-de-veronique-et-frederic-celebre-a-saint-germain-en-laye\\\/#primaryimage\"},\"image\":{\"@id\":\"https:\\\/\\\/thierryseguin.com\\\/fr\\\/blog\\\/2010\\\/02\\\/06\\\/le-livre-du-mariage-de-veronique-et-frederic-celebre-a-saint-germain-en-laye\\\/#primaryimage\"},\"thumbnailUrl\":\"http:\\\/\\\/lh6.ggpht.com\\\/__MnoThhEels\\\/S2202NkgD8I\\\/AAAAAAAAIVI\\\/jUGECO3jRJY\\\/Photo%20Livre%20V%C3%A9ronique%20de%20Fr%C3%A9d%C3%A9ric_thumb.jpg?imgmax=800\",\"datePublished\":\"2010-02-06T09:28:00+00:00\",\"dateModified\":\"2013-04-19T11:26:19+00:00\",\"author\":{\"@id\":\"https:\\\/\\\/thierryseguin.com\\\/fr\\\/#\\\/schema\\\/person\\\/8a2177969876d9e522df617b883aabcd\"},\"breadcrumb\":{\"@id\":\"https:\\\/\\\/thierryseguin.com\\\/fr\\\/blog\\\/2010\\\/02\\\/06\\\/le-livre-du-mariage-de-veronique-et-frederic-celebre-a-saint-germain-en-laye\\\/#breadcrumb\"},\"inLanguage\":\"fr-FR\",\"potentialAction\":[{\"@type\":\"ReadAction\",\"target\":[\"https:\\\/\\\/thierryseguin.com\\\/fr\\\/blog\\\/2010\\\/02\\\/06\\\/le-livre-du-mariage-de-veronique-et-frederic-celebre-a-saint-germain-en-laye\\\/\"]}]},{\"@type\":\"ImageObject\",\"inLanguage\":\"fr-FR\",\"@id\":\"https:\\\/\\\/thierryseguin.com\\\/fr\\\/blog\\\/2010\\\/02\\\/06\\\/le-livre-du-mariage-de-veronique-et-frederic-celebre-a-saint-germain-en-laye\\\/#primaryimage\",\"url\":\"http:\\\/\\\/lh6.ggpht.com\\\/__MnoThhEels\\\/S2202NkgD8I\\\/AAAAAAAAIVI\\\/jUGECO3jRJY\\\/Photo%20Livre%20V%C3%A9ronique%20de%20Fr%C3%A9d%C3%A9ric_thumb.jpg?imgmax=800\",\"contentUrl\":\"http:\\\/\\\/lh6.ggpht.com\\\/__MnoThhEels\\\/S2202NkgD8I\\\/AAAAAAAAIVI\\\/jUGECO3jRJY\\\/Photo%20Livre%20V%C3%A9ronique%20de%20Fr%C3%A9d%C3%A9ric_thumb.jpg?imgmax=800\"},{\"@type\":\"BreadcrumbList\",\"@id\":\"https:\\\/\\\/thierryseguin.com\\\/fr\\\/blog\\\/2010\\\/02\\\/06\\\/le-livre-du-mariage-de-veronique-et-frederic-celebre-a-saint-germain-en-laye\\\/#breadcrumb\",\"itemListElement\":[{\"@type\":\"ListItem\",\"position\":1,\"name\":\"Accueil\",\"item\":\"https:\\\/\\\/thierryseguin.com\\\/fr\\\/\"},{\"@type\":\"ListItem\",\"position\":2,\"name\":\"Le livre du Mariage de V\u00e9ronique et Fr\u00e9d\u00e9ric c\u00e9l\u00e9br\u00e9 \u00e0 Saint-Germain-en-Laye\"}]},{\"@type\":\"WebSite\",\"@id\":\"https:\\\/\\\/thierryseguin.com\\\/fr\\\/#website\",\"url\":\"https:\\\/\\\/thierryseguin.com\\\/fr\\\/\",\"name\":\"Thierry Seguin Photographie\",\"description\":\"Photographe de Portrait de Famille, Grossesse, B\u00e9b\u00e9s, Mariage\",\"potentialAction\":[{\"@type\":\"SearchAction\",\"target\":{\"@type\":\"EntryPoint\",\"urlTemplate\":\"https:\\\/\\\/thierryseguin.com\\\/fr\\\/?s={search_term_string}\"},\"query-input\":{\"@type\":\"PropertyValueSpecification\",\"valueRequired\":true,\"valueName\":\"search_term_string\"}}],\"inLanguage\":\"fr-FR\"},{\"@type\":\"Person\",\"@id\":\"https:\\\/\\\/thierryseguin.com\\\/fr\\\/#\\\/schema\\\/person\\\/8a2177969876d9e522df617b883aabcd\",\"name\":\"Thierry Seguin\",\"image\":{\"@type\":\"ImageObject\",\"inLanguage\":\"fr-FR\",\"@id\":\"https:\\\/\\\/secure.gravatar.com\\\/avatar\\\/d49758ec13b28e5f4e60f685b1ae0f54e0ca43c593ce43822c52701982336750?s=96&d=wavatar&r=g\",\"url\":\"https:\\\/\\\/secure.gravatar.com\\\/avatar\\\/d49758ec13b28e5f4e60f685b1ae0f54e0ca43c593ce43822c52701982336750?s=96&d=wavatar&r=g\",\"contentUrl\":\"https:\\\/\\\/secure.gravatar.com\\\/avatar\\\/d49758ec13b28e5f4e60f685b1ae0f54e0ca43c593ce43822c52701982336750?s=96&d=wavatar&r=g\",\"caption\":\"Thierry Seguin\"},\"description\":\"Depuis votre mariage, votre grossesse, puis la naissance de vos enfants, Thierry Seguin Photographie illustre les moments cl\u00e9s de votre vie. Il saisit les instants magiques charg\u00e9s d'\u00e9motions et de joie, tout au long de l\u2019inoubliable journ\u00e9e de votre mariage. Sa sensibilit\u00e9 s'exprime \u00e9galement lors de s\u00e9ances portraits originales et cr\u00e9atives, dont la s\u00e9ance \\\"amoureux\\\" et la s\u00e9ance \\\"Couple Mari\u00e9\\\" ou \\\"Trash The Dress\\\". Des livres-albums de grande qualit\u00e9, originaux et personnalis\u00e9s, des diaporamas et DVD avec droits c\u00e9d\u00e9s, sont les supports intemporels de ce grand jour. Install\u00e9 \u00e0 Viroflay, pr\u00e8s de Paris et Versailles, le photographe vous re\u00e7oit dans la galerie de son studio. Il couvre votre reportage en France, comme \u00e0 l'\u00e9tranger.\",\"sameAs\":[\"http:\\\/\\\/www.thierryseguin.com\",\"https:\\\/\\\/www.facebook.com\\\/ThierrySeguinPhotographie\",\"https:\\\/\\\/x.com\\\/Thierry_Seguin\"]}]}<\/script>\n<!-- \/ Yoast SEO plugin. -->","yoast_head_json":{"title":"Le livre du Mariage de V\u00e9ronique et Fr\u00e9d\u00e9ric c\u00e9l\u00e9br\u00e9 \u00e0 Saint-Germain-en-Laye -","robots":{"index":"index","follow":"follow","max-snippet":"max-snippet:-1","max-image-preview":"max-image-preview:large","max-video-preview":"max-video-preview:-1"},"canonical":"https:\/\/thierryseguin.com\/fr\/blog\/2010\/02\/06\/le-livre-du-mariage-de-veronique-et-frederic-celebre-a-saint-germain-en-laye\/","og_locale":"fr_FR","og_type":"article","og_title":"Le livre du Mariage de V\u00e9ronique et Fr\u00e9d\u00e9ric c\u00e9l\u00e9br\u00e9 \u00e0 Saint-Germain-en-Laye -","og_description":"J\u2019ai eu le plaisir ce soir de livrer les 3 coffrets \u201cAmazonie\u201d contenant les livres-albums du mariage de V\u00e9ronique et Fr\u00e9d\u00e9ric, c\u00e9l\u00e9br\u00e9s \u00e0 Saint-Germain en Laye, puis au domaine de la Long\u00e8re dans la for\u00eat de Rambouillet. Un tr\u00e8s bel album en couverture simili-cuir, avec leurs pr\u00e9noms estamp\u00e9s \u00e0 chaud sur la couverture, dans un [&hellip;]","og_url":"https:\/\/thierryseguin.com\/fr\/blog\/2010\/02\/06\/le-livre-du-mariage-de-veronique-et-frederic-celebre-a-saint-germain-en-laye\/","og_site_name":"Thierry Seguin Photographie","article_publisher":"https:\/\/www.facebook.com\/ThierrySeguinPhotographie","article_author":"https:\/\/www.facebook.com\/ThierrySeguinPhotographie","article_published_time":"2010-02-06T09:28:00+00:00","article_modified_time":"2013-04-19T11:26:19+00:00","og_image":[{"url":"http:\/\/lh6.ggpht.com\/__MnoThhEels\/S2202NkgD8I\/AAAAAAAAIVI\/jUGECO3jRJY\/Photo%20Livre%20V%C3%A9ronique%20de%20Fr%C3%A9d%C3%A9ric_thumb.jpg?imgmax=800","type":"","width":"","height":""}],"author":"Thierry Seguin","twitter_card":"summary_large_image","twitter_creator":"@Thierry_Seguin","twitter_site":"@thierry_seguin","twitter_misc":{"\u00c9crit par":"Thierry Seguin"},"schema":{"@context":"https:\/\/schema.org","@graph":[{"@type":"Article","@id":"https:\/\/thierryseguin.com\/fr\/blog\/2010\/02\/06\/le-livre-du-mariage-de-veronique-et-frederic-celebre-a-saint-germain-en-laye\/#article","isPartOf":{"@id":"https:\/\/thierryseguin.com\/fr\/blog\/2010\/02\/06\/le-livre-du-mariage-de-veronique-et-frederic-celebre-a-saint-germain-en-laye\/"},"author":{"name":"Thierry Seguin","@id":"https:\/\/thierryseguin.com\/fr\/#\/schema\/person\/8a2177969876d9e522df617b883aabcd"},"headline":"Le livre du Mariage de V\u00e9ronique et Fr\u00e9d\u00e9ric c\u00e9l\u00e9br\u00e9 \u00e0 Saint-Germain-en-Laye","datePublished":"2010-02-06T09:28:00+00:00","dateModified":"2013-04-19T11:26:19+00:00","mainEntityOfPage":{"@id":"https:\/\/thierryseguin.com\/fr\/blog\/2010\/02\/06\/le-livre-du-mariage-de-veronique-et-frederic-celebre-a-saint-germain-en-laye\/"},"wordCount":97,"commentCount":0,"image":{"@id":"https:\/\/thierryseguin.com\/fr\/blog\/2010\/02\/06\/le-livre-du-mariage-de-veronique-et-frederic-celebre-a-saint-germain-en-laye\/#primaryimage"},"thumbnailUrl":"http:\/\/lh6.ggpht.com\/__MnoThhEels\/S2202NkgD8I\/AAAAAAAAIVI\/jUGECO3jRJY\/Photo%20Livre%20V%C3%A9ronique%20de%20Fr%C3%A9d%C3%A9ric_thumb.jpg?imgmax=800","keywords":["Photographe 78","Photographe de Mariage Yvelines 78","Photographe mariage Domaine de La Long\u00e8re \u00e0 Poigny-la-For\u00eat","Photographe Mariage Saint-Germain en Laye"],"articleSection":["Livre Album Photo de Mariage","Mariage"],"inLanguage":"fr-FR","potentialAction":[{"@type":"CommentAction","name":"Comment","target":["https:\/\/thierryseguin.com\/fr\/blog\/2010\/02\/06\/le-livre-du-mariage-de-veronique-et-frederic-celebre-a-saint-germain-en-laye\/#respond"]}]},{"@type":"WebPage","@id":"https:\/\/thierryseguin.com\/fr\/blog\/2010\/02\/06\/le-livre-du-mariage-de-veronique-et-frederic-celebre-a-saint-germain-en-laye\/","url":"https:\/\/thierryseguin.com\/fr\/blog\/2010\/02\/06\/le-livre-du-mariage-de-veronique-et-frederic-celebre-a-saint-germain-en-laye\/","name":"Le livre du Mariage de V\u00e9ronique et Fr\u00e9d\u00e9ric c\u00e9l\u00e9br\u00e9 \u00e0 Saint-Germain-en-Laye -","isPartOf":{"@id":"https:\/\/thierryseguin.com\/fr\/#website"},"primaryImageOfPage":{"@id":"https:\/\/thierryseguin.com\/fr\/blog\/2010\/02\/06\/le-livre-du-mariage-de-veronique-et-frederic-celebre-a-saint-germain-en-laye\/#primaryimage"},"image":{"@id":"https:\/\/thierryseguin.com\/fr\/blog\/2010\/02\/06\/le-livre-du-mariage-de-veronique-et-frederic-celebre-a-saint-germain-en-laye\/#primaryimage"},"thumbnailUrl":"http:\/\/lh6.ggpht.com\/__MnoThhEels\/S2202NkgD8I\/AAAAAAAAIVI\/jUGECO3jRJY\/Photo%20Livre%20V%C3%A9ronique%20de%20Fr%C3%A9d%C3%A9ric_thumb.jpg?imgmax=800","datePublished":"2010-02-06T09:28:00+00:00","dateModified":"2013-04-19T11:26:19+00:00","author":{"@id":"https:\/\/thierryseguin.com\/fr\/#\/schema\/person\/8a2177969876d9e522df617b883aabcd"},"breadcrumb":{"@id":"https:\/\/thierryseguin.com\/fr\/blog\/2010\/02\/06\/le-livre-du-mariage-de-veronique-et-frederic-celebre-a-saint-germain-en-laye\/#breadcrumb"},"inLanguage":"fr-FR","potentialAction":[{"@type":"ReadAction","target":["https:\/\/thierryseguin.com\/fr\/blog\/2010\/02\/06\/le-livre-du-mariage-de-veronique-et-frederic-celebre-a-saint-germain-en-laye\/"]}]},{"@type":"ImageObject","inLanguage":"fr-FR","@id":"https:\/\/thierryseguin.com\/fr\/blog\/2010\/02\/06\/le-livre-du-mariage-de-veronique-et-frederic-celebre-a-saint-germain-en-laye\/#primaryimage","url":"http:\/\/lh6.ggpht.com\/__MnoThhEels\/S2202NkgD8I\/AAAAAAAAIVI\/jUGECO3jRJY\/Photo%20Livre%20V%C3%A9ronique%20de%20Fr%C3%A9d%C3%A9ric_thumb.jpg?imgmax=800","contentUrl":"http:\/\/lh6.ggpht.com\/__MnoThhEels\/S2202NkgD8I\/AAAAAAAAIVI\/jUGECO3jRJY\/Photo%20Livre%20V%C3%A9ronique%20de%20Fr%C3%A9d%C3%A9ric_thumb.jpg?imgmax=800"},{"@type":"BreadcrumbList","@id":"https:\/\/thierryseguin.com\/fr\/blog\/2010\/02\/06\/le-livre-du-mariage-de-veronique-et-frederic-celebre-a-saint-germain-en-laye\/#breadcrumb","itemListElement":[{"@type":"ListItem","position":1,"name":"Accueil","item":"https:\/\/thierryseguin.com\/fr\/"},{"@type":"ListItem","position":2,"name":"Le livre du Mariage de V\u00e9ronique et Fr\u00e9d\u00e9ric c\u00e9l\u00e9br\u00e9 \u00e0 Saint-Germain-en-Laye"}]},{"@type":"WebSite","@id":"https:\/\/thierryseguin.com\/fr\/#website","url":"https:\/\/thierryseguin.com\/fr\/","name":"Thierry Seguin Photographie","description":"Photographe de Portrait de Famille, Grossesse, B\u00e9b\u00e9s, Mariage","potentialAction":[{"@type":"SearchAction","target":{"@type":"EntryPoint","urlTemplate":"https:\/\/thierryseguin.com\/fr\/?s={search_term_string}"},"query-input":{"@type":"PropertyValueSpecification","valueRequired":true,"valueName":"search_term_string"}}],"inLanguage":"fr-FR"},{"@type":"Person","@id":"https:\/\/thierryseguin.com\/fr\/#\/schema\/person\/8a2177969876d9e522df617b883aabcd","name":"Thierry Seguin","image":{"@type":"ImageObject","inLanguage":"fr-FR","@id":"https:\/\/secure.gravatar.com\/avatar\/d49758ec13b28e5f4e60f685b1ae0f54e0ca43c593ce43822c52701982336750?s=96&d=wavatar&r=g","url":"https:\/\/secure.gravatar.com\/avatar\/d49758ec13b28e5f4e60f685b1ae0f54e0ca43c593ce43822c52701982336750?s=96&d=wavatar&r=g","contentUrl":"https:\/\/secure.gravatar.com\/avatar\/d49758ec13b28e5f4e60f685b1ae0f54e0ca43c593ce43822c52701982336750?s=96&d=wavatar&r=g","caption":"Thierry Seguin"},"description":"Depuis votre mariage, votre grossesse, puis la naissance de vos enfants, Thierry Seguin Photographie illustre les moments cl\u00e9s de votre vie. Il saisit les instants magiques charg\u00e9s d'\u00e9motions et de joie, tout au long de l\u2019inoubliable journ\u00e9e de votre mariage. Sa sensibilit\u00e9 s'exprime \u00e9galement lors de s\u00e9ances portraits originales et cr\u00e9atives, dont la s\u00e9ance \"amoureux\" et la s\u00e9ance \"Couple Mari\u00e9\" ou \"Trash The Dress\". Des livres-albums de grande qualit\u00e9, originaux et personnalis\u00e9s, des diaporamas et DVD avec droits c\u00e9d\u00e9s, sont les supports intemporels de ce grand jour. Install\u00e9 \u00e0 Viroflay, pr\u00e8s de Paris et Versailles, le photographe vous re\u00e7oit dans la galerie de son studio. Il couvre votre reportage en France, comme \u00e0 l'\u00e9tranger.","sameAs":["http:\/\/www.thierryseguin.com","https:\/\/www.facebook.com\/ThierrySeguinPhotographie","https:\/\/x.com\/Thierry_Seguin"]}]}},"_links":{"self":[{"href":"https:\/\/thierryseguin.com\/fr\/wp-json\/wp\/v2\/posts\/27","targetHints":{"allow":["GET"]}}],"collection":[{"href":"https:\/\/thierryseguin.com\/fr\/wp-json\/wp\/v2\/posts"}],"about":[{"href":"https:\/\/thierryseguin.com\/fr\/wp-json\/wp\/v2\/types\/post"}],"author":[{"embeddable":true,"href":"https:\/\/thierryseguin.com\/fr\/wp-json\/wp\/v2\/users\/1"}],"replies":[{"embeddable":true,"href":"https:\/\/thierryseguin.com\/fr\/wp-json\/wp\/v2\/comments?post=27"}],"version-history":[{"count":13,"href":"https:\/\/thierryseguin.com\/fr\/wp-json\/wp\/v2\/posts\/27\/revisions"}],"predecessor-version":[{"id":6344,"href":"https:\/\/thierryseguin.com\/fr\/wp-json\/wp\/v2\/posts\/27\/revisions\/6344"}],"wp:attachment":[{"href":"https:\/\/thierryseguin.com\/fr\/wp-json\/wp\/v2\/media?parent=27"}],"wp:term":[{"taxonomy":"category","embeddable":true,"href":"https:\/\/thierryseguin.com\/fr\/wp-json\/wp\/v2\/categories?post=27"},{"taxonomy":"post_tag","embeddable":true,"href":"https:\/\/thierryseguin.com\/fr\/wp-json\/wp\/v2\/tags?post=27"}],"curies":[{"name":"wp","href":"https:\/\/api.w.org\/{rel}","templated":true}]}}