{"id":28,"date":"2010-02-06T04:25:00","date_gmt":"2010-02-06T03:25:00","guid":{"rendered":"http:\/\/www.thierryseguin.com\/blog\/2010\/02\/06\/uncategorized\/le-livre-du-mariage-de-farah-et-nacer-a-feizin-lyon-villefranche-sur-saone\/"},"modified":"2013-06-02T20:52:45","modified_gmt":"2013-06-02T19:52:45","slug":"le-livre-du-mariage-de-farah-et-nacer-a-feizin-lyon-villefranche-sur-saone","status":"publish","type":"post","link":"https:\/\/thierryseguin.com\/fr\/blog\/2010\/02\/06\/le-livre-du-mariage-de-farah-et-nacer-a-feizin-lyon-villefranche-sur-saone\/","title":{"rendered":"Le livre du mariage de Farah et Nacer \u00e0 Feizin, Lyon, Villefranche-sur-Sa\u00f4ne"},"content":{"rendered":"<p>J\u2019ai le plaisir de vous faire partager le livre du mariage que viennent de me commander Farah et Nacer, en souvenir de leur mariage que j\u2019ai photographi\u00e9 le 25 octobre 2008.<\/p>\n<p><a title=\"Livre de Farah et Nacer\" href=\"https:\/\/plus.google.com\/photos\/106006221114722072450\/albums\/5815547874649508865\/5815547892494308866?banner=pwa&amp;pid=5815547892494308866&amp;oid=106006221114722072450\" target=\"_blank\">Cliquez sur le livre pour le parcourir.<\/a><\/p>\n<p><a title=\"Le livre du mariage de Farah et Nacer \u00e0 Feizin, Lyon, Villefranche-sur-Sa\u00f4ne\" href=\"https:\/\/plus.google.com\/photos\/106006221114722072450\/albums\/5815547874649508865\/5815547892494308866?banner=pwa&amp;pid=5815547892494308866&amp;oid=106006221114722072450\" target=\"_blank\"><img loading=\"lazy\" decoding=\"async\" style=\"display: inline; border: 0px;\" title=\"Livre Farah nacer\" alt=\"Livre Farah nacer\" src=\"http:\/\/lh5.ggpht.com\/__MnoThhEels\/S21f0YP-byI\/AAAAAAAAIVA\/PIqUZRNocR8\/Livre%20Farah%20nacer%5B4%5D.jpg?imgmax=800\" width=\"787\" height=\"432\" border=\"0\" \/><\/a><\/p>\n<p>Je souhaite beaucoup de bonheur aux jeunes \u00e9poux, qui pr\u00e9parent l\u2019agrandissement de la famille\u2026<\/p>\n","protected":false},"excerpt":{"rendered":"<p>J\u2019ai le plaisir de vous faire partager le livre du mariage que viennent de me commander Farah et Nacer, en souvenir de leur mariage que j\u2019ai photographi\u00e9 le 25 octobre 2008. Cliquez sur le livre pour le parcourir. Je souhaite beaucoup de bonheur aux jeunes \u00e9poux, qui pr\u00e9parent l\u2019agrandissement de la famille\u2026<\/p>\n","protected":false},"author":1,"featured_media":0,"comment_status":"open","ping_status":"open","sticky":false,"template":"","format":"standard","meta":{"pp_embeds":"","footnotes":""},"categories":[211,197],"tags":[914,3,393,391,392],"class_list":["post-28","post","type-post","status-publish","format-standard","hentry","category-livre-album-photo-de-mariage","category-photographe-mariage","tag-photographe-de-mariage-et-de-portrait-bouches-du-rhone-69","tag-photographe-de-mariage-ethnique","tag-photographe-de-mariage-villefranche-sur-saone","tag-photographe-mariage-feyzin","tag-photographe-mariage-lyon"],"yoast_head":"<!-- This site is optimized with the Yoast SEO plugin v27.5 - https:\/\/yoast.com\/product\/yoast-seo-wordpress\/ -->\n<title>Le livre du mariage de Farah et Nacer \u00e0 Feizin, Lyon, Villefranche-sur-Sa\u00f4ne -<\/title>\n<meta name=\"robots\" content=\"index, follow, max-snippet:-1, max-image-preview:large, max-video-preview:-1\" \/>\n<link rel=\"canonical\" href=\"https:\/\/thierryseguin.com\/fr\/blog\/2010\/02\/06\/le-livre-du-mariage-de-farah-et-nacer-a-feizin-lyon-villefranche-sur-saone\/\" \/>\n<meta property=\"og:locale\" content=\"fr_FR\" \/>\n<meta property=\"og:type\" content=\"article\" \/>\n<meta property=\"og:title\" content=\"Le livre du mariage de Farah et Nacer \u00e0 Feizin, Lyon, Villefranche-sur-Sa\u00f4ne -\" \/>\n<meta property=\"og:description\" content=\"J\u2019ai le plaisir de vous faire partager le livre du mariage que viennent de me commander Farah et Nacer, en souvenir de leur mariage que j\u2019ai photographi\u00e9 le 25 octobre 2008. Cliquez sur le livre pour le parcourir. Je souhaite beaucoup de bonheur aux jeunes \u00e9poux, qui pr\u00e9parent l\u2019agrandissement de la famille\u2026\" \/>\n<meta property=\"og:url\" content=\"https:\/\/thierryseguin.com\/fr\/blog\/2010\/02\/06\/le-livre-du-mariage-de-farah-et-nacer-a-feizin-lyon-villefranche-sur-saone\/\" \/>\n<meta property=\"og:site_name\" content=\"Thierry Seguin Photographie\" \/>\n<meta property=\"article:publisher\" content=\"https:\/\/www.facebook.com\/ThierrySeguinPhotographie\" \/>\n<meta property=\"article:author\" content=\"https:\/\/www.facebook.com\/ThierrySeguinPhotographie\" \/>\n<meta property=\"article:published_time\" content=\"2010-02-06T03:25:00+00:00\" \/>\n<meta property=\"article:modified_time\" content=\"2013-06-02T19:52:45+00:00\" \/>\n<meta property=\"og:image\" content=\"http:\/\/lh5.ggpht.com\/__MnoThhEels\/S21f0YP-byI\/AAAAAAAAIVA\/PIqUZRNocR8\/Livre%20Farah%20nacer%5B4%5D.jpg?imgmax=800\" \/>\n<meta name=\"author\" content=\"Thierry Seguin\" \/>\n<meta name=\"twitter:card\" content=\"summary_large_image\" \/>\n<meta name=\"twitter:creator\" content=\"@Thierry_Seguin\" \/>\n<meta name=\"twitter:site\" content=\"@thierry_seguin\" \/>\n<meta name=\"twitter:label1\" content=\"\u00c9crit par\" \/>\n\t<meta name=\"twitter:data1\" content=\"Thierry Seguin\" \/>\n<script type=\"application\/ld+json\" class=\"yoast-schema-graph\">{\"@context\":\"https:\\\/\\\/schema.org\",\"@graph\":[{\"@type\":\"Article\",\"@id\":\"https:\\\/\\\/thierryseguin.com\\\/fr\\\/blog\\\/2010\\\/02\\\/06\\\/le-livre-du-mariage-de-farah-et-nacer-a-feizin-lyon-villefranche-sur-saone\\\/#article\",\"isPartOf\":{\"@id\":\"https:\\\/\\\/thierryseguin.com\\\/fr\\\/blog\\\/2010\\\/02\\\/06\\\/le-livre-du-mariage-de-farah-et-nacer-a-feizin-lyon-villefranche-sur-saone\\\/\"},\"author\":{\"name\":\"Thierry Seguin\",\"@id\":\"https:\\\/\\\/thierryseguin.com\\\/fr\\\/#\\\/schema\\\/person\\\/8a2177969876d9e522df617b883aabcd\"},\"headline\":\"Le livre du mariage de Farah et Nacer \u00e0 Feizin, Lyon, Villefranche-sur-Sa\u00f4ne\",\"datePublished\":\"2010-02-06T03:25:00+00:00\",\"dateModified\":\"2013-06-02T19:52:45+00:00\",\"mainEntityOfPage\":{\"@id\":\"https:\\\/\\\/thierryseguin.com\\\/fr\\\/blog\\\/2010\\\/02\\\/06\\\/le-livre-du-mariage-de-farah-et-nacer-a-feizin-lyon-villefranche-sur-saone\\\/\"},\"wordCount\":66,\"commentCount\":0,\"image\":{\"@id\":\"https:\\\/\\\/thierryseguin.com\\\/fr\\\/blog\\\/2010\\\/02\\\/06\\\/le-livre-du-mariage-de-farah-et-nacer-a-feizin-lyon-villefranche-sur-saone\\\/#primaryimage\"},\"thumbnailUrl\":\"http:\\\/\\\/lh5.ggpht.com\\\/__MnoThhEels\\\/S21f0YP-byI\\\/AAAAAAAAIVA\\\/PIqUZRNocR8\\\/Livre%20Farah%20nacer%5B4%5D.jpg?imgmax=800\",\"keywords\":[\"Photographe de mariage et de portrait bouches du rhone 69\",\"Photographe de Mariage Ethnique\",\"Photographe de Mariage Villefranche-sur-Sa\u00f4ne\",\"photographe Mariage Feyzin\",\"photographe Mariage Lyon\"],\"articleSection\":[\"Livre Album Photo de Mariage\",\"Mariage\"],\"inLanguage\":\"fr-FR\",\"potentialAction\":[{\"@type\":\"CommentAction\",\"name\":\"Comment\",\"target\":[\"https:\\\/\\\/thierryseguin.com\\\/fr\\\/blog\\\/2010\\\/02\\\/06\\\/le-livre-du-mariage-de-farah-et-nacer-a-feizin-lyon-villefranche-sur-saone\\\/#respond\"]}]},{\"@type\":\"WebPage\",\"@id\":\"https:\\\/\\\/thierryseguin.com\\\/fr\\\/blog\\\/2010\\\/02\\\/06\\\/le-livre-du-mariage-de-farah-et-nacer-a-feizin-lyon-villefranche-sur-saone\\\/\",\"url\":\"https:\\\/\\\/thierryseguin.com\\\/fr\\\/blog\\\/2010\\\/02\\\/06\\\/le-livre-du-mariage-de-farah-et-nacer-a-feizin-lyon-villefranche-sur-saone\\\/\",\"name\":\"Le livre du mariage de Farah et Nacer \u00e0 Feizin, Lyon, Villefranche-sur-Sa\u00f4ne -\",\"isPartOf\":{\"@id\":\"https:\\\/\\\/thierryseguin.com\\\/fr\\\/#website\"},\"primaryImageOfPage\":{\"@id\":\"https:\\\/\\\/thierryseguin.com\\\/fr\\\/blog\\\/2010\\\/02\\\/06\\\/le-livre-du-mariage-de-farah-et-nacer-a-feizin-lyon-villefranche-sur-saone\\\/#primaryimage\"},\"image\":{\"@id\":\"https:\\\/\\\/thierryseguin.com\\\/fr\\\/blog\\\/2010\\\/02\\\/06\\\/le-livre-du-mariage-de-farah-et-nacer-a-feizin-lyon-villefranche-sur-saone\\\/#primaryimage\"},\"thumbnailUrl\":\"http:\\\/\\\/lh5.ggpht.com\\\/__MnoThhEels\\\/S21f0YP-byI\\\/AAAAAAAAIVA\\\/PIqUZRNocR8\\\/Livre%20Farah%20nacer%5B4%5D.jpg?imgmax=800\",\"datePublished\":\"2010-02-06T03:25:00+00:00\",\"dateModified\":\"2013-06-02T19:52:45+00:00\",\"author\":{\"@id\":\"https:\\\/\\\/thierryseguin.com\\\/fr\\\/#\\\/schema\\\/person\\\/8a2177969876d9e522df617b883aabcd\"},\"breadcrumb\":{\"@id\":\"https:\\\/\\\/thierryseguin.com\\\/fr\\\/blog\\\/2010\\\/02\\\/06\\\/le-livre-du-mariage-de-farah-et-nacer-a-feizin-lyon-villefranche-sur-saone\\\/#breadcrumb\"},\"inLanguage\":\"fr-FR\",\"potentialAction\":[{\"@type\":\"ReadAction\",\"target\":[\"https:\\\/\\\/thierryseguin.com\\\/fr\\\/blog\\\/2010\\\/02\\\/06\\\/le-livre-du-mariage-de-farah-et-nacer-a-feizin-lyon-villefranche-sur-saone\\\/\"]}]},{\"@type\":\"ImageObject\",\"inLanguage\":\"fr-FR\",\"@id\":\"https:\\\/\\\/thierryseguin.com\\\/fr\\\/blog\\\/2010\\\/02\\\/06\\\/le-livre-du-mariage-de-farah-et-nacer-a-feizin-lyon-villefranche-sur-saone\\\/#primaryimage\",\"url\":\"http:\\\/\\\/lh5.ggpht.com\\\/__MnoThhEels\\\/S21f0YP-byI\\\/AAAAAAAAIVA\\\/PIqUZRNocR8\\\/Livre%20Farah%20nacer%5B4%5D.jpg?imgmax=800\",\"contentUrl\":\"http:\\\/\\\/lh5.ggpht.com\\\/__MnoThhEels\\\/S21f0YP-byI\\\/AAAAAAAAIVA\\\/PIqUZRNocR8\\\/Livre%20Farah%20nacer%5B4%5D.jpg?imgmax=800\"},{\"@type\":\"BreadcrumbList\",\"@id\":\"https:\\\/\\\/thierryseguin.com\\\/fr\\\/blog\\\/2010\\\/02\\\/06\\\/le-livre-du-mariage-de-farah-et-nacer-a-feizin-lyon-villefranche-sur-saone\\\/#breadcrumb\",\"itemListElement\":[{\"@type\":\"ListItem\",\"position\":1,\"name\":\"Accueil\",\"item\":\"https:\\\/\\\/thierryseguin.com\\\/fr\\\/\"},{\"@type\":\"ListItem\",\"position\":2,\"name\":\"Le livre du mariage de Farah et Nacer \u00e0 Feizin, Lyon, Villefranche-sur-Sa\u00f4ne\"}]},{\"@type\":\"WebSite\",\"@id\":\"https:\\\/\\\/thierryseguin.com\\\/fr\\\/#website\",\"url\":\"https:\\\/\\\/thierryseguin.com\\\/fr\\\/\",\"name\":\"Thierry Seguin Photographie\",\"description\":\"Photographe de Portrait de Famille, Grossesse, B\u00e9b\u00e9s, Mariage\",\"potentialAction\":[{\"@type\":\"SearchAction\",\"target\":{\"@type\":\"EntryPoint\",\"urlTemplate\":\"https:\\\/\\\/thierryseguin.com\\\/fr\\\/?s={search_term_string}\"},\"query-input\":{\"@type\":\"PropertyValueSpecification\",\"valueRequired\":true,\"valueName\":\"search_term_string\"}}],\"inLanguage\":\"fr-FR\"},{\"@type\":\"Person\",\"@id\":\"https:\\\/\\\/thierryseguin.com\\\/fr\\\/#\\\/schema\\\/person\\\/8a2177969876d9e522df617b883aabcd\",\"name\":\"Thierry Seguin\",\"image\":{\"@type\":\"ImageObject\",\"inLanguage\":\"fr-FR\",\"@id\":\"https:\\\/\\\/secure.gravatar.com\\\/avatar\\\/d49758ec13b28e5f4e60f685b1ae0f54e0ca43c593ce43822c52701982336750?s=96&d=wavatar&r=g\",\"url\":\"https:\\\/\\\/secure.gravatar.com\\\/avatar\\\/d49758ec13b28e5f4e60f685b1ae0f54e0ca43c593ce43822c52701982336750?s=96&d=wavatar&r=g\",\"contentUrl\":\"https:\\\/\\\/secure.gravatar.com\\\/avatar\\\/d49758ec13b28e5f4e60f685b1ae0f54e0ca43c593ce43822c52701982336750?s=96&d=wavatar&r=g\",\"caption\":\"Thierry Seguin\"},\"description\":\"Depuis votre mariage, votre grossesse, puis la naissance de vos enfants, Thierry Seguin Photographie illustre les moments cl\u00e9s de votre vie. Il saisit les instants magiques charg\u00e9s d'\u00e9motions et de joie, tout au long de l\u2019inoubliable journ\u00e9e de votre mariage. Sa sensibilit\u00e9 s'exprime \u00e9galement lors de s\u00e9ances portraits originales et cr\u00e9atives, dont la s\u00e9ance \\\"amoureux\\\" et la s\u00e9ance \\\"Couple Mari\u00e9\\\" ou \\\"Trash The Dress\\\". Des livres-albums de grande qualit\u00e9, originaux et personnalis\u00e9s, des diaporamas et DVD avec droits c\u00e9d\u00e9s, sont les supports intemporels de ce grand jour. Install\u00e9 \u00e0 Viroflay, pr\u00e8s de Paris et Versailles, le photographe vous re\u00e7oit dans la galerie de son studio. Il couvre votre reportage en France, comme \u00e0 l'\u00e9tranger.\",\"sameAs\":[\"http:\\\/\\\/www.thierryseguin.com\",\"https:\\\/\\\/www.facebook.com\\\/ThierrySeguinPhotographie\",\"https:\\\/\\\/x.com\\\/Thierry_Seguin\"]}]}<\/script>\n<!-- \/ Yoast SEO plugin. -->","yoast_head_json":{"title":"Le livre du mariage de Farah et Nacer \u00e0 Feizin, Lyon, Villefranche-sur-Sa\u00f4ne -","robots":{"index":"index","follow":"follow","max-snippet":"max-snippet:-1","max-image-preview":"max-image-preview:large","max-video-preview":"max-video-preview:-1"},"canonical":"https:\/\/thierryseguin.com\/fr\/blog\/2010\/02\/06\/le-livre-du-mariage-de-farah-et-nacer-a-feizin-lyon-villefranche-sur-saone\/","og_locale":"fr_FR","og_type":"article","og_title":"Le livre du mariage de Farah et Nacer \u00e0 Feizin, Lyon, Villefranche-sur-Sa\u00f4ne -","og_description":"J\u2019ai le plaisir de vous faire partager le livre du mariage que viennent de me commander Farah et Nacer, en souvenir de leur mariage que j\u2019ai photographi\u00e9 le 25 octobre 2008. Cliquez sur le livre pour le parcourir. Je souhaite beaucoup de bonheur aux jeunes \u00e9poux, qui pr\u00e9parent l\u2019agrandissement de la famille\u2026","og_url":"https:\/\/thierryseguin.com\/fr\/blog\/2010\/02\/06\/le-livre-du-mariage-de-farah-et-nacer-a-feizin-lyon-villefranche-sur-saone\/","og_site_name":"Thierry Seguin Photographie","article_publisher":"https:\/\/www.facebook.com\/ThierrySeguinPhotographie","article_author":"https:\/\/www.facebook.com\/ThierrySeguinPhotographie","article_published_time":"2010-02-06T03:25:00+00:00","article_modified_time":"2013-06-02T19:52:45+00:00","og_image":[{"url":"http:\/\/lh5.ggpht.com\/__MnoThhEels\/S21f0YP-byI\/AAAAAAAAIVA\/PIqUZRNocR8\/Livre%20Farah%20nacer%5B4%5D.jpg?imgmax=800","type":"","width":"","height":""}],"author":"Thierry Seguin","twitter_card":"summary_large_image","twitter_creator":"@Thierry_Seguin","twitter_site":"@thierry_seguin","twitter_misc":{"\u00c9crit par":"Thierry Seguin"},"schema":{"@context":"https:\/\/schema.org","@graph":[{"@type":"Article","@id":"https:\/\/thierryseguin.com\/fr\/blog\/2010\/02\/06\/le-livre-du-mariage-de-farah-et-nacer-a-feizin-lyon-villefranche-sur-saone\/#article","isPartOf":{"@id":"https:\/\/thierryseguin.com\/fr\/blog\/2010\/02\/06\/le-livre-du-mariage-de-farah-et-nacer-a-feizin-lyon-villefranche-sur-saone\/"},"author":{"name":"Thierry Seguin","@id":"https:\/\/thierryseguin.com\/fr\/#\/schema\/person\/8a2177969876d9e522df617b883aabcd"},"headline":"Le livre du mariage de Farah et Nacer \u00e0 Feizin, Lyon, Villefranche-sur-Sa\u00f4ne","datePublished":"2010-02-06T03:25:00+00:00","dateModified":"2013-06-02T19:52:45+00:00","mainEntityOfPage":{"@id":"https:\/\/thierryseguin.com\/fr\/blog\/2010\/02\/06\/le-livre-du-mariage-de-farah-et-nacer-a-feizin-lyon-villefranche-sur-saone\/"},"wordCount":66,"commentCount":0,"image":{"@id":"https:\/\/thierryseguin.com\/fr\/blog\/2010\/02\/06\/le-livre-du-mariage-de-farah-et-nacer-a-feizin-lyon-villefranche-sur-saone\/#primaryimage"},"thumbnailUrl":"http:\/\/lh5.ggpht.com\/__MnoThhEels\/S21f0YP-byI\/AAAAAAAAIVA\/PIqUZRNocR8\/Livre%20Farah%20nacer%5B4%5D.jpg?imgmax=800","keywords":["Photographe de mariage et de portrait bouches du rhone 69","Photographe de Mariage Ethnique","Photographe de Mariage Villefranche-sur-Sa\u00f4ne","photographe Mariage Feyzin","photographe Mariage Lyon"],"articleSection":["Livre Album Photo de Mariage","Mariage"],"inLanguage":"fr-FR","potentialAction":[{"@type":"CommentAction","name":"Comment","target":["https:\/\/thierryseguin.com\/fr\/blog\/2010\/02\/06\/le-livre-du-mariage-de-farah-et-nacer-a-feizin-lyon-villefranche-sur-saone\/#respond"]}]},{"@type":"WebPage","@id":"https:\/\/thierryseguin.com\/fr\/blog\/2010\/02\/06\/le-livre-du-mariage-de-farah-et-nacer-a-feizin-lyon-villefranche-sur-saone\/","url":"https:\/\/thierryseguin.com\/fr\/blog\/2010\/02\/06\/le-livre-du-mariage-de-farah-et-nacer-a-feizin-lyon-villefranche-sur-saone\/","name":"Le livre du mariage de Farah et Nacer \u00e0 Feizin, Lyon, Villefranche-sur-Sa\u00f4ne -","isPartOf":{"@id":"https:\/\/thierryseguin.com\/fr\/#website"},"primaryImageOfPage":{"@id":"https:\/\/thierryseguin.com\/fr\/blog\/2010\/02\/06\/le-livre-du-mariage-de-farah-et-nacer-a-feizin-lyon-villefranche-sur-saone\/#primaryimage"},"image":{"@id":"https:\/\/thierryseguin.com\/fr\/blog\/2010\/02\/06\/le-livre-du-mariage-de-farah-et-nacer-a-feizin-lyon-villefranche-sur-saone\/#primaryimage"},"thumbnailUrl":"http:\/\/lh5.ggpht.com\/__MnoThhEels\/S21f0YP-byI\/AAAAAAAAIVA\/PIqUZRNocR8\/Livre%20Farah%20nacer%5B4%5D.jpg?imgmax=800","datePublished":"2010-02-06T03:25:00+00:00","dateModified":"2013-06-02T19:52:45+00:00","author":{"@id":"https:\/\/thierryseguin.com\/fr\/#\/schema\/person\/8a2177969876d9e522df617b883aabcd"},"breadcrumb":{"@id":"https:\/\/thierryseguin.com\/fr\/blog\/2010\/02\/06\/le-livre-du-mariage-de-farah-et-nacer-a-feizin-lyon-villefranche-sur-saone\/#breadcrumb"},"inLanguage":"fr-FR","potentialAction":[{"@type":"ReadAction","target":["https:\/\/thierryseguin.com\/fr\/blog\/2010\/02\/06\/le-livre-du-mariage-de-farah-et-nacer-a-feizin-lyon-villefranche-sur-saone\/"]}]},{"@type":"ImageObject","inLanguage":"fr-FR","@id":"https:\/\/thierryseguin.com\/fr\/blog\/2010\/02\/06\/le-livre-du-mariage-de-farah-et-nacer-a-feizin-lyon-villefranche-sur-saone\/#primaryimage","url":"http:\/\/lh5.ggpht.com\/__MnoThhEels\/S21f0YP-byI\/AAAAAAAAIVA\/PIqUZRNocR8\/Livre%20Farah%20nacer%5B4%5D.jpg?imgmax=800","contentUrl":"http:\/\/lh5.ggpht.com\/__MnoThhEels\/S21f0YP-byI\/AAAAAAAAIVA\/PIqUZRNocR8\/Livre%20Farah%20nacer%5B4%5D.jpg?imgmax=800"},{"@type":"BreadcrumbList","@id":"https:\/\/thierryseguin.com\/fr\/blog\/2010\/02\/06\/le-livre-du-mariage-de-farah-et-nacer-a-feizin-lyon-villefranche-sur-saone\/#breadcrumb","itemListElement":[{"@type":"ListItem","position":1,"name":"Accueil","item":"https:\/\/thierryseguin.com\/fr\/"},{"@type":"ListItem","position":2,"name":"Le livre du mariage de Farah et Nacer \u00e0 Feizin, Lyon, Villefranche-sur-Sa\u00f4ne"}]},{"@type":"WebSite","@id":"https:\/\/thierryseguin.com\/fr\/#website","url":"https:\/\/thierryseguin.com\/fr\/","name":"Thierry Seguin Photographie","description":"Photographe de Portrait de Famille, Grossesse, B\u00e9b\u00e9s, Mariage","potentialAction":[{"@type":"SearchAction","target":{"@type":"EntryPoint","urlTemplate":"https:\/\/thierryseguin.com\/fr\/?s={search_term_string}"},"query-input":{"@type":"PropertyValueSpecification","valueRequired":true,"valueName":"search_term_string"}}],"inLanguage":"fr-FR"},{"@type":"Person","@id":"https:\/\/thierryseguin.com\/fr\/#\/schema\/person\/8a2177969876d9e522df617b883aabcd","name":"Thierry Seguin","image":{"@type":"ImageObject","inLanguage":"fr-FR","@id":"https:\/\/secure.gravatar.com\/avatar\/d49758ec13b28e5f4e60f685b1ae0f54e0ca43c593ce43822c52701982336750?s=96&d=wavatar&r=g","url":"https:\/\/secure.gravatar.com\/avatar\/d49758ec13b28e5f4e60f685b1ae0f54e0ca43c593ce43822c52701982336750?s=96&d=wavatar&r=g","contentUrl":"https:\/\/secure.gravatar.com\/avatar\/d49758ec13b28e5f4e60f685b1ae0f54e0ca43c593ce43822c52701982336750?s=96&d=wavatar&r=g","caption":"Thierry Seguin"},"description":"Depuis votre mariage, votre grossesse, puis la naissance de vos enfants, Thierry Seguin Photographie illustre les moments cl\u00e9s de votre vie. Il saisit les instants magiques charg\u00e9s d'\u00e9motions et de joie, tout au long de l\u2019inoubliable journ\u00e9e de votre mariage. Sa sensibilit\u00e9 s'exprime \u00e9galement lors de s\u00e9ances portraits originales et cr\u00e9atives, dont la s\u00e9ance \"amoureux\" et la s\u00e9ance \"Couple Mari\u00e9\" ou \"Trash The Dress\". Des livres-albums de grande qualit\u00e9, originaux et personnalis\u00e9s, des diaporamas et DVD avec droits c\u00e9d\u00e9s, sont les supports intemporels de ce grand jour. Install\u00e9 \u00e0 Viroflay, pr\u00e8s de Paris et Versailles, le photographe vous re\u00e7oit dans la galerie de son studio. Il couvre votre reportage en France, comme \u00e0 l'\u00e9tranger.","sameAs":["http:\/\/www.thierryseguin.com","https:\/\/www.facebook.com\/ThierrySeguinPhotographie","https:\/\/x.com\/Thierry_Seguin"]}]}},"_links":{"self":[{"href":"https:\/\/thierryseguin.com\/fr\/wp-json\/wp\/v2\/posts\/28","targetHints":{"allow":["GET"]}}],"collection":[{"href":"https:\/\/thierryseguin.com\/fr\/wp-json\/wp\/v2\/posts"}],"about":[{"href":"https:\/\/thierryseguin.com\/fr\/wp-json\/wp\/v2\/types\/post"}],"author":[{"embeddable":true,"href":"https:\/\/thierryseguin.com\/fr\/wp-json\/wp\/v2\/users\/1"}],"replies":[{"embeddable":true,"href":"https:\/\/thierryseguin.com\/fr\/wp-json\/wp\/v2\/comments?post=28"}],"version-history":[{"count":6,"href":"https:\/\/thierryseguin.com\/fr\/wp-json\/wp\/v2\/posts\/28\/revisions"}],"predecessor-version":[{"id":6345,"href":"https:\/\/thierryseguin.com\/fr\/wp-json\/wp\/v2\/posts\/28\/revisions\/6345"}],"wp:attachment":[{"href":"https:\/\/thierryseguin.com\/fr\/wp-json\/wp\/v2\/media?parent=28"}],"wp:term":[{"taxonomy":"category","embeddable":true,"href":"https:\/\/thierryseguin.com\/fr\/wp-json\/wp\/v2\/categories?post=28"},{"taxonomy":"post_tag","embeddable":true,"href":"https:\/\/thierryseguin.com\/fr\/wp-json\/wp\/v2\/tags?post=28"}],"curies":[{"name":"wp","href":"https:\/\/api.w.org\/{rel}","templated":true}]}}