{"id":29,"date":"2010-02-06T04:06:00","date_gmt":"2010-02-06T03:06:00","guid":{"rendered":"http:\/\/www.thierryseguin.com\/blog\/2010\/02\/06\/uncategorized\/voeux-2010\/"},"modified":"2013-05-16T22:29:53","modified_gmt":"2013-05-16T21:29:53","slug":"voeux-2010","status":"publish","type":"post","link":"https:\/\/thierryseguin.com\/fr\/blog\/2010\/02\/06\/voeux-2010\/","title":{"rendered":"Voeux 2010"},"content":{"rendered":"<p>&nbsp;<\/p>\n<p>Voici la petite carte anim\u00e9e que j\u2019ai envoy\u00e9 le mois dernier aux abonn\u00e9s \u00e0 ma lettre d\u2019information.<\/p>\n<p>Qu\u2019en pensez vous ?<\/p>\n<p><a href=\"http:\/\/lh6.ggpht.com\/__MnoThhEels\/S21bLGYEC_I\/AAAAAAAAIU4\/XDp1hTnoHDo\/s1600-h\/voeux_2010_studio_thierry_seguin_photographie%5B3%5D.gif\"><img loading=\"lazy\" decoding=\"async\" style=\"display: inline;\" title=\"voeux_2010_studio_thierry_seguin_photographie\" alt=\"voeux_2010_studio_thierry_seguin_photographie\" src=\"http:\/\/lh5.ggpht.com\/__MnoThhEels\/S21bNF9LHbI\/AAAAAAAAIU8\/owVnj-io7fU\/voeux_2010_studio_thierry_seguin_photographie_thumb%5B1%5D.gif?imgmax=800\" width=\"756\" height=\"786\" \/><\/a><\/p>\n","protected":false},"excerpt":{"rendered":"<p>&nbsp; Voici la petite carte anim\u00e9e que j\u2019ai envoy\u00e9 le mois dernier aux abonn\u00e9s \u00e0 ma lettre d\u2019information. Qu\u2019en pensez vous ?<\/p>\n","protected":false},"author":1,"featured_media":0,"comment_status":"open","ping_status":"open","sticky":false,"template":"","format":"standard","meta":{"pp_embeds":"","footnotes":""},"categories":[206],"tags":[],"class_list":["post-29","post","type-post","status-publish","format-standard","hentry","category-nouvelles"],"yoast_head":"<!-- This site is optimized with the Yoast SEO plugin v27.5 - https:\/\/yoast.com\/product\/yoast-seo-wordpress\/ -->\n<title>Voeux 2010 -<\/title>\n<meta name=\"robots\" content=\"index, follow, max-snippet:-1, max-image-preview:large, max-video-preview:-1\" \/>\n<link rel=\"canonical\" href=\"https:\/\/thierryseguin.com\/fr\/blog\/2010\/02\/06\/voeux-2010\/\" \/>\n<meta property=\"og:locale\" content=\"fr_FR\" \/>\n<meta property=\"og:type\" content=\"article\" \/>\n<meta property=\"og:title\" content=\"Voeux 2010 -\" \/>\n<meta property=\"og:description\" content=\"&nbsp; Voici la petite carte anim\u00e9e que j\u2019ai envoy\u00e9 le mois dernier aux abonn\u00e9s \u00e0 ma lettre d\u2019information. Qu\u2019en pensez vous ?\" \/>\n<meta property=\"og:url\" content=\"https:\/\/thierryseguin.com\/fr\/blog\/2010\/02\/06\/voeux-2010\/\" \/>\n<meta property=\"og:site_name\" content=\"Thierry Seguin Photographie\" \/>\n<meta property=\"article:publisher\" content=\"https:\/\/www.facebook.com\/ThierrySeguinPhotographie\" \/>\n<meta property=\"article:author\" content=\"https:\/\/www.facebook.com\/ThierrySeguinPhotographie\" \/>\n<meta property=\"article:published_time\" content=\"2010-02-06T03:06:00+00:00\" \/>\n<meta property=\"article:modified_time\" content=\"2013-05-16T21:29:53+00:00\" \/>\n<meta property=\"og:image\" content=\"http:\/\/lh5.ggpht.com\/__MnoThhEels\/S21bNF9LHbI\/AAAAAAAAIU8\/owVnj-io7fU\/voeux_2010_studio_thierry_seguin_photographie_thumb%5B1%5D.gif?imgmax=800\" \/>\n<meta name=\"author\" content=\"Thierry Seguin\" \/>\n<meta name=\"twitter:card\" content=\"summary_large_image\" \/>\n<meta name=\"twitter:creator\" content=\"@Thierry_Seguin\" \/>\n<meta name=\"twitter:site\" content=\"@thierry_seguin\" \/>\n<meta name=\"twitter:label1\" content=\"\u00c9crit par\" \/>\n\t<meta name=\"twitter:data1\" content=\"Thierry Seguin\" \/>\n<script type=\"application\/ld+json\" class=\"yoast-schema-graph\">{\"@context\":\"https:\\\/\\\/schema.org\",\"@graph\":[{\"@type\":\"Article\",\"@id\":\"https:\\\/\\\/thierryseguin.com\\\/fr\\\/blog\\\/2010\\\/02\\\/06\\\/voeux-2010\\\/#article\",\"isPartOf\":{\"@id\":\"https:\\\/\\\/thierryseguin.com\\\/fr\\\/blog\\\/2010\\\/02\\\/06\\\/voeux-2010\\\/\"},\"author\":{\"name\":\"Thierry Seguin\",\"@id\":\"https:\\\/\\\/thierryseguin.com\\\/fr\\\/#\\\/schema\\\/person\\\/8a2177969876d9e522df617b883aabcd\"},\"headline\":\"Voeux 2010\",\"datePublished\":\"2010-02-06T03:06:00+00:00\",\"dateModified\":\"2013-05-16T21:29:53+00:00\",\"mainEntityOfPage\":{\"@id\":\"https:\\\/\\\/thierryseguin.com\\\/fr\\\/blog\\\/2010\\\/02\\\/06\\\/voeux-2010\\\/\"},\"wordCount\":26,\"commentCount\":0,\"image\":{\"@id\":\"https:\\\/\\\/thierryseguin.com\\\/fr\\\/blog\\\/2010\\\/02\\\/06\\\/voeux-2010\\\/#primaryimage\"},\"thumbnailUrl\":\"http:\\\/\\\/lh5.ggpht.com\\\/__MnoThhEels\\\/S21bNF9LHbI\\\/AAAAAAAAIU8\\\/owVnj-io7fU\\\/voeux_2010_studio_thierry_seguin_photographie_thumb%5B1%5D.gif?imgmax=800\",\"articleSection\":[\"La presse en parle\"],\"inLanguage\":\"fr-FR\",\"potentialAction\":[{\"@type\":\"CommentAction\",\"name\":\"Comment\",\"target\":[\"https:\\\/\\\/thierryseguin.com\\\/fr\\\/blog\\\/2010\\\/02\\\/06\\\/voeux-2010\\\/#respond\"]}]},{\"@type\":\"WebPage\",\"@id\":\"https:\\\/\\\/thierryseguin.com\\\/fr\\\/blog\\\/2010\\\/02\\\/06\\\/voeux-2010\\\/\",\"url\":\"https:\\\/\\\/thierryseguin.com\\\/fr\\\/blog\\\/2010\\\/02\\\/06\\\/voeux-2010\\\/\",\"name\":\"Voeux 2010 -\",\"isPartOf\":{\"@id\":\"https:\\\/\\\/thierryseguin.com\\\/fr\\\/#website\"},\"primaryImageOfPage\":{\"@id\":\"https:\\\/\\\/thierryseguin.com\\\/fr\\\/blog\\\/2010\\\/02\\\/06\\\/voeux-2010\\\/#primaryimage\"},\"image\":{\"@id\":\"https:\\\/\\\/thierryseguin.com\\\/fr\\\/blog\\\/2010\\\/02\\\/06\\\/voeux-2010\\\/#primaryimage\"},\"thumbnailUrl\":\"http:\\\/\\\/lh5.ggpht.com\\\/__MnoThhEels\\\/S21bNF9LHbI\\\/AAAAAAAAIU8\\\/owVnj-io7fU\\\/voeux_2010_studio_thierry_seguin_photographie_thumb%5B1%5D.gif?imgmax=800\",\"datePublished\":\"2010-02-06T03:06:00+00:00\",\"dateModified\":\"2013-05-16T21:29:53+00:00\",\"author\":{\"@id\":\"https:\\\/\\\/thierryseguin.com\\\/fr\\\/#\\\/schema\\\/person\\\/8a2177969876d9e522df617b883aabcd\"},\"breadcrumb\":{\"@id\":\"https:\\\/\\\/thierryseguin.com\\\/fr\\\/blog\\\/2010\\\/02\\\/06\\\/voeux-2010\\\/#breadcrumb\"},\"inLanguage\":\"fr-FR\",\"potentialAction\":[{\"@type\":\"ReadAction\",\"target\":[\"https:\\\/\\\/thierryseguin.com\\\/fr\\\/blog\\\/2010\\\/02\\\/06\\\/voeux-2010\\\/\"]}]},{\"@type\":\"ImageObject\",\"inLanguage\":\"fr-FR\",\"@id\":\"https:\\\/\\\/thierryseguin.com\\\/fr\\\/blog\\\/2010\\\/02\\\/06\\\/voeux-2010\\\/#primaryimage\",\"url\":\"http:\\\/\\\/lh5.ggpht.com\\\/__MnoThhEels\\\/S21bNF9LHbI\\\/AAAAAAAAIU8\\\/owVnj-io7fU\\\/voeux_2010_studio_thierry_seguin_photographie_thumb%5B1%5D.gif?imgmax=800\",\"contentUrl\":\"http:\\\/\\\/lh5.ggpht.com\\\/__MnoThhEels\\\/S21bNF9LHbI\\\/AAAAAAAAIU8\\\/owVnj-io7fU\\\/voeux_2010_studio_thierry_seguin_photographie_thumb%5B1%5D.gif?imgmax=800\"},{\"@type\":\"BreadcrumbList\",\"@id\":\"https:\\\/\\\/thierryseguin.com\\\/fr\\\/blog\\\/2010\\\/02\\\/06\\\/voeux-2010\\\/#breadcrumb\",\"itemListElement\":[{\"@type\":\"ListItem\",\"position\":1,\"name\":\"Accueil\",\"item\":\"https:\\\/\\\/thierryseguin.com\\\/fr\\\/\"},{\"@type\":\"ListItem\",\"position\":2,\"name\":\"Voeux 2010\"}]},{\"@type\":\"WebSite\",\"@id\":\"https:\\\/\\\/thierryseguin.com\\\/fr\\\/#website\",\"url\":\"https:\\\/\\\/thierryseguin.com\\\/fr\\\/\",\"name\":\"Thierry Seguin Photographie\",\"description\":\"Photographe de Portrait de Famille, Grossesse, B\u00e9b\u00e9s, Mariage\",\"potentialAction\":[{\"@type\":\"SearchAction\",\"target\":{\"@type\":\"EntryPoint\",\"urlTemplate\":\"https:\\\/\\\/thierryseguin.com\\\/fr\\\/?s={search_term_string}\"},\"query-input\":{\"@type\":\"PropertyValueSpecification\",\"valueRequired\":true,\"valueName\":\"search_term_string\"}}],\"inLanguage\":\"fr-FR\"},{\"@type\":\"Person\",\"@id\":\"https:\\\/\\\/thierryseguin.com\\\/fr\\\/#\\\/schema\\\/person\\\/8a2177969876d9e522df617b883aabcd\",\"name\":\"Thierry Seguin\",\"image\":{\"@type\":\"ImageObject\",\"inLanguage\":\"fr-FR\",\"@id\":\"https:\\\/\\\/secure.gravatar.com\\\/avatar\\\/d49758ec13b28e5f4e60f685b1ae0f54e0ca43c593ce43822c52701982336750?s=96&d=wavatar&r=g\",\"url\":\"https:\\\/\\\/secure.gravatar.com\\\/avatar\\\/d49758ec13b28e5f4e60f685b1ae0f54e0ca43c593ce43822c52701982336750?s=96&d=wavatar&r=g\",\"contentUrl\":\"https:\\\/\\\/secure.gravatar.com\\\/avatar\\\/d49758ec13b28e5f4e60f685b1ae0f54e0ca43c593ce43822c52701982336750?s=96&d=wavatar&r=g\",\"caption\":\"Thierry Seguin\"},\"description\":\"Depuis votre mariage, votre grossesse, puis la naissance de vos enfants, Thierry Seguin Photographie illustre les moments cl\u00e9s de votre vie. Il saisit les instants magiques charg\u00e9s d'\u00e9motions et de joie, tout au long de l\u2019inoubliable journ\u00e9e de votre mariage. Sa sensibilit\u00e9 s'exprime \u00e9galement lors de s\u00e9ances portraits originales et cr\u00e9atives, dont la s\u00e9ance \\\"amoureux\\\" et la s\u00e9ance \\\"Couple Mari\u00e9\\\" ou \\\"Trash The Dress\\\". Des livres-albums de grande qualit\u00e9, originaux et personnalis\u00e9s, des diaporamas et DVD avec droits c\u00e9d\u00e9s, sont les supports intemporels de ce grand jour. Install\u00e9 \u00e0 Viroflay, pr\u00e8s de Paris et Versailles, le photographe vous re\u00e7oit dans la galerie de son studio. Il couvre votre reportage en France, comme \u00e0 l'\u00e9tranger.\",\"sameAs\":[\"http:\\\/\\\/www.thierryseguin.com\",\"https:\\\/\\\/www.facebook.com\\\/ThierrySeguinPhotographie\",\"https:\\\/\\\/x.com\\\/Thierry_Seguin\"]}]}<\/script>\n<!-- \/ Yoast SEO plugin. -->","yoast_head_json":{"title":"Voeux 2010 -","robots":{"index":"index","follow":"follow","max-snippet":"max-snippet:-1","max-image-preview":"max-image-preview:large","max-video-preview":"max-video-preview:-1"},"canonical":"https:\/\/thierryseguin.com\/fr\/blog\/2010\/02\/06\/voeux-2010\/","og_locale":"fr_FR","og_type":"article","og_title":"Voeux 2010 -","og_description":"&nbsp; Voici la petite carte anim\u00e9e que j\u2019ai envoy\u00e9 le mois dernier aux abonn\u00e9s \u00e0 ma lettre d\u2019information. Qu\u2019en pensez vous ?","og_url":"https:\/\/thierryseguin.com\/fr\/blog\/2010\/02\/06\/voeux-2010\/","og_site_name":"Thierry Seguin Photographie","article_publisher":"https:\/\/www.facebook.com\/ThierrySeguinPhotographie","article_author":"https:\/\/www.facebook.com\/ThierrySeguinPhotographie","article_published_time":"2010-02-06T03:06:00+00:00","article_modified_time":"2013-05-16T21:29:53+00:00","og_image":[{"url":"http:\/\/lh5.ggpht.com\/__MnoThhEels\/S21bNF9LHbI\/AAAAAAAAIU8\/owVnj-io7fU\/voeux_2010_studio_thierry_seguin_photographie_thumb%5B1%5D.gif?imgmax=800","type":"","width":"","height":""}],"author":"Thierry Seguin","twitter_card":"summary_large_image","twitter_creator":"@Thierry_Seguin","twitter_site":"@thierry_seguin","twitter_misc":{"\u00c9crit par":"Thierry Seguin"},"schema":{"@context":"https:\/\/schema.org","@graph":[{"@type":"Article","@id":"https:\/\/thierryseguin.com\/fr\/blog\/2010\/02\/06\/voeux-2010\/#article","isPartOf":{"@id":"https:\/\/thierryseguin.com\/fr\/blog\/2010\/02\/06\/voeux-2010\/"},"author":{"name":"Thierry Seguin","@id":"https:\/\/thierryseguin.com\/fr\/#\/schema\/person\/8a2177969876d9e522df617b883aabcd"},"headline":"Voeux 2010","datePublished":"2010-02-06T03:06:00+00:00","dateModified":"2013-05-16T21:29:53+00:00","mainEntityOfPage":{"@id":"https:\/\/thierryseguin.com\/fr\/blog\/2010\/02\/06\/voeux-2010\/"},"wordCount":26,"commentCount":0,"image":{"@id":"https:\/\/thierryseguin.com\/fr\/blog\/2010\/02\/06\/voeux-2010\/#primaryimage"},"thumbnailUrl":"http:\/\/lh5.ggpht.com\/__MnoThhEels\/S21bNF9LHbI\/AAAAAAAAIU8\/owVnj-io7fU\/voeux_2010_studio_thierry_seguin_photographie_thumb%5B1%5D.gif?imgmax=800","articleSection":["La presse en parle"],"inLanguage":"fr-FR","potentialAction":[{"@type":"CommentAction","name":"Comment","target":["https:\/\/thierryseguin.com\/fr\/blog\/2010\/02\/06\/voeux-2010\/#respond"]}]},{"@type":"WebPage","@id":"https:\/\/thierryseguin.com\/fr\/blog\/2010\/02\/06\/voeux-2010\/","url":"https:\/\/thierryseguin.com\/fr\/blog\/2010\/02\/06\/voeux-2010\/","name":"Voeux 2010 -","isPartOf":{"@id":"https:\/\/thierryseguin.com\/fr\/#website"},"primaryImageOfPage":{"@id":"https:\/\/thierryseguin.com\/fr\/blog\/2010\/02\/06\/voeux-2010\/#primaryimage"},"image":{"@id":"https:\/\/thierryseguin.com\/fr\/blog\/2010\/02\/06\/voeux-2010\/#primaryimage"},"thumbnailUrl":"http:\/\/lh5.ggpht.com\/__MnoThhEels\/S21bNF9LHbI\/AAAAAAAAIU8\/owVnj-io7fU\/voeux_2010_studio_thierry_seguin_photographie_thumb%5B1%5D.gif?imgmax=800","datePublished":"2010-02-06T03:06:00+00:00","dateModified":"2013-05-16T21:29:53+00:00","author":{"@id":"https:\/\/thierryseguin.com\/fr\/#\/schema\/person\/8a2177969876d9e522df617b883aabcd"},"breadcrumb":{"@id":"https:\/\/thierryseguin.com\/fr\/blog\/2010\/02\/06\/voeux-2010\/#breadcrumb"},"inLanguage":"fr-FR","potentialAction":[{"@type":"ReadAction","target":["https:\/\/thierryseguin.com\/fr\/blog\/2010\/02\/06\/voeux-2010\/"]}]},{"@type":"ImageObject","inLanguage":"fr-FR","@id":"https:\/\/thierryseguin.com\/fr\/blog\/2010\/02\/06\/voeux-2010\/#primaryimage","url":"http:\/\/lh5.ggpht.com\/__MnoThhEels\/S21bNF9LHbI\/AAAAAAAAIU8\/owVnj-io7fU\/voeux_2010_studio_thierry_seguin_photographie_thumb%5B1%5D.gif?imgmax=800","contentUrl":"http:\/\/lh5.ggpht.com\/__MnoThhEels\/S21bNF9LHbI\/AAAAAAAAIU8\/owVnj-io7fU\/voeux_2010_studio_thierry_seguin_photographie_thumb%5B1%5D.gif?imgmax=800"},{"@type":"BreadcrumbList","@id":"https:\/\/thierryseguin.com\/fr\/blog\/2010\/02\/06\/voeux-2010\/#breadcrumb","itemListElement":[{"@type":"ListItem","position":1,"name":"Accueil","item":"https:\/\/thierryseguin.com\/fr\/"},{"@type":"ListItem","position":2,"name":"Voeux 2010"}]},{"@type":"WebSite","@id":"https:\/\/thierryseguin.com\/fr\/#website","url":"https:\/\/thierryseguin.com\/fr\/","name":"Thierry Seguin Photographie","description":"Photographe de Portrait de Famille, Grossesse, B\u00e9b\u00e9s, Mariage","potentialAction":[{"@type":"SearchAction","target":{"@type":"EntryPoint","urlTemplate":"https:\/\/thierryseguin.com\/fr\/?s={search_term_string}"},"query-input":{"@type":"PropertyValueSpecification","valueRequired":true,"valueName":"search_term_string"}}],"inLanguage":"fr-FR"},{"@type":"Person","@id":"https:\/\/thierryseguin.com\/fr\/#\/schema\/person\/8a2177969876d9e522df617b883aabcd","name":"Thierry Seguin","image":{"@type":"ImageObject","inLanguage":"fr-FR","@id":"https:\/\/secure.gravatar.com\/avatar\/d49758ec13b28e5f4e60f685b1ae0f54e0ca43c593ce43822c52701982336750?s=96&d=wavatar&r=g","url":"https:\/\/secure.gravatar.com\/avatar\/d49758ec13b28e5f4e60f685b1ae0f54e0ca43c593ce43822c52701982336750?s=96&d=wavatar&r=g","contentUrl":"https:\/\/secure.gravatar.com\/avatar\/d49758ec13b28e5f4e60f685b1ae0f54e0ca43c593ce43822c52701982336750?s=96&d=wavatar&r=g","caption":"Thierry Seguin"},"description":"Depuis votre mariage, votre grossesse, puis la naissance de vos enfants, Thierry Seguin Photographie illustre les moments cl\u00e9s de votre vie. Il saisit les instants magiques charg\u00e9s d'\u00e9motions et de joie, tout au long de l\u2019inoubliable journ\u00e9e de votre mariage. Sa sensibilit\u00e9 s'exprime \u00e9galement lors de s\u00e9ances portraits originales et cr\u00e9atives, dont la s\u00e9ance \"amoureux\" et la s\u00e9ance \"Couple Mari\u00e9\" ou \"Trash The Dress\". Des livres-albums de grande qualit\u00e9, originaux et personnalis\u00e9s, des diaporamas et DVD avec droits c\u00e9d\u00e9s, sont les supports intemporels de ce grand jour. Install\u00e9 \u00e0 Viroflay, pr\u00e8s de Paris et Versailles, le photographe vous re\u00e7oit dans la galerie de son studio. Il couvre votre reportage en France, comme \u00e0 l'\u00e9tranger.","sameAs":["http:\/\/www.thierryseguin.com","https:\/\/www.facebook.com\/ThierrySeguinPhotographie","https:\/\/x.com\/Thierry_Seguin"]}]}},"_links":{"self":[{"href":"https:\/\/thierryseguin.com\/fr\/wp-json\/wp\/v2\/posts\/29","targetHints":{"allow":["GET"]}}],"collection":[{"href":"https:\/\/thierryseguin.com\/fr\/wp-json\/wp\/v2\/posts"}],"about":[{"href":"https:\/\/thierryseguin.com\/fr\/wp-json\/wp\/v2\/types\/post"}],"author":[{"embeddable":true,"href":"https:\/\/thierryseguin.com\/fr\/wp-json\/wp\/v2\/users\/1"}],"replies":[{"embeddable":true,"href":"https:\/\/thierryseguin.com\/fr\/wp-json\/wp\/v2\/comments?post=29"}],"version-history":[{"count":3,"href":"https:\/\/thierryseguin.com\/fr\/wp-json\/wp\/v2\/posts\/29\/revisions"}],"predecessor-version":[{"id":3557,"href":"https:\/\/thierryseguin.com\/fr\/wp-json\/wp\/v2\/posts\/29\/revisions\/3557"}],"wp:attachment":[{"href":"https:\/\/thierryseguin.com\/fr\/wp-json\/wp\/v2\/media?parent=29"}],"wp:term":[{"taxonomy":"category","embeddable":true,"href":"https:\/\/thierryseguin.com\/fr\/wp-json\/wp\/v2\/categories?post=29"},{"taxonomy":"post_tag","embeddable":true,"href":"https:\/\/thierryseguin.com\/fr\/wp-json\/wp\/v2\/tags?post=29"}],"curies":[{"name":"wp","href":"https:\/\/api.w.org\/{rel}","templated":true}]}}