{"id":31,"date":"2009-12-21T15:03:00","date_gmt":"2009-12-21T14:03:00","guid":{"rendered":"http:\/\/www.thierryseguin.com\/blog\/2009\/12\/21\/uncategorized\/un-portrait-en-etrennes\/"},"modified":"2011-02-18T15:59:35","modified_gmt":"2011-02-18T14:59:35","slug":"un-portrait-en-etrennes","status":"publish","type":"post","link":"https:\/\/thierryseguin.com\/fr\/blog\/2009\/12\/21\/un-portrait-en-etrennes\/","title":{"rendered":"Un Portrait en \u00e9trennes"},"content":{"rendered":"<\/p>\n<p><strong>Vous recherchez  toujours vos cadeaux de No\u00ebl ou des id\u00e9es d\u2019\u00e9trennes  ?<\/strong><\/p>\n<p> <strong> <\/p>\n<p>Le studio Thierry Seguin Photographie vous propose une id\u00e9e cadeau plut\u00f4t originale : &#8220;LE BON CADEAU PORTRAIT&#8221;.      <br \/>Offrez une s\u00e9ance photo au studio Thierry Seguin Photographie : c\u2019est une exp\u00e9rience inoubliable, dans une ambiance d\u00e9contract\u00e9e et plaisante, qui mettra tout le monde \u00e0 l\u2019aise ! <\/p>\n<p>De magnifiques portraits seront cr\u00e9\u00e9s, qui illumineront l\u2019int\u00e9rieur de la maison. <br \/>Un cadeau qui r\u00e9jouira et deviendra un merveilleux souvenir.<\/p>\n<p> <\/strong> <\/p>\n<p><strong>Pensez-y !!!!<\/strong><\/p>\n<\/p>\n<p><span style=\"font-size:180%;\"><\/span><\/p>\n<p> <a href=\"http:\/\/lh6.ggpht.com\/__MnoThhEels\/SzI4ZWEqiZI\/AAAAAAAAH0g\/DmhFyS-DUss\/s1600-h\/Pub%20portrait%20Nouvel%20an%202010%5B13%5D.jpg\" target=\"_blank\"><img loading=\"lazy\" decoding=\"async\" style=\"border-bottom: 0px; border-left: 0px; display: inline; border-top: 0px; border-right: 0px\" title=\"Pub portrait Nouvel an 2010\" border=\"0\" alt=\"Pub portrait Nouvel an 2010\" src=\"http:\/\/lh3.ggpht.com\/__MnoThhEels\/SzI4bFrMUwI\/AAAAAAAAH0k\/Z-VDc6w7JIA\/Pub%20portrait%20Nouvel%20an%202010_thumb%5B9%5D.jpg?imgmax=800\" width=\"804\" height=\"572\" \/><\/a> <\/p>\n<p><span style=\"font-size:130%;\"><u>Jusqu&#8217;au 31\/01\/2010<\/u>, offrez l&#8217;exp\u00e9rience d&#8217;une s\u00e9ance de prise de vue portrait en studio, \u00e0 un prix tr\u00e8s attractif :  <\/span><span style=\"font-size:130%;\"><strong>87 \u20ac au lieu de 187 \u20ac.<\/strong><\/span><\/p>\n<p><span style=\"font-size:130%;\">Vous pouvez compl\u00e9ter le bon portrait par un bon d\u2019achat \u00e0 valoir sur les produits de la s\u00e9ance portrait (agrandissements encadr\u00e9, livre-album, cartes de voeux, etc\u2026) : 20, 80, 120 \u20ac, etc\u2026 vous \u00eates libre du montant \u00e0 inscrire.<\/span><\/p>\n<p><span style=\"font-size:180%;\"><a title=\"Commande S\u00e9ance Portrait Photo\" href=\"http:\/\/docs.google.com\/View?id=drp72vp_882w4skcbdc\" target=\"_blank\">Pour commander, suivre les instructions indiqu\u00e9es en suivant ce lien.<\/a><\/span><\/p>\n<p><span style=\"font-size:180%;\"><\/span><\/p>\n<p><span style=\"font-size:130%;\">Commande express possible : payez en ligne et recevez par email votre bon cadeau \u00e0 imprimer.<\/span><\/p>\n<p><span style=\"font-size:130%;\"><\/span><\/p>\n<p><span style=\"font-size:130%;\">Fac-simil\u00e9 :<\/span><\/p>\n<p><a href=\"http:\/\/lh5.ggpht.com\/__MnoThhEels\/Sy_-ttRzQsI\/AAAAAAAAHzQ\/hI9EDuPqjbU\/s1600-h\/fac%20simil%C3%A9%5B5%5D.gif\" target=\"_blank\"><img loading=\"lazy\" decoding=\"async\" style=\"border-right-width: 0px; display: inline; border-top-width: 0px; border-bottom-width: 0px; border-left-width: 0px\" title=\"fac simil\u00e9\" border=\"0\" alt=\"fac simil\u00e9\" src=\"http:\/\/lh5.ggpht.com\/__MnoThhEels\/Sy_-vI4BEUI\/AAAAAAAAHzU\/_ZVAtj5zX_A\/fac%20simil%C3%A9_thumb%5B1%5D.gif?imgmax=800\" width=\"804\" height=\"1197\" \/><\/a><\/p>\n","protected":false},"excerpt":{"rendered":"<p>Vous recherchez toujours vos cadeaux de No\u00ebl ou des id\u00e9es d\u2019\u00e9trennes ? Le studio Thierry Seguin Photographie vous propose une id\u00e9e cadeau plut\u00f4t originale : &#8220;LE BON CADEAU PORTRAIT&#8221;. Offrez une s\u00e9ance photo au studio Thierry Seguin Photographie : c\u2019est une exp\u00e9rience inoubliable, dans une ambiance d\u00e9contract\u00e9e et plaisante, qui mettra tout le monde \u00e0...<\/p>\n","protected":false},"author":1,"featured_media":0,"comment_status":"open","ping_status":"open","sticky":false,"template":"","format":"standard","meta":{"pp_embeds":"","footnotes":""},"categories":[190],"tags":[],"class_list":["post-31","post","type-post","status-publish","format-standard","hentry","category-idee-cadeau"],"yoast_head":"<!-- This site is optimized with the Yoast SEO plugin v27.5 - https:\/\/yoast.com\/product\/yoast-seo-wordpress\/ -->\n<title>Un Portrait en \u00e9trennes -<\/title>\n<meta name=\"robots\" content=\"index, follow, max-snippet:-1, max-image-preview:large, max-video-preview:-1\" \/>\n<link rel=\"canonical\" href=\"https:\/\/thierryseguin.com\/fr\/blog\/2009\/12\/21\/un-portrait-en-etrennes\/\" \/>\n<meta property=\"og:locale\" content=\"fr_FR\" \/>\n<meta property=\"og:type\" content=\"article\" \/>\n<meta property=\"og:title\" content=\"Un Portrait en \u00e9trennes -\" \/>\n<meta property=\"og:description\" content=\"Vous recherchez toujours vos cadeaux de No\u00ebl ou des id\u00e9es d\u2019\u00e9trennes ? Le studio Thierry Seguin Photographie vous propose une id\u00e9e cadeau plut\u00f4t originale : &#8220;LE BON CADEAU PORTRAIT&#8221;. Offrez une s\u00e9ance photo au studio Thierry Seguin Photographie : c\u2019est une exp\u00e9rience inoubliable, dans une ambiance d\u00e9contract\u00e9e et plaisante, qui mettra tout le monde \u00e0 [&hellip;]\" \/>\n<meta property=\"og:url\" content=\"https:\/\/thierryseguin.com\/fr\/blog\/2009\/12\/21\/un-portrait-en-etrennes\/\" \/>\n<meta property=\"og:site_name\" content=\"Thierry Seguin Photographie\" \/>\n<meta property=\"article:publisher\" content=\"https:\/\/www.facebook.com\/ThierrySeguinPhotographie\" \/>\n<meta property=\"article:author\" content=\"https:\/\/www.facebook.com\/ThierrySeguinPhotographie\" \/>\n<meta property=\"article:published_time\" content=\"2009-12-21T14:03:00+00:00\" \/>\n<meta property=\"article:modified_time\" content=\"2011-02-18T14:59:35+00:00\" \/>\n<meta property=\"og:image\" content=\"http:\/\/lh3.ggpht.com\/__MnoThhEels\/SzI4bFrMUwI\/AAAAAAAAH0k\/Z-VDc6w7JIA\/Pub%20portrait%20Nouvel%20an%202010_thumb%5B9%5D.jpg?imgmax=800\" \/>\n<meta name=\"author\" content=\"Thierry Seguin\" \/>\n<meta name=\"twitter:card\" content=\"summary_large_image\" \/>\n<meta name=\"twitter:creator\" content=\"@Thierry_Seguin\" \/>\n<meta name=\"twitter:site\" content=\"@thierry_seguin\" \/>\n<meta name=\"twitter:label1\" content=\"\u00c9crit par\" \/>\n\t<meta name=\"twitter:data1\" content=\"Thierry Seguin\" \/>\n\t<meta name=\"twitter:label2\" content=\"Dur\u00e9e de lecture estim\u00e9e\" \/>\n\t<meta name=\"twitter:data2\" content=\"1 minute\" \/>\n<script type=\"application\/ld+json\" class=\"yoast-schema-graph\">{\"@context\":\"https:\\\/\\\/schema.org\",\"@graph\":[{\"@type\":\"Article\",\"@id\":\"https:\\\/\\\/thierryseguin.com\\\/fr\\\/blog\\\/2009\\\/12\\\/21\\\/un-portrait-en-etrennes\\\/#article\",\"isPartOf\":{\"@id\":\"https:\\\/\\\/thierryseguin.com\\\/fr\\\/blog\\\/2009\\\/12\\\/21\\\/un-portrait-en-etrennes\\\/\"},\"author\":{\"name\":\"Thierry Seguin\",\"@id\":\"https:\\\/\\\/thierryseguin.com\\\/fr\\\/#\\\/schema\\\/person\\\/8a2177969876d9e522df617b883aabcd\"},\"headline\":\"Un Portrait en \u00e9trennes\",\"datePublished\":\"2009-12-21T14:03:00+00:00\",\"dateModified\":\"2011-02-18T14:59:35+00:00\",\"mainEntityOfPage\":{\"@id\":\"https:\\\/\\\/thierryseguin.com\\\/fr\\\/blog\\\/2009\\\/12\\\/21\\\/un-portrait-en-etrennes\\\/\"},\"wordCount\":175,\"commentCount\":0,\"image\":{\"@id\":\"https:\\\/\\\/thierryseguin.com\\\/fr\\\/blog\\\/2009\\\/12\\\/21\\\/un-portrait-en-etrennes\\\/#primaryimage\"},\"thumbnailUrl\":\"http:\\\/\\\/lh3.ggpht.com\\\/__MnoThhEels\\\/SzI4bFrMUwI\\\/AAAAAAAAH0k\\\/Z-VDc6w7JIA\\\/Pub%20portrait%20Nouvel%20an%202010_thumb%5B9%5D.jpg?imgmax=800\",\"articleSection\":[\"Id\u00e9e cadeau\"],\"inLanguage\":\"fr-FR\",\"potentialAction\":[{\"@type\":\"CommentAction\",\"name\":\"Comment\",\"target\":[\"https:\\\/\\\/thierryseguin.com\\\/fr\\\/blog\\\/2009\\\/12\\\/21\\\/un-portrait-en-etrennes\\\/#respond\"]}]},{\"@type\":\"WebPage\",\"@id\":\"https:\\\/\\\/thierryseguin.com\\\/fr\\\/blog\\\/2009\\\/12\\\/21\\\/un-portrait-en-etrennes\\\/\",\"url\":\"https:\\\/\\\/thierryseguin.com\\\/fr\\\/blog\\\/2009\\\/12\\\/21\\\/un-portrait-en-etrennes\\\/\",\"name\":\"Un Portrait en \u00e9trennes -\",\"isPartOf\":{\"@id\":\"https:\\\/\\\/thierryseguin.com\\\/fr\\\/#website\"},\"primaryImageOfPage\":{\"@id\":\"https:\\\/\\\/thierryseguin.com\\\/fr\\\/blog\\\/2009\\\/12\\\/21\\\/un-portrait-en-etrennes\\\/#primaryimage\"},\"image\":{\"@id\":\"https:\\\/\\\/thierryseguin.com\\\/fr\\\/blog\\\/2009\\\/12\\\/21\\\/un-portrait-en-etrennes\\\/#primaryimage\"},\"thumbnailUrl\":\"http:\\\/\\\/lh3.ggpht.com\\\/__MnoThhEels\\\/SzI4bFrMUwI\\\/AAAAAAAAH0k\\\/Z-VDc6w7JIA\\\/Pub%20portrait%20Nouvel%20an%202010_thumb%5B9%5D.jpg?imgmax=800\",\"datePublished\":\"2009-12-21T14:03:00+00:00\",\"dateModified\":\"2011-02-18T14:59:35+00:00\",\"author\":{\"@id\":\"https:\\\/\\\/thierryseguin.com\\\/fr\\\/#\\\/schema\\\/person\\\/8a2177969876d9e522df617b883aabcd\"},\"breadcrumb\":{\"@id\":\"https:\\\/\\\/thierryseguin.com\\\/fr\\\/blog\\\/2009\\\/12\\\/21\\\/un-portrait-en-etrennes\\\/#breadcrumb\"},\"inLanguage\":\"fr-FR\",\"potentialAction\":[{\"@type\":\"ReadAction\",\"target\":[\"https:\\\/\\\/thierryseguin.com\\\/fr\\\/blog\\\/2009\\\/12\\\/21\\\/un-portrait-en-etrennes\\\/\"]}]},{\"@type\":\"ImageObject\",\"inLanguage\":\"fr-FR\",\"@id\":\"https:\\\/\\\/thierryseguin.com\\\/fr\\\/blog\\\/2009\\\/12\\\/21\\\/un-portrait-en-etrennes\\\/#primaryimage\",\"url\":\"http:\\\/\\\/lh3.ggpht.com\\\/__MnoThhEels\\\/SzI4bFrMUwI\\\/AAAAAAAAH0k\\\/Z-VDc6w7JIA\\\/Pub%20portrait%20Nouvel%20an%202010_thumb%5B9%5D.jpg?imgmax=800\",\"contentUrl\":\"http:\\\/\\\/lh3.ggpht.com\\\/__MnoThhEels\\\/SzI4bFrMUwI\\\/AAAAAAAAH0k\\\/Z-VDc6w7JIA\\\/Pub%20portrait%20Nouvel%20an%202010_thumb%5B9%5D.jpg?imgmax=800\"},{\"@type\":\"BreadcrumbList\",\"@id\":\"https:\\\/\\\/thierryseguin.com\\\/fr\\\/blog\\\/2009\\\/12\\\/21\\\/un-portrait-en-etrennes\\\/#breadcrumb\",\"itemListElement\":[{\"@type\":\"ListItem\",\"position\":1,\"name\":\"Accueil\",\"item\":\"https:\\\/\\\/thierryseguin.com\\\/fr\\\/\"},{\"@type\":\"ListItem\",\"position\":2,\"name\":\"Un Portrait en \u00e9trennes\"}]},{\"@type\":\"WebSite\",\"@id\":\"https:\\\/\\\/thierryseguin.com\\\/fr\\\/#website\",\"url\":\"https:\\\/\\\/thierryseguin.com\\\/fr\\\/\",\"name\":\"Thierry Seguin Photographie\",\"description\":\"Photographe de Portrait de Famille, Grossesse, B\u00e9b\u00e9s, Mariage\",\"potentialAction\":[{\"@type\":\"SearchAction\",\"target\":{\"@type\":\"EntryPoint\",\"urlTemplate\":\"https:\\\/\\\/thierryseguin.com\\\/fr\\\/?s={search_term_string}\"},\"query-input\":{\"@type\":\"PropertyValueSpecification\",\"valueRequired\":true,\"valueName\":\"search_term_string\"}}],\"inLanguage\":\"fr-FR\"},{\"@type\":\"Person\",\"@id\":\"https:\\\/\\\/thierryseguin.com\\\/fr\\\/#\\\/schema\\\/person\\\/8a2177969876d9e522df617b883aabcd\",\"name\":\"Thierry Seguin\",\"image\":{\"@type\":\"ImageObject\",\"inLanguage\":\"fr-FR\",\"@id\":\"https:\\\/\\\/secure.gravatar.com\\\/avatar\\\/d49758ec13b28e5f4e60f685b1ae0f54e0ca43c593ce43822c52701982336750?s=96&d=wavatar&r=g\",\"url\":\"https:\\\/\\\/secure.gravatar.com\\\/avatar\\\/d49758ec13b28e5f4e60f685b1ae0f54e0ca43c593ce43822c52701982336750?s=96&d=wavatar&r=g\",\"contentUrl\":\"https:\\\/\\\/secure.gravatar.com\\\/avatar\\\/d49758ec13b28e5f4e60f685b1ae0f54e0ca43c593ce43822c52701982336750?s=96&d=wavatar&r=g\",\"caption\":\"Thierry Seguin\"},\"description\":\"Depuis votre mariage, votre grossesse, puis la naissance de vos enfants, Thierry Seguin Photographie illustre les moments cl\u00e9s de votre vie. Il saisit les instants magiques charg\u00e9s d'\u00e9motions et de joie, tout au long de l\u2019inoubliable journ\u00e9e de votre mariage. Sa sensibilit\u00e9 s'exprime \u00e9galement lors de s\u00e9ances portraits originales et cr\u00e9atives, dont la s\u00e9ance \\\"amoureux\\\" et la s\u00e9ance \\\"Couple Mari\u00e9\\\" ou \\\"Trash The Dress\\\". Des livres-albums de grande qualit\u00e9, originaux et personnalis\u00e9s, des diaporamas et DVD avec droits c\u00e9d\u00e9s, sont les supports intemporels de ce grand jour. Install\u00e9 \u00e0 Viroflay, pr\u00e8s de Paris et Versailles, le photographe vous re\u00e7oit dans la galerie de son studio. Il couvre votre reportage en France, comme \u00e0 l'\u00e9tranger.\",\"sameAs\":[\"http:\\\/\\\/www.thierryseguin.com\",\"https:\\\/\\\/www.facebook.com\\\/ThierrySeguinPhotographie\",\"https:\\\/\\\/x.com\\\/Thierry_Seguin\"]}]}<\/script>\n<!-- \/ Yoast SEO plugin. -->","yoast_head_json":{"title":"Un Portrait en \u00e9trennes -","robots":{"index":"index","follow":"follow","max-snippet":"max-snippet:-1","max-image-preview":"max-image-preview:large","max-video-preview":"max-video-preview:-1"},"canonical":"https:\/\/thierryseguin.com\/fr\/blog\/2009\/12\/21\/un-portrait-en-etrennes\/","og_locale":"fr_FR","og_type":"article","og_title":"Un Portrait en \u00e9trennes -","og_description":"Vous recherchez toujours vos cadeaux de No\u00ebl ou des id\u00e9es d\u2019\u00e9trennes ? Le studio Thierry Seguin Photographie vous propose une id\u00e9e cadeau plut\u00f4t originale : &#8220;LE BON CADEAU PORTRAIT&#8221;. Offrez une s\u00e9ance photo au studio Thierry Seguin Photographie : c\u2019est une exp\u00e9rience inoubliable, dans une ambiance d\u00e9contract\u00e9e et plaisante, qui mettra tout le monde \u00e0 [&hellip;]","og_url":"https:\/\/thierryseguin.com\/fr\/blog\/2009\/12\/21\/un-portrait-en-etrennes\/","og_site_name":"Thierry Seguin Photographie","article_publisher":"https:\/\/www.facebook.com\/ThierrySeguinPhotographie","article_author":"https:\/\/www.facebook.com\/ThierrySeguinPhotographie","article_published_time":"2009-12-21T14:03:00+00:00","article_modified_time":"2011-02-18T14:59:35+00:00","og_image":[{"url":"http:\/\/lh3.ggpht.com\/__MnoThhEels\/SzI4bFrMUwI\/AAAAAAAAH0k\/Z-VDc6w7JIA\/Pub%20portrait%20Nouvel%20an%202010_thumb%5B9%5D.jpg?imgmax=800","type":"","width":"","height":""}],"author":"Thierry Seguin","twitter_card":"summary_large_image","twitter_creator":"@Thierry_Seguin","twitter_site":"@thierry_seguin","twitter_misc":{"\u00c9crit par":"Thierry Seguin","Dur\u00e9e de lecture estim\u00e9e":"1 minute"},"schema":{"@context":"https:\/\/schema.org","@graph":[{"@type":"Article","@id":"https:\/\/thierryseguin.com\/fr\/blog\/2009\/12\/21\/un-portrait-en-etrennes\/#article","isPartOf":{"@id":"https:\/\/thierryseguin.com\/fr\/blog\/2009\/12\/21\/un-portrait-en-etrennes\/"},"author":{"name":"Thierry Seguin","@id":"https:\/\/thierryseguin.com\/fr\/#\/schema\/person\/8a2177969876d9e522df617b883aabcd"},"headline":"Un Portrait en \u00e9trennes","datePublished":"2009-12-21T14:03:00+00:00","dateModified":"2011-02-18T14:59:35+00:00","mainEntityOfPage":{"@id":"https:\/\/thierryseguin.com\/fr\/blog\/2009\/12\/21\/un-portrait-en-etrennes\/"},"wordCount":175,"commentCount":0,"image":{"@id":"https:\/\/thierryseguin.com\/fr\/blog\/2009\/12\/21\/un-portrait-en-etrennes\/#primaryimage"},"thumbnailUrl":"http:\/\/lh3.ggpht.com\/__MnoThhEels\/SzI4bFrMUwI\/AAAAAAAAH0k\/Z-VDc6w7JIA\/Pub%20portrait%20Nouvel%20an%202010_thumb%5B9%5D.jpg?imgmax=800","articleSection":["Id\u00e9e cadeau"],"inLanguage":"fr-FR","potentialAction":[{"@type":"CommentAction","name":"Comment","target":["https:\/\/thierryseguin.com\/fr\/blog\/2009\/12\/21\/un-portrait-en-etrennes\/#respond"]}]},{"@type":"WebPage","@id":"https:\/\/thierryseguin.com\/fr\/blog\/2009\/12\/21\/un-portrait-en-etrennes\/","url":"https:\/\/thierryseguin.com\/fr\/blog\/2009\/12\/21\/un-portrait-en-etrennes\/","name":"Un Portrait en \u00e9trennes -","isPartOf":{"@id":"https:\/\/thierryseguin.com\/fr\/#website"},"primaryImageOfPage":{"@id":"https:\/\/thierryseguin.com\/fr\/blog\/2009\/12\/21\/un-portrait-en-etrennes\/#primaryimage"},"image":{"@id":"https:\/\/thierryseguin.com\/fr\/blog\/2009\/12\/21\/un-portrait-en-etrennes\/#primaryimage"},"thumbnailUrl":"http:\/\/lh3.ggpht.com\/__MnoThhEels\/SzI4bFrMUwI\/AAAAAAAAH0k\/Z-VDc6w7JIA\/Pub%20portrait%20Nouvel%20an%202010_thumb%5B9%5D.jpg?imgmax=800","datePublished":"2009-12-21T14:03:00+00:00","dateModified":"2011-02-18T14:59:35+00:00","author":{"@id":"https:\/\/thierryseguin.com\/fr\/#\/schema\/person\/8a2177969876d9e522df617b883aabcd"},"breadcrumb":{"@id":"https:\/\/thierryseguin.com\/fr\/blog\/2009\/12\/21\/un-portrait-en-etrennes\/#breadcrumb"},"inLanguage":"fr-FR","potentialAction":[{"@type":"ReadAction","target":["https:\/\/thierryseguin.com\/fr\/blog\/2009\/12\/21\/un-portrait-en-etrennes\/"]}]},{"@type":"ImageObject","inLanguage":"fr-FR","@id":"https:\/\/thierryseguin.com\/fr\/blog\/2009\/12\/21\/un-portrait-en-etrennes\/#primaryimage","url":"http:\/\/lh3.ggpht.com\/__MnoThhEels\/SzI4bFrMUwI\/AAAAAAAAH0k\/Z-VDc6w7JIA\/Pub%20portrait%20Nouvel%20an%202010_thumb%5B9%5D.jpg?imgmax=800","contentUrl":"http:\/\/lh3.ggpht.com\/__MnoThhEels\/SzI4bFrMUwI\/AAAAAAAAH0k\/Z-VDc6w7JIA\/Pub%20portrait%20Nouvel%20an%202010_thumb%5B9%5D.jpg?imgmax=800"},{"@type":"BreadcrumbList","@id":"https:\/\/thierryseguin.com\/fr\/blog\/2009\/12\/21\/un-portrait-en-etrennes\/#breadcrumb","itemListElement":[{"@type":"ListItem","position":1,"name":"Accueil","item":"https:\/\/thierryseguin.com\/fr\/"},{"@type":"ListItem","position":2,"name":"Un Portrait en \u00e9trennes"}]},{"@type":"WebSite","@id":"https:\/\/thierryseguin.com\/fr\/#website","url":"https:\/\/thierryseguin.com\/fr\/","name":"Thierry Seguin Photographie","description":"Photographe de Portrait de Famille, Grossesse, B\u00e9b\u00e9s, Mariage","potentialAction":[{"@type":"SearchAction","target":{"@type":"EntryPoint","urlTemplate":"https:\/\/thierryseguin.com\/fr\/?s={search_term_string}"},"query-input":{"@type":"PropertyValueSpecification","valueRequired":true,"valueName":"search_term_string"}}],"inLanguage":"fr-FR"},{"@type":"Person","@id":"https:\/\/thierryseguin.com\/fr\/#\/schema\/person\/8a2177969876d9e522df617b883aabcd","name":"Thierry Seguin","image":{"@type":"ImageObject","inLanguage":"fr-FR","@id":"https:\/\/secure.gravatar.com\/avatar\/d49758ec13b28e5f4e60f685b1ae0f54e0ca43c593ce43822c52701982336750?s=96&d=wavatar&r=g","url":"https:\/\/secure.gravatar.com\/avatar\/d49758ec13b28e5f4e60f685b1ae0f54e0ca43c593ce43822c52701982336750?s=96&d=wavatar&r=g","contentUrl":"https:\/\/secure.gravatar.com\/avatar\/d49758ec13b28e5f4e60f685b1ae0f54e0ca43c593ce43822c52701982336750?s=96&d=wavatar&r=g","caption":"Thierry Seguin"},"description":"Depuis votre mariage, votre grossesse, puis la naissance de vos enfants, Thierry Seguin Photographie illustre les moments cl\u00e9s de votre vie. Il saisit les instants magiques charg\u00e9s d'\u00e9motions et de joie, tout au long de l\u2019inoubliable journ\u00e9e de votre mariage. Sa sensibilit\u00e9 s'exprime \u00e9galement lors de s\u00e9ances portraits originales et cr\u00e9atives, dont la s\u00e9ance \"amoureux\" et la s\u00e9ance \"Couple Mari\u00e9\" ou \"Trash The Dress\". Des livres-albums de grande qualit\u00e9, originaux et personnalis\u00e9s, des diaporamas et DVD avec droits c\u00e9d\u00e9s, sont les supports intemporels de ce grand jour. Install\u00e9 \u00e0 Viroflay, pr\u00e8s de Paris et Versailles, le photographe vous re\u00e7oit dans la galerie de son studio. Il couvre votre reportage en France, comme \u00e0 l'\u00e9tranger.","sameAs":["http:\/\/www.thierryseguin.com","https:\/\/www.facebook.com\/ThierrySeguinPhotographie","https:\/\/x.com\/Thierry_Seguin"]}]}},"_links":{"self":[{"href":"https:\/\/thierryseguin.com\/fr\/wp-json\/wp\/v2\/posts\/31","targetHints":{"allow":["GET"]}}],"collection":[{"href":"https:\/\/thierryseguin.com\/fr\/wp-json\/wp\/v2\/posts"}],"about":[{"href":"https:\/\/thierryseguin.com\/fr\/wp-json\/wp\/v2\/types\/post"}],"author":[{"embeddable":true,"href":"https:\/\/thierryseguin.com\/fr\/wp-json\/wp\/v2\/users\/1"}],"replies":[{"embeddable":true,"href":"https:\/\/thierryseguin.com\/fr\/wp-json\/wp\/v2\/comments?post=31"}],"version-history":[{"count":1,"href":"https:\/\/thierryseguin.com\/fr\/wp-json\/wp\/v2\/posts\/31\/revisions"}],"predecessor-version":[{"id":247,"href":"https:\/\/thierryseguin.com\/fr\/wp-json\/wp\/v2\/posts\/31\/revisions\/247"}],"wp:attachment":[{"href":"https:\/\/thierryseguin.com\/fr\/wp-json\/wp\/v2\/media?parent=31"}],"wp:term":[{"taxonomy":"category","embeddable":true,"href":"https:\/\/thierryseguin.com\/fr\/wp-json\/wp\/v2\/categories?post=31"},{"taxonomy":"post_tag","embeddable":true,"href":"https:\/\/thierryseguin.com\/fr\/wp-json\/wp\/v2\/tags?post=31"}],"curies":[{"name":"wp","href":"https:\/\/api.w.org\/{rel}","templated":true}]}}