{"id":32,"date":"2009-10-13T15:45:00","date_gmt":"2009-10-13T14:45:00","guid":{"rendered":"http:\/\/www.thierryseguin.com\/blog\/2009\/10\/13\/uncategorized\/photo-reportage-du-mariage-de-benedicte-et-laurent-par-thierry-seguin-photographe-de-mariage\/"},"modified":"2016-05-27T18:24:44","modified_gmt":"2016-05-27T16:24:44","slug":"photo-reportage-du-mariage-de-benedicte-et-laurent-par-thierry-seguin-photographe-de-mariage","status":"publish","type":"post","link":"https:\/\/thierryseguin.com\/fr\/blog\/2009\/10\/13\/photo-reportage-du-mariage-de-benedicte-et-laurent-par-thierry-seguin-photographe-de-mariage\/","title":{"rendered":"Photo-reportage du mariage de B\u00e9n\u00e9dicte et Laurent par Thierry Seguin, photographe de mariage"},"content":{"rendered":"<div id=\"_PWletT2pKangoExt_Installed\" style=\"display: none;\"><\/div>\n<div id=\"_PWletT2pKangoExt_Installed\" style=\"display: none;\"><\/div>\n<p>19 septembre 2009 \u00e0 l\u2019\u00e9glise de Cloyes-sur-le-Loir et au <a title=\"ch\u00e2teau de Montigny-Le-Gannelon\" href=\"http:\/\/www.domainedemontigny.com\/\" target=\"_blank\">ch\u00e2teau de Montigny-Le-Gannelon.<\/a><\/p>\n<p>Un magnifique mariage que celui de B\u00e9n\u00e9dicte et Laurent.<\/p>\n<p>Un temps ensoleill\u00e9, un domaine superbe, magnifiquement entretenu par <a title=\"Lydiane de la Motte Saint-Pierre\" href=\"http:\/\/www.lechorepublicain.fr\/eure-et-loir\/actualite\/pays\/pays-dunois\/2013\/03\/08\/le-chateau-de-montigny-est-ouvert-aux-visites-depuis-1985_1468820.html\" target=\"_blank\">Lydiane de la Motte Saint-Pierre<\/a>.<\/p>\n<p>Voici une s\u00e9lection d\u2019images de cette magnifique journ\u00e9e :<\/p>\n<p><a href=\"http:\/\/lh5.ggpht.com\/__MnoThhEels\/StUCb4kEa1I\/AAAAAAAAHBM\/vJSPvNdAC6w\/s1600-h\/BELA_00132.jpg\" target=\"_blank\"><img loading=\"lazy\" decoding=\"async\" style=\"border-width: 0px; display: inline;\" title=\"Robe de Mari\u00e9e\" src=\"http:\/\/lh5.ggpht.com\/__MnoThhEels\/StUCc2HwKfI\/AAAAAAAAHBQ\/NKbSClNeGvU\/BELA_0013_thumb.jpg?imgmax=800\" alt=\"Robe de Mari\u00e9e\" width=\"536\" height=\"804\" border=\"0\" \/><\/a><\/p>\n<p>B\u00e9n\u00e9dicte<\/p>\n<p><a href=\"http:\/\/lh3.ggpht.com\/__MnoThhEels\/StUCdmpnliI\/AAAAAAAAHBU\/9q0lovlcHGE\/s1600-h\/BELA_01012.jpg\" target=\"_blank\"><img loading=\"lazy\" decoding=\"async\" style=\"border-width: 0px; display: inline;\" title=\"B\u00e9n\u00e9dicte\" src=\"http:\/\/lh5.ggpht.com\/__MnoThhEels\/StUCeSMmgSI\/AAAAAAAAHBY\/l5BmS5iO5Pk\/BELA_0101_thumb.jpg?imgmax=800\" alt=\"B\u00e9n\u00e9dicte\" width=\"536\" height=\"804\" border=\"0\" \/><\/a><\/p>\n<p>Le superviseur de l\u2019organisation<\/p>\n<p><a href=\"http:\/\/lh5.ggpht.com\/__MnoThhEels\/StUCfZ3CRzI\/AAAAAAAAHBc\/P3MPIBBBCCw\/s1600-h\/BELA_01172.jpg\" target=\"_blank\"><img loading=\"lazy\" decoding=\"async\" style=\"border-width: 0px; display: inline;\" title=\"\" src=\"http:\/\/lh3.ggpht.com\/__MnoThhEels\/StUCgXYIP2I\/AAAAAAAAHBk\/upgBd62f_ig\/BELA_0117_thumb.jpg?imgmax=800\" alt=\"\" width=\"536\" height=\"804\" border=\"0\" \/><\/a><\/p>\n<p>Laurent d\u00e9couvre B\u00e9n\u00e9dicte<\/p>\n<p><a href=\"http:\/\/lh3.ggpht.com\/__MnoThhEels\/StUChNN9s5I\/AAAAAAAAHBo\/M4ZXMivs_nU\/s1600-h\/BELA_01402.jpg\" target=\"_blank\"><img loading=\"lazy\" decoding=\"async\" style=\"border-width: 0px; display: inline;\" title=\"\" src=\"http:\/\/lh3.ggpht.com\/__MnoThhEels\/StUCh0mGaaI\/AAAAAAAAHBs\/UQ6ScBf2ZXY\/BELA_0140_thumb.jpg?imgmax=800\" alt=\"\" width=\"536\" height=\"804\" border=\"0\" \/><\/a><\/p>\n<p>Photos de couple depuis le belv\u00e9d\u00e8re du <a title=\"ch\u00e2teau de Montigny-Le-Gannelon\" href=\"http:\/\/www.domainedemontigny.com\/\" target=\"_blank\">ch\u00e2teau de Montigny-Le-Gannelon<\/a><\/p>\n<p><a href=\"http:\/\/lh4.ggpht.com\/__MnoThhEels\/StUCix7r9FI\/AAAAAAAAHBw\/P_06aSY7lNk\/s1600-h\/BELA_01822.jpg\" target=\"_blank\"><img loading=\"lazy\" decoding=\"async\" style=\"border-width: 0px; display: inline;\" title=\"\" src=\"http:\/\/lh5.ggpht.com\/__MnoThhEels\/StUCjsOxmYI\/AAAAAAAAHB0\/7NTeORmsKHQ\/BELA_0182_thumb.jpg?imgmax=800\" alt=\"\" width=\"804\" height=\"536\" border=\"0\" \/><\/a> <a href=\"http:\/\/lh5.ggpht.com\/__MnoThhEels\/StUCkaHaQEI\/AAAAAAAAHB4\/TaJcepirZgU\/s1600-h\/BELA_01902.jpg\" target=\"_blank\"><img loading=\"lazy\" decoding=\"async\" style=\"border-width: 0px; display: inline;\" title=\"\" src=\"http:\/\/lh5.ggpht.com\/__MnoThhEels\/StUClI6Dv9I\/AAAAAAAAHB8\/XpdWLu2BH-Y\/BELA_0190_thumb.jpg?imgmax=800\" alt=\"\" width=\"536\" height=\"804\" border=\"0\" \/><\/a> <a href=\"http:\/\/lh3.ggpht.com\/__MnoThhEels\/StUClnSTglI\/AAAAAAAAHCA\/j9_grJrhRQU\/s1600-h\/BELA_01992.jpg\" target=\"_blank\"><img loading=\"lazy\" decoding=\"async\" style=\"border-width: 0px; display: inline;\" title=\"\" src=\"http:\/\/lh5.ggpht.com\/__MnoThhEels\/StUCmSsi3NI\/AAAAAAAAHCE\/65wFkeBiCXM\/BELA_0199_thumb.jpg?imgmax=800\" alt=\"\" width=\"536\" height=\"804\" border=\"0\" \/><\/a><\/p>\n<p>Le grand escalier<\/p>\n<p><a href=\"http:\/\/lh6.ggpht.com\/__MnoThhEels\/StUCnIOEfxI\/AAAAAAAAHCI\/Ds45uMvB9Qw\/s1600-h\/BELA_02022.jpg\" target=\"_blank\"><img loading=\"lazy\" decoding=\"async\" style=\"border-width: 0px; display: inline;\" title=\"\" src=\"http:\/\/lh6.ggpht.com\/__MnoThhEels\/StUCoOvQaAI\/AAAAAAAAHCM\/M_ccwoqaZfw\/BELA_0202_thumb.jpg?imgmax=800\" alt=\"\" width=\"804\" height=\"536\" border=\"0\" \/><\/a><\/p>\n<p>L\u2019\u00e9glise<\/p>\n<p><a href=\"http:\/\/lh4.ggpht.com\/__MnoThhEels\/StUCo8Q_oTI\/AAAAAAAAHCQ\/L-Z1bj0Drio\/s1600-h\/BELA_02322.jpg\" target=\"_blank\"><img loading=\"lazy\" decoding=\"async\" style=\"border-width: 0px; display: inline;\" title=\"\" src=\"http:\/\/lh4.ggpht.com\/__MnoThhEels\/StUCpbVBtWI\/AAAAAAAAHCU\/c7AqT-hhQhE\/BELA_0232_thumb.jpg?imgmax=800\" alt=\"\" width=\"536\" height=\"804\" border=\"0\" \/><\/a><\/p>\n<p>Pause repas<\/p>\n<p><a href=\"http:\/\/lh5.ggpht.com\/__MnoThhEels\/StUCqX8GQWI\/AAAAAAAAHCY\/exy_G9saOn8\/s1600-h\/BELA_02402.jpg\" target=\"_blank\"><img loading=\"lazy\" decoding=\"async\" style=\"border-width: 0px; display: inline;\" title=\"\" src=\"http:\/\/lh5.ggpht.com\/__MnoThhEels\/StUCrc2-b9I\/AAAAAAAAHCc\/3yLpUi9Drtk\/BELA_0240_thumb.jpg?imgmax=800\" alt=\"\" width=\"536\" height=\"804\" border=\"0\" \/><\/a><\/p>\n<p>Match Blackberry \/ iPhone\u2026 l\u2019iPhone a le dessus \ud83d\ude09<\/p>\n<p><a href=\"http:\/\/lh5.ggpht.com\/__MnoThhEels\/StUCsPPfk-I\/AAAAAAAAHCg\/lSV9c-FpnwQ\/s1600-h\/BELA_02452.jpg\" target=\"_blank\"><img loading=\"lazy\" decoding=\"async\" style=\"border-width: 0px; display: inline;\" title=\"\" src=\"http:\/\/lh5.ggpht.com\/__MnoThhEels\/StUCsxv0TcI\/AAAAAAAAHCk\/u3Q8lq1RuRw\/BELA_0245_thumb.jpg?imgmax=800\" alt=\"\" width=\"536\" height=\"804\" border=\"0\" \/><\/a> <a href=\"http:\/\/lh4.ggpht.com\/__MnoThhEels\/StUCtrRUyuI\/AAAAAAAAHCo\/ReX4he0kVNU\/s1600-h\/BELA_02562.jpg\" target=\"_blank\"><img loading=\"lazy\" decoding=\"async\" style=\"border-width: 0px; display: inline;\" title=\"\" src=\"http:\/\/lh5.ggpht.com\/__MnoThhEels\/StUCuQAWOXI\/AAAAAAAAHCs\/smM7XadyJts\/BELA_0256_thumb.jpg?imgmax=800\" alt=\"\" width=\"536\" height=\"804\" border=\"0\" \/><\/a><\/p>\n<p>S\u00e9ance avec les enfants d\u2019honneur<\/p>\n<p><a href=\"http:\/\/lh6.ggpht.com\/__MnoThhEels\/StUCvWArymI\/AAAAAAAAHCw\/FdiTjTdHiHY\/s1600-h\/BELA_03112.jpg\" target=\"_blank\"><img loading=\"lazy\" decoding=\"async\" style=\"border-width: 0px; display: inline;\" title=\"\" src=\"http:\/\/lh5.ggpht.com\/__MnoThhEels\/StUCwXBOg-I\/AAAAAAAAHC0\/Z230K3u4zPc\/BELA_0311_thumb.jpg?imgmax=800\" alt=\"\" width=\"804\" height=\"536\" border=\"0\" \/><\/a><\/p>\n<p>On ne regarde pas !<\/p>\n<p><a href=\"http:\/\/lh5.ggpht.com\/__MnoThhEels\/StUCxkIJzEI\/AAAAAAAAHC4\/qKXOauEbjDQ\/s1600-h\/BELA_03392.jpg\" target=\"_blank\"><img loading=\"lazy\" decoding=\"async\" style=\"border-width: 0px; display: inline;\" title=\"\" src=\"http:\/\/lh3.ggpht.com\/__MnoThhEels\/StUCy5XK8qI\/AAAAAAAAHC8\/bx9T8R3pxYs\/BELA_0339_thumb.jpg?imgmax=800\" alt=\"\" width=\"804\" height=\"537\" border=\"0\" \/><\/a><\/p>\n<p>C\u00e9r\u00e9monie religieuse en l\u2019\u00e9glise de Cloyes-sur-le-Loir<\/p>\n<p><a href=\"http:\/\/lh6.ggpht.com\/__MnoThhEels\/StUCz_ddduI\/AAAAAAAAHDA\/50WCUq11iHE\/s1600-h\/BELA_04702.jpg\" target=\"_blank\"><img loading=\"lazy\" decoding=\"async\" style=\"border-width: 0px; display: inline;\" title=\"\" src=\"http:\/\/lh6.ggpht.com\/__MnoThhEels\/StUC0831SSI\/AAAAAAAAHDE\/5E-Mm-OOIxk\/BELA_0470_thumb.jpg?imgmax=800\" alt=\"\" width=\"804\" height=\"536\" border=\"0\" \/><\/a> <a href=\"http:\/\/lh5.ggpht.com\/__MnoThhEels\/StUC19zsKzI\/AAAAAAAAHDI\/HDw64HxfRwM\/s1600-h\/BELA_05362.jpg\" target=\"_blank\"><img loading=\"lazy\" decoding=\"async\" style=\"border-width: 0px; display: inline;\" title=\"\" src=\"http:\/\/lh4.ggpht.com\/__MnoThhEels\/StUC2oDcr-I\/AAAAAAAAHDM\/LI-_aE4UZs4\/BELA_0536_thumb.jpg?imgmax=800\" alt=\"\" width=\"804\" height=\"536\" border=\"0\" \/><\/a> <a href=\"http:\/\/lh5.ggpht.com\/__MnoThhEels\/StUC3dAOY9I\/AAAAAAAAHDQ\/cbGwlMfXiVo\/s1600-h\/BELA_0624copie2.jpg\" target=\"_blank\"><img loading=\"lazy\" decoding=\"async\" style=\"border-width: 0px; display: inline;\" title=\"\" src=\"http:\/\/lh5.ggpht.com\/__MnoThhEels\/StUC4AEDuKI\/AAAAAAAAHDU\/SHUN4Nf0-Ws\/BELA_0624copie_thumb.jpg?imgmax=800\" alt=\"\" width=\"804\" height=\"536\" border=\"0\" \/><\/a> <a href=\"http:\/\/lh4.ggpht.com\/__MnoThhEels\/StUC5U_1-iI\/AAAAAAAAHDY\/BqPn0ZkAltw\/s1600-h\/BELA_06532.jpg\" target=\"_blank\"><img loading=\"lazy\" decoding=\"async\" style=\"border-width: 0px; display: inline;\" title=\"\" src=\"http:\/\/lh4.ggpht.com\/__MnoThhEels\/StUC6J82ldI\/AAAAAAAAHDc\/UmEZyjEJWpw\/BELA_0653_thumb.jpg?imgmax=800\" alt=\"\" width=\"540\" height=\"804\" border=\"0\" \/><\/a><\/p>\n<p>R\u00e9ception au <a title=\"domaine de Montigny-Le-Gannelon\" href=\"http:\/\/www.domainedemontigny.com\/\" target=\"_blank\">domaine de Montigny-Le-Gannelon<\/a><\/p>\n<p><a href=\"http:\/\/lh5.ggpht.com\/__MnoThhEels\/StUC7Ku7uUI\/AAAAAAAAHDg\/0-Nm4BGzYBU\/s1600-h\/BELA_07702.jpg\" target=\"_blank\"><img loading=\"lazy\" decoding=\"async\" style=\"border-width: 0px; display: inline;\" title=\"\" src=\"http:\/\/lh4.ggpht.com\/__MnoThhEels\/StUC8Bw64YI\/AAAAAAAAHDk\/UZNbhfkqyS8\/BELA_0770_thumb.jpg?imgmax=800\" alt=\"\" width=\"804\" height=\"536\" border=\"0\" \/><\/a><\/p>\n<p>Feu d\u2019artifice tir\u00e9 par l\u2019\u00e9quipe de Raymond RIGAULT (PYRO MAGIE SARL), sonoris\u00e9 par l\u2019\u00e9quipe de <a title=\"animation, DJ, Disc-Jockey\" href=\"http:\/\/www.arts-sonorisation.com\/\" target=\"_blank\">Jo\u00ebl de Becker (ARTS-Sonorisation)<\/a><\/p>\n<p><a href=\"http:\/\/lh4.ggpht.com\/__MnoThhEels\/StUC8nK0Iu&lt;br \/&gt;&lt;br \/&gt;&lt;br \/&gt; I\/AAAAAAAAHDo\/z2oTL1jRAio\/s1600-h\/BELA_10192.jpg\" target=\"_blank\"><img loading=\"lazy\" decoding=\"async\" style=\"border-width: 0px; display: inline;\" title=\"\" src=\"http:\/\/lh3.ggpht.com\/__MnoThhEels\/StUC9WIALeI\/AAAAAAAAHDs\/bsuHB2S9PJU\/BELA_1019_thumb.jpg?imgmax=800\" alt=\"\" width=\"804\" height=\"540\" border=\"0\" \/><\/a><\/p>\n<p>Ouverture du bal , puis soir\u00e9e dansante dans l\u2019immense salle du Man\u00e8ge, qui peut accueillir 500 personnes assises.<\/p>\n<p><a href=\"http:\/\/lh4.ggpht.com\/__MnoThhEels\/StUC-PwyMCI\/AAAAAAAAHDw\/VwohZI2L8NU\/s1600-h\/BELA_10682.jpg\" target=\"_blank\"><img loading=\"lazy\" decoding=\"async\" style=\"border-width: 0px; display: inline;\" title=\"\" src=\"http:\/\/lh3.ggpht.com\/__MnoThhEels\/StUC_ChhxqI\/AAAAAAAAHD4\/TP4mIPK1kww\/BELA_1068_thumb.jpg?imgmax=800\" alt=\"\" width=\"804\" height=\"536\" border=\"0\" \/><\/a> <a href=\"http:\/\/lh6.ggpht.com\/__MnoThhEels\/StUC_za91FI\/AAAAAAAAHEA\/HY390TqXKek\/s1600-h\/BELA_11182.jpg\" target=\"_blank\"><img loading=\"lazy\" decoding=\"async\" style=\"border-width: 0px; display: inline;\" title=\"\" src=\"http:\/\/lh3.ggpht.com\/__MnoThhEels\/StUDAiWrRcI\/AAAAAAAAHEE\/KXMHhEj-kdw\/BELA_1118_thumb.jpg?imgmax=800\" alt=\"\" width=\"536\" height=\"804\" border=\"0\" \/><\/a><\/p>\n","protected":false},"excerpt":{"rendered":"<p>19 septembre 2009 \u00e0 l\u2019\u00e9glise de Cloyes-sur-le-Loir et au ch\u00e2teau de Montigny-Le-Gannelon. Un magnifique mariage que celui de B\u00e9n\u00e9dicte et Laurent. Un temps ensoleill\u00e9, un domaine superbe, magnifiquement entretenu par Lydiane de la Motte Saint-Pierre. Voici une s\u00e9lection d\u2019images de cette magnifique journ\u00e9e : B\u00e9n\u00e9dicte Le superviseur de l\u2019organisation Laurent d\u00e9couvre B\u00e9n\u00e9dicte Photos de couple...<\/p>\n","protected":false},"author":1,"featured_media":0,"comment_status":"open","ping_status":"open","sticky":false,"template":"","format":"standard","meta":{"pp_embeds":"","footnotes":""},"categories":[197],"tags":[55,312,313,314,315],"class_list":["post-32","post","type-post","status-publish","format-standard","hentry","category-photographe-mariage","tag-photographe-cloyes-sur-le-loir","tag-photographe-mariage-chateau-de-montigny-le-gannelon","tag-photographe-mariage-cloyes-sur-le-loir","tag-photographe-mariage-eure-28","tag-photographe-mariage-montigny-le-gannelon"],"yoast_head":"<!-- This site is optimized with the Yoast SEO plugin v27.5 - https:\/\/yoast.com\/product\/yoast-seo-wordpress\/ -->\n<title>Photo-reportage du mariage de B\u00e9n\u00e9dicte et Laurent par Thierry Seguin, photographe de mariage -<\/title>\n<meta name=\"robots\" content=\"index, follow, max-snippet:-1, max-image-preview:large, max-video-preview:-1\" \/>\n<link rel=\"canonical\" href=\"https:\/\/thierryseguin.com\/fr\/blog\/2009\/10\/13\/photo-reportage-du-mariage-de-benedicte-et-laurent-par-thierry-seguin-photographe-de-mariage\/\" \/>\n<meta property=\"og:locale\" content=\"fr_FR\" \/>\n<meta property=\"og:type\" content=\"article\" \/>\n<meta property=\"og:title\" content=\"Photo-reportage du mariage de B\u00e9n\u00e9dicte et Laurent par Thierry Seguin, photographe de mariage -\" \/>\n<meta property=\"og:description\" content=\"19 septembre 2009 \u00e0 l\u2019\u00e9glise de Cloyes-sur-le-Loir et au ch\u00e2teau de Montigny-Le-Gannelon. Un magnifique mariage que celui de B\u00e9n\u00e9dicte et Laurent. Un temps ensoleill\u00e9, un domaine superbe, magnifiquement entretenu par Lydiane de la Motte Saint-Pierre. Voici une s\u00e9lection d\u2019images de cette magnifique journ\u00e9e : B\u00e9n\u00e9dicte Le superviseur de l\u2019organisation Laurent d\u00e9couvre B\u00e9n\u00e9dicte Photos de couple [&hellip;]\" \/>\n<meta property=\"og:url\" content=\"https:\/\/thierryseguin.com\/fr\/blog\/2009\/10\/13\/photo-reportage-du-mariage-de-benedicte-et-laurent-par-thierry-seguin-photographe-de-mariage\/\" \/>\n<meta property=\"og:site_name\" content=\"Thierry Seguin Photographie\" \/>\n<meta property=\"article:publisher\" content=\"https:\/\/www.facebook.com\/ThierrySeguinPhotographie\" \/>\n<meta property=\"article:author\" content=\"https:\/\/www.facebook.com\/ThierrySeguinPhotographie\" \/>\n<meta property=\"article:published_time\" content=\"2009-10-13T14:45:00+00:00\" \/>\n<meta property=\"article:modified_time\" content=\"2016-05-27T16:24:44+00:00\" \/>\n<meta property=\"og:image\" content=\"http:\/\/lh5.ggpht.com\/__MnoThhEels\/StUCc2HwKfI\/AAAAAAAAHBQ\/NKbSClNeGvU\/BELA_0013_thumb.jpg?imgmax=800\" \/>\n<meta name=\"author\" content=\"Thierry Seguin\" \/>\n<meta name=\"twitter:card\" content=\"summary_large_image\" \/>\n<meta name=\"twitter:creator\" content=\"@Thierry_Seguin\" \/>\n<meta name=\"twitter:site\" content=\"@thierry_seguin\" \/>\n<meta name=\"twitter:label1\" content=\"\u00c9crit par\" \/>\n\t<meta name=\"twitter:data1\" content=\"Thierry Seguin\" \/>\n\t<meta name=\"twitter:label2\" content=\"Dur\u00e9e de lecture estim\u00e9e\" \/>\n\t<meta name=\"twitter:data2\" content=\"1 minute\" \/>\n<script type=\"application\/ld+json\" class=\"yoast-schema-graph\">{\"@context\":\"https:\\\/\\\/schema.org\",\"@graph\":[{\"@type\":\"Article\",\"@id\":\"https:\\\/\\\/thierryseguin.com\\\/fr\\\/blog\\\/2009\\\/10\\\/13\\\/photo-reportage-du-mariage-de-benedicte-et-laurent-par-thierry-seguin-photographe-de-mariage\\\/#article\",\"isPartOf\":{\"@id\":\"https:\\\/\\\/thierryseguin.com\\\/fr\\\/blog\\\/2009\\\/10\\\/13\\\/photo-reportage-du-mariage-de-benedicte-et-laurent-par-thierry-seguin-photographe-de-mariage\\\/\"},\"author\":{\"name\":\"Thierry Seguin\",\"@id\":\"https:\\\/\\\/thierryseguin.com\\\/fr\\\/#\\\/schema\\\/person\\\/8a2177969876d9e522df617b883aabcd\"},\"headline\":\"Photo-reportage du mariage de B\u00e9n\u00e9dicte et Laurent par Thierry Seguin, photographe de mariage\",\"datePublished\":\"2009-10-13T14:45:00+00:00\",\"dateModified\":\"2016-05-27T16:24:44+00:00\",\"mainEntityOfPage\":{\"@id\":\"https:\\\/\\\/thierryseguin.com\\\/fr\\\/blog\\\/2009\\\/10\\\/13\\\/photo-reportage-du-mariage-de-benedicte-et-laurent-par-thierry-seguin-photographe-de-mariage\\\/\"},\"wordCount\":173,\"commentCount\":0,\"image\":{\"@id\":\"https:\\\/\\\/thierryseguin.com\\\/fr\\\/blog\\\/2009\\\/10\\\/13\\\/photo-reportage-du-mariage-de-benedicte-et-laurent-par-thierry-seguin-photographe-de-mariage\\\/#primaryimage\"},\"thumbnailUrl\":\"http:\\\/\\\/lh5.ggpht.com\\\/__MnoThhEels\\\/StUCc2HwKfI\\\/AAAAAAAAHBQ\\\/NKbSClNeGvU\\\/BELA_0013_thumb.jpg?imgmax=800\",\"keywords\":[\"Photographe Cloyes-sur-le-Loir\",\"Photographe mariage ch\u00e2teau de Montigny-Le-Gannelon\",\"Photographe mariage Cloyes-sur-le-Loir\",\"Photographe mariage Eure 28\",\"Photographe Mariage Montigny-le-Gannelon\"],\"articleSection\":[\"Mariage\"],\"inLanguage\":\"fr-FR\",\"potentialAction\":[{\"@type\":\"CommentAction\",\"name\":\"Comment\",\"target\":[\"https:\\\/\\\/thierryseguin.com\\\/fr\\\/blog\\\/2009\\\/10\\\/13\\\/photo-reportage-du-mariage-de-benedicte-et-laurent-par-thierry-seguin-photographe-de-mariage\\\/#respond\"]}]},{\"@type\":\"WebPage\",\"@id\":\"https:\\\/\\\/thierryseguin.com\\\/fr\\\/blog\\\/2009\\\/10\\\/13\\\/photo-reportage-du-mariage-de-benedicte-et-laurent-par-thierry-seguin-photographe-de-mariage\\\/\",\"url\":\"https:\\\/\\\/thierryseguin.com\\\/fr\\\/blog\\\/2009\\\/10\\\/13\\\/photo-reportage-du-mariage-de-benedicte-et-laurent-par-thierry-seguin-photographe-de-mariage\\\/\",\"name\":\"Photo-reportage du mariage de B\u00e9n\u00e9dicte et Laurent par Thierry Seguin, photographe de mariage -\",\"isPartOf\":{\"@id\":\"https:\\\/\\\/thierryseguin.com\\\/fr\\\/#website\"},\"primaryImageOfPage\":{\"@id\":\"https:\\\/\\\/thierryseguin.com\\\/fr\\\/blog\\\/2009\\\/10\\\/13\\\/photo-reportage-du-mariage-de-benedicte-et-laurent-par-thierry-seguin-photographe-de-mariage\\\/#primaryimage\"},\"image\":{\"@id\":\"https:\\\/\\\/thierryseguin.com\\\/fr\\\/blog\\\/2009\\\/10\\\/13\\\/photo-reportage-du-mariage-de-benedicte-et-laurent-par-thierry-seguin-photographe-de-mariage\\\/#primaryimage\"},\"thumbnailUrl\":\"http:\\\/\\\/lh5.ggpht.com\\\/__MnoThhEels\\\/StUCc2HwKfI\\\/AAAAAAAAHBQ\\\/NKbSClNeGvU\\\/BELA_0013_thumb.jpg?imgmax=800\",\"datePublished\":\"2009-10-13T14:45:00+00:00\",\"dateModified\":\"2016-05-27T16:24:44+00:00\",\"author\":{\"@id\":\"https:\\\/\\\/thierryseguin.com\\\/fr\\\/#\\\/schema\\\/person\\\/8a2177969876d9e522df617b883aabcd\"},\"breadcrumb\":{\"@id\":\"https:\\\/\\\/thierryseguin.com\\\/fr\\\/blog\\\/2009\\\/10\\\/13\\\/photo-reportage-du-mariage-de-benedicte-et-laurent-par-thierry-seguin-photographe-de-mariage\\\/#breadcrumb\"},\"inLanguage\":\"fr-FR\",\"potentialAction\":[{\"@type\":\"ReadAction\",\"target\":[\"https:\\\/\\\/thierryseguin.com\\\/fr\\\/blog\\\/2009\\\/10\\\/13\\\/photo-reportage-du-mariage-de-benedicte-et-laurent-par-thierry-seguin-photographe-de-mariage\\\/\"]}]},{\"@type\":\"ImageObject\",\"inLanguage\":\"fr-FR\",\"@id\":\"https:\\\/\\\/thierryseguin.com\\\/fr\\\/blog\\\/2009\\\/10\\\/13\\\/photo-reportage-du-mariage-de-benedicte-et-laurent-par-thierry-seguin-photographe-de-mariage\\\/#primaryimage\",\"url\":\"http:\\\/\\\/lh5.ggpht.com\\\/__MnoThhEels\\\/StUCc2HwKfI\\\/AAAAAAAAHBQ\\\/NKbSClNeGvU\\\/BELA_0013_thumb.jpg?imgmax=800\",\"contentUrl\":\"http:\\\/\\\/lh5.ggpht.com\\\/__MnoThhEels\\\/StUCc2HwKfI\\\/AAAAAAAAHBQ\\\/NKbSClNeGvU\\\/BELA_0013_thumb.jpg?imgmax=800\"},{\"@type\":\"BreadcrumbList\",\"@id\":\"https:\\\/\\\/thierryseguin.com\\\/fr\\\/blog\\\/2009\\\/10\\\/13\\\/photo-reportage-du-mariage-de-benedicte-et-laurent-par-thierry-seguin-photographe-de-mariage\\\/#breadcrumb\",\"itemListElement\":[{\"@type\":\"ListItem\",\"position\":1,\"name\":\"Accueil\",\"item\":\"https:\\\/\\\/thierryseguin.com\\\/fr\\\/\"},{\"@type\":\"ListItem\",\"position\":2,\"name\":\"Photo-reportage du mariage de B\u00e9n\u00e9dicte et Laurent par Thierry Seguin, photographe de mariage\"}]},{\"@type\":\"WebSite\",\"@id\":\"https:\\\/\\\/thierryseguin.com\\\/fr\\\/#website\",\"url\":\"https:\\\/\\\/thierryseguin.com\\\/fr\\\/\",\"name\":\"Thierry Seguin Photographie\",\"description\":\"Photographe de Portrait de Famille, Grossesse, B\u00e9b\u00e9s, Mariage\",\"potentialAction\":[{\"@type\":\"SearchAction\",\"target\":{\"@type\":\"EntryPoint\",\"urlTemplate\":\"https:\\\/\\\/thierryseguin.com\\\/fr\\\/?s={search_term_string}\"},\"query-input\":{\"@type\":\"PropertyValueSpecification\",\"valueRequired\":true,\"valueName\":\"search_term_string\"}}],\"inLanguage\":\"fr-FR\"},{\"@type\":\"Person\",\"@id\":\"https:\\\/\\\/thierryseguin.com\\\/fr\\\/#\\\/schema\\\/person\\\/8a2177969876d9e522df617b883aabcd\",\"name\":\"Thierry Seguin\",\"image\":{\"@type\":\"ImageObject\",\"inLanguage\":\"fr-FR\",\"@id\":\"https:\\\/\\\/secure.gravatar.com\\\/avatar\\\/d49758ec13b28e5f4e60f685b1ae0f54e0ca43c593ce43822c52701982336750?s=96&d=wavatar&r=g\",\"url\":\"https:\\\/\\\/secure.gravatar.com\\\/avatar\\\/d49758ec13b28e5f4e60f685b1ae0f54e0ca43c593ce43822c52701982336750?s=96&d=wavatar&r=g\",\"contentUrl\":\"https:\\\/\\\/secure.gravatar.com\\\/avatar\\\/d49758ec13b28e5f4e60f685b1ae0f54e0ca43c593ce43822c52701982336750?s=96&d=wavatar&r=g\",\"caption\":\"Thierry Seguin\"},\"description\":\"Depuis votre mariage, votre grossesse, puis la naissance de vos enfants, Thierry Seguin Photographie illustre les moments cl\u00e9s de votre vie. Il saisit les instants magiques charg\u00e9s d'\u00e9motions et de joie, tout au long de l\u2019inoubliable journ\u00e9e de votre mariage. Sa sensibilit\u00e9 s'exprime \u00e9galement lors de s\u00e9ances portraits originales et cr\u00e9atives, dont la s\u00e9ance \\\"amoureux\\\" et la s\u00e9ance \\\"Couple Mari\u00e9\\\" ou \\\"Trash The Dress\\\". Des livres-albums de grande qualit\u00e9, originaux et personnalis\u00e9s, des diaporamas et DVD avec droits c\u00e9d\u00e9s, sont les supports intemporels de ce grand jour. Install\u00e9 \u00e0 Viroflay, pr\u00e8s de Paris et Versailles, le photographe vous re\u00e7oit dans la galerie de son studio. Il couvre votre reportage en France, comme \u00e0 l'\u00e9tranger.\",\"sameAs\":[\"http:\\\/\\\/www.thierryseguin.com\",\"https:\\\/\\\/www.facebook.com\\\/ThierrySeguinPhotographie\",\"https:\\\/\\\/x.com\\\/Thierry_Seguin\"]}]}<\/script>\n<!-- \/ Yoast SEO plugin. -->","yoast_head_json":{"title":"Photo-reportage du mariage de B\u00e9n\u00e9dicte et Laurent par Thierry Seguin, photographe de mariage -","robots":{"index":"index","follow":"follow","max-snippet":"max-snippet:-1","max-image-preview":"max-image-preview:large","max-video-preview":"max-video-preview:-1"},"canonical":"https:\/\/thierryseguin.com\/fr\/blog\/2009\/10\/13\/photo-reportage-du-mariage-de-benedicte-et-laurent-par-thierry-seguin-photographe-de-mariage\/","og_locale":"fr_FR","og_type":"article","og_title":"Photo-reportage du mariage de B\u00e9n\u00e9dicte et Laurent par Thierry Seguin, photographe de mariage -","og_description":"19 septembre 2009 \u00e0 l\u2019\u00e9glise de Cloyes-sur-le-Loir et au ch\u00e2teau de Montigny-Le-Gannelon. Un magnifique mariage que celui de B\u00e9n\u00e9dicte et Laurent. Un temps ensoleill\u00e9, un domaine superbe, magnifiquement entretenu par Lydiane de la Motte Saint-Pierre. Voici une s\u00e9lection d\u2019images de cette magnifique journ\u00e9e : B\u00e9n\u00e9dicte Le superviseur de l\u2019organisation Laurent d\u00e9couvre B\u00e9n\u00e9dicte Photos de couple [&hellip;]","og_url":"https:\/\/thierryseguin.com\/fr\/blog\/2009\/10\/13\/photo-reportage-du-mariage-de-benedicte-et-laurent-par-thierry-seguin-photographe-de-mariage\/","og_site_name":"Thierry Seguin Photographie","article_publisher":"https:\/\/www.facebook.com\/ThierrySeguinPhotographie","article_author":"https:\/\/www.facebook.com\/ThierrySeguinPhotographie","article_published_time":"2009-10-13T14:45:00+00:00","article_modified_time":"2016-05-27T16:24:44+00:00","og_image":[{"url":"http:\/\/lh5.ggpht.com\/__MnoThhEels\/StUCc2HwKfI\/AAAAAAAAHBQ\/NKbSClNeGvU\/BELA_0013_thumb.jpg?imgmax=800","type":"","width":"","height":""}],"author":"Thierry Seguin","twitter_card":"summary_large_image","twitter_creator":"@Thierry_Seguin","twitter_site":"@thierry_seguin","twitter_misc":{"\u00c9crit par":"Thierry Seguin","Dur\u00e9e de lecture estim\u00e9e":"1 minute"},"schema":{"@context":"https:\/\/schema.org","@graph":[{"@type":"Article","@id":"https:\/\/thierryseguin.com\/fr\/blog\/2009\/10\/13\/photo-reportage-du-mariage-de-benedicte-et-laurent-par-thierry-seguin-photographe-de-mariage\/#article","isPartOf":{"@id":"https:\/\/thierryseguin.com\/fr\/blog\/2009\/10\/13\/photo-reportage-du-mariage-de-benedicte-et-laurent-par-thierry-seguin-photographe-de-mariage\/"},"author":{"name":"Thierry Seguin","@id":"https:\/\/thierryseguin.com\/fr\/#\/schema\/person\/8a2177969876d9e522df617b883aabcd"},"headline":"Photo-reportage du mariage de B\u00e9n\u00e9dicte et Laurent par Thierry Seguin, photographe de mariage","datePublished":"2009-10-13T14:45:00+00:00","dateModified":"2016-05-27T16:24:44+00:00","mainEntityOfPage":{"@id":"https:\/\/thierryseguin.com\/fr\/blog\/2009\/10\/13\/photo-reportage-du-mariage-de-benedicte-et-laurent-par-thierry-seguin-photographe-de-mariage\/"},"wordCount":173,"commentCount":0,"image":{"@id":"https:\/\/thierryseguin.com\/fr\/blog\/2009\/10\/13\/photo-reportage-du-mariage-de-benedicte-et-laurent-par-thierry-seguin-photographe-de-mariage\/#primaryimage"},"thumbnailUrl":"http:\/\/lh5.ggpht.com\/__MnoThhEels\/StUCc2HwKfI\/AAAAAAAAHBQ\/NKbSClNeGvU\/BELA_0013_thumb.jpg?imgmax=800","keywords":["Photographe Cloyes-sur-le-Loir","Photographe mariage ch\u00e2teau de Montigny-Le-Gannelon","Photographe mariage Cloyes-sur-le-Loir","Photographe mariage Eure 28","Photographe Mariage Montigny-le-Gannelon"],"articleSection":["Mariage"],"inLanguage":"fr-FR","potentialAction":[{"@type":"CommentAction","name":"Comment","target":["https:\/\/thierryseguin.com\/fr\/blog\/2009\/10\/13\/photo-reportage-du-mariage-de-benedicte-et-laurent-par-thierry-seguin-photographe-de-mariage\/#respond"]}]},{"@type":"WebPage","@id":"https:\/\/thierryseguin.com\/fr\/blog\/2009\/10\/13\/photo-reportage-du-mariage-de-benedicte-et-laurent-par-thierry-seguin-photographe-de-mariage\/","url":"https:\/\/thierryseguin.com\/fr\/blog\/2009\/10\/13\/photo-reportage-du-mariage-de-benedicte-et-laurent-par-thierry-seguin-photographe-de-mariage\/","name":"Photo-reportage du mariage de B\u00e9n\u00e9dicte et Laurent par Thierry Seguin, photographe de mariage -","isPartOf":{"@id":"https:\/\/thierryseguin.com\/fr\/#website"},"primaryImageOfPage":{"@id":"https:\/\/thierryseguin.com\/fr\/blog\/2009\/10\/13\/photo-reportage-du-mariage-de-benedicte-et-laurent-par-thierry-seguin-photographe-de-mariage\/#primaryimage"},"image":{"@id":"https:\/\/thierryseguin.com\/fr\/blog\/2009\/10\/13\/photo-reportage-du-mariage-de-benedicte-et-laurent-par-thierry-seguin-photographe-de-mariage\/#primaryimage"},"thumbnailUrl":"http:\/\/lh5.ggpht.com\/__MnoThhEels\/StUCc2HwKfI\/AAAAAAAAHBQ\/NKbSClNeGvU\/BELA_0013_thumb.jpg?imgmax=800","datePublished":"2009-10-13T14:45:00+00:00","dateModified":"2016-05-27T16:24:44+00:00","author":{"@id":"https:\/\/thierryseguin.com\/fr\/#\/schema\/person\/8a2177969876d9e522df617b883aabcd"},"breadcrumb":{"@id":"https:\/\/thierryseguin.com\/fr\/blog\/2009\/10\/13\/photo-reportage-du-mariage-de-benedicte-et-laurent-par-thierry-seguin-photographe-de-mariage\/#breadcrumb"},"inLanguage":"fr-FR","potentialAction":[{"@type":"ReadAction","target":["https:\/\/thierryseguin.com\/fr\/blog\/2009\/10\/13\/photo-reportage-du-mariage-de-benedicte-et-laurent-par-thierry-seguin-photographe-de-mariage\/"]}]},{"@type":"ImageObject","inLanguage":"fr-FR","@id":"https:\/\/thierryseguin.com\/fr\/blog\/2009\/10\/13\/photo-reportage-du-mariage-de-benedicte-et-laurent-par-thierry-seguin-photographe-de-mariage\/#primaryimage","url":"http:\/\/lh5.ggpht.com\/__MnoThhEels\/StUCc2HwKfI\/AAAAAAAAHBQ\/NKbSClNeGvU\/BELA_0013_thumb.jpg?imgmax=800","contentUrl":"http:\/\/lh5.ggpht.com\/__MnoThhEels\/StUCc2HwKfI\/AAAAAAAAHBQ\/NKbSClNeGvU\/BELA_0013_thumb.jpg?imgmax=800"},{"@type":"BreadcrumbList","@id":"https:\/\/thierryseguin.com\/fr\/blog\/2009\/10\/13\/photo-reportage-du-mariage-de-benedicte-et-laurent-par-thierry-seguin-photographe-de-mariage\/#breadcrumb","itemListElement":[{"@type":"ListItem","position":1,"name":"Accueil","item":"https:\/\/thierryseguin.com\/fr\/"},{"@type":"ListItem","position":2,"name":"Photo-reportage du mariage de B\u00e9n\u00e9dicte et Laurent par Thierry Seguin, photographe de mariage"}]},{"@type":"WebSite","@id":"https:\/\/thierryseguin.com\/fr\/#website","url":"https:\/\/thierryseguin.com\/fr\/","name":"Thierry Seguin Photographie","description":"Photographe de Portrait de Famille, Grossesse, B\u00e9b\u00e9s, Mariage","potentialAction":[{"@type":"SearchAction","target":{"@type":"EntryPoint","urlTemplate":"https:\/\/thierryseguin.com\/fr\/?s={search_term_string}"},"query-input":{"@type":"PropertyValueSpecification","valueRequired":true,"valueName":"search_term_string"}}],"inLanguage":"fr-FR"},{"@type":"Person","@id":"https:\/\/thierryseguin.com\/fr\/#\/schema\/person\/8a2177969876d9e522df617b883aabcd","name":"Thierry Seguin","image":{"@type":"ImageObject","inLanguage":"fr-FR","@id":"https:\/\/secure.gravatar.com\/avatar\/d49758ec13b28e5f4e60f685b1ae0f54e0ca43c593ce43822c52701982336750?s=96&d=wavatar&r=g","url":"https:\/\/secure.gravatar.com\/avatar\/d49758ec13b28e5f4e60f685b1ae0f54e0ca43c593ce43822c52701982336750?s=96&d=wavatar&r=g","contentUrl":"https:\/\/secure.gravatar.com\/avatar\/d49758ec13b28e5f4e60f685b1ae0f54e0ca43c593ce43822c52701982336750?s=96&d=wavatar&r=g","caption":"Thierry Seguin"},"description":"Depuis votre mariage, votre grossesse, puis la naissance de vos enfants, Thierry Seguin Photographie illustre les moments cl\u00e9s de votre vie. Il saisit les instants magiques charg\u00e9s d'\u00e9motions et de joie, tout au long de l\u2019inoubliable journ\u00e9e de votre mariage. Sa sensibilit\u00e9 s'exprime \u00e9galement lors de s\u00e9ances portraits originales et cr\u00e9atives, dont la s\u00e9ance \"amoureux\" et la s\u00e9ance \"Couple Mari\u00e9\" ou \"Trash The Dress\". Des livres-albums de grande qualit\u00e9, originaux et personnalis\u00e9s, des diaporamas et DVD avec droits c\u00e9d\u00e9s, sont les supports intemporels de ce grand jour. Install\u00e9 \u00e0 Viroflay, pr\u00e8s de Paris et Versailles, le photographe vous re\u00e7oit dans la galerie de son studio. Il couvre votre reportage en France, comme \u00e0 l'\u00e9tranger.","sameAs":["http:\/\/www.thierryseguin.com","https:\/\/www.facebook.com\/ThierrySeguinPhotographie","https:\/\/x.com\/Thierry_Seguin"]}]}},"_links":{"self":[{"href":"https:\/\/thierryseguin.com\/fr\/wp-json\/wp\/v2\/posts\/32","targetHints":{"allow":["GET"]}}],"collection":[{"href":"https:\/\/thierryseguin.com\/fr\/wp-json\/wp\/v2\/posts"}],"about":[{"href":"https:\/\/thierryseguin.com\/fr\/wp-json\/wp\/v2\/types\/post"}],"author":[{"embeddable":true,"href":"https:\/\/thierryseguin.com\/fr\/wp-json\/wp\/v2\/users\/1"}],"replies":[{"embeddable":true,"href":"https:\/\/thierryseguin.com\/fr\/wp-json\/wp\/v2\/comments?post=32"}],"version-history":[{"count":8,"href":"https:\/\/thierryseguin.com\/fr\/wp-json\/wp\/v2\/posts\/32\/revisions"}],"predecessor-version":[{"id":4153,"href":"https:\/\/thierryseguin.com\/fr\/wp-json\/wp\/v2\/posts\/32\/revisions\/4153"}],"wp:attachment":[{"href":"https:\/\/thierryseguin.com\/fr\/wp-json\/wp\/v2\/media?parent=32"}],"wp:term":[{"taxonomy":"category","embeddable":true,"href":"https:\/\/thierryseguin.com\/fr\/wp-json\/wp\/v2\/categories?post=32"},{"taxonomy":"post_tag","embeddable":true,"href":"https:\/\/thierryseguin.com\/fr\/wp-json\/wp\/v2\/tags?post=32"}],"curies":[{"name":"wp","href":"https:\/\/api.w.org\/{rel}","templated":true}]}}