{"id":33,"date":"2009-09-15T02:23:00","date_gmt":"2009-09-15T01:23:00","guid":{"rendered":"http:\/\/www.thierryseguin.com\/blog\/2009\/09\/15\/uncategorized\/photographies-du-mariage-d%e2%80%99isabelle-et-romain-a-versailles-par-le-photographe-thierry-seguin\/"},"modified":"2013-04-19T12:28:00","modified_gmt":"2013-04-19T11:28:00","slug":"photographies-du-mariage-disabelle-et-romain-a-versailles-par-le-photographe-thierry-seguin","status":"publish","type":"post","link":"https:\/\/thierryseguin.com\/fr\/blog\/2009\/09\/15\/photographies-du-mariage-disabelle-et-romain-a-versailles-par-le-photographe-thierry-seguin\/","title":{"rendered":"Photographies du Mariage d&#8217;\u2019Isabelle et Romain \u00e0 Versailles par le photographe Thierry Seguin"},"content":{"rendered":"<p>Versailles le 5 septembre 2009<\/p>\n<\/p>\n<p>Superbe mariage m\u00ealant traditions fran\u00e7aises et chinoises.<\/p>\n<p>Romain avait charg\u00e9 sa maman de la lourde responsabilit\u00e9 du reportage vid\u00e9o.<\/p>\n<p><a href=\"http:\/\/lh4.ggpht.com\/__MnoThhEels\/Sq9b26SdSuI\/AAAAAAAAG3k\/6SY1tqdisUA\/s1600-h\/ISRO_0012%5B2%5D.jpg\" target=\"_blank\"><img loading=\"lazy\" decoding=\"async\" style=\"border-bottom: 0px; border-left: 0px; display: inline; border-top: 0px; border-right: 0px\" title=\"\" border=\"0\" alt=\"\" src=\"http:\/\/lh5.ggpht.com\/__MnoThhEels\/Sq9b5CMl3mI\/AAAAAAAAG3o\/uqnK3zmBvaM\/ISRO_0012_thumb.jpg?imgmax=800\" width=\"536\" height=\"804\" \/><\/a> <\/p>\n<p><a href=\"http:\/\/lh4.ggpht.com\/__MnoThhEels\/Sq9b6v8aK9I\/AAAAAAAAG3s\/KTCewUQRnqo\/s1600-h\/ISRO_0048%5B2%5D.jpg\" target=\"_blank\"><img loading=\"lazy\" decoding=\"async\" style=\"border-bottom: 0px; border-left: 0px; display: inline; border-top: 0px; border-right: 0px\" title=\"\" border=\"0\" alt=\"\" src=\"http:\/\/lh5.ggpht.com\/__MnoThhEels\/Sq9b8dUQJ2I\/AAAAAAAAG3w\/6S6WF1Q-2Eg\/ISRO_0048_thumb.jpg?imgmax=800\" width=\"804\" height=\"536\" \/><\/a> <\/p>\n<p>Les portraits de couple ont \u00e9t\u00e9 r\u00e9alis\u00e9es au Hameau de la Reine<\/p>\n<p><a href=\"http:\/\/lh5.ggpht.com\/__MnoThhEels\/Sq9cB7J6-EI\/AAAAAAAAG34\/uqjfqR0AyEA\/s1600-h\/ISRO_0137%5B2%5D.jpg\" target=\"_blank\"><img loading=\"lazy\" decoding=\"async\" style=\"border-bottom: 0px; border-left: 0px; display: inline; border-top: 0px; border-right: 0px\" title=\"\" border=\"0\" alt=\"\" src=\"http:\/\/lh6.ggpht.com\/__MnoThhEels\/Sq9cHfnhR_I\/AAAAAAAAG38\/CWjc0T1nxiE\/ISRO_0137_thumb.jpg?imgmax=800\" width=\"804\" height=\"536\" \/><\/a> <\/p>\n<p>Pour le plus grand plaisir des touristes \u00e9bahis \u2026<\/p>\n<p><a href=\"http:\/\/lh3.ggpht.com\/__MnoThhEels\/Sq9cNFv7iEI\/AAAAAAAAG4A\/2mWtkX1iXig\/s1600-h\/ISRO_0167%5B2%5D.jpg\" target=\"_blank\"><img loading=\"lazy\" decoding=\"async\" style=\"border-bottom: 0px; border-left: 0px; display: inline; border-top: 0px; border-right: 0px\" title=\"\" border=\"0\" alt=\"\" src=\"http:\/\/lh6.ggpht.com\/__MnoThhEels\/Sq9cU2v_pQI\/AAAAAAAAG4E\/lsm52-LMUck\/ISRO_0167_thumb.jpg?imgmax=800\" width=\"804\" height=\"537\" \/><\/a> <\/p>\n<p>Isabelle t Romain ont eu l\u2019excellente et originale id\u00e9e de  faire leur vin d\u2019honneur en croisi\u00e8re sur la Seine, sur un Bateau Parisien privatis\u00e9 pour l\u2019occasion.<\/p>\n<p><a href=\"http:\/\/lh3.ggpht.com\/__MnoThhEels\/Sq9cbT0a_9I\/AAAAAAAAG4I\/vZLzvVh4_jA\/s1600-h\/ISRO_0225%5B2%5D.jpg\" target=\"_blank\"><img loading=\"lazy\" decoding=\"async\" style=\"border-bottom: 0px; border-left: 0px; display: inline; border-top: 0px; border-right: 0px\" title=\"\" border=\"0\" alt=\"\" src=\"http:\/\/lh3.ggpht.com\/__MnoThhEels\/Sq9cfQgi4uI\/AAAAAAAAG4M\/K4tuTatlQdI\/ISRO_0225_thumb.jpg?imgmax=800\" width=\"804\" height=\"536\" \/><\/a> <\/p>\n<p><a href=\"http:\/\/lh3.ggpht.com\/__MnoThhEels\/Sq9cjczuuoI\/AAAAAAAAG4Q\/UGlOQikPZhA\/s1600-h\/ISRO_0277%5B2%5D.jpg\" target=\"_blank\"><img loading=\"lazy\" decoding=\"async\" style=\"border-bottom: 0px; border-left: 0px; display: inline; border-top: 0px; border-right: 0px\" title=\"\" border=\"0\" alt=\"\" src=\"http:\/\/lh3.ggpht.com\/__MnoThhEels\/Sq9clfDCB3I\/AAAAAAAAG4U\/-iiCsKknL28\/ISRO_0277_thumb.jpg?imgmax=800\" width=\"536\" height=\"804\" \/><\/a> <\/p>\n<p><a href=\"http:\/\/lh5.ggpht.com\/__MnoThhEels\/Sq9cm8WSseI\/AAAAAAAAG4Y\/TX2aD0Xt1ig\/s1600-h\/ISRO_0311%5B2%5D.jpg\" target=\"_blank\"><img loading=\"lazy\" decoding=\"async\" style=\"border-bottom: 0px; border-left: 0px; display: inline; border-top: 0px; border-right: 0px\" title=\"ISRO_0311\" border=\"0\" alt=\"ISRO_0311\" src=\"http:\/\/lh4.ggpht.com\/__MnoThhEels\/Sq9cn74F01I\/AAAAAAAAG4c\/8pgvPVJIBV0\/ISRO_0311_thumb.jpg?imgmax=800\" width=\"804\" height=\"540\" \/><\/a> <\/p>\n<p><a href=\"http:\/\/lh3.ggpht.com\/__MnoThhEels\/Sq9cqdyu25I\/AAAAAAAAG4g\/rUFC9n1v62g\/s1600-h\/ISRO_0342%5B2%5D.jpg\" target=\"_blank\"><img loading=\"lazy\" decoding=\"async\" style=\"border-bottom: 0px; border-left: 0px; display: inline; border-top: 0px; border-right: 0px\" title=\"\" border=\"0\" alt=\"\" src=\"http:\/\/lh6.ggpht.com\/__MnoThhEels\/Sq9ctpT0MBI\/AAAAAAAAG4k\/OCb00n71bkY\/ISRO_0342_thumb.jpg?imgmax=800\" width=\"536\" height=\"804\" \/><\/a> <\/p>\n<p><a href=\"http:\/\/lh6.ggpht.com\/__MnoThhEels\/Sq9cwop4fRI\/AAAAAAAAG4o\/Zo6CD9JIQiQ\/s1600-h\/ISRO_0352%5B2%5D.jpg\" target=\"_blank\"><img loading=\"lazy\" decoding=\"async\" style=\"border-bottom: 0px; border-left: 0px; display: inline; border-top: 0px; border-right: 0px\" title=\"\" border=\"0\" alt=\"\" src=\"http:\/\/lh3.ggpht.com\/__MnoThhEels\/Sq9cyIznOKI\/AAAAAAAAG4s\/_bXmgUOXJ0U\/ISRO_0352_thumb.jpg?imgmax=800\" width=\"536\" height=\"804\" \/><\/a> <\/p>\n<p><a href=\"http:\/\/lh5.ggpht.com\/__MnoThhEels\/Sq9czKuF0pI\/AAAAAAAAG4w\/D72ibWcPm0Q\/s1600-h\/ISRO_0356%5B2%5D.jpg\" target=\"_blank\"><img loading=\"lazy\" decoding=\"async\" style=\"border-bottom: 0px; border-left: 0px; display: inline; border-top: 0px; border-right: 0px\" title=\"\" border=\"0\" alt=\"\" src=\"http:\/\/lh5.ggpht.com\/__MnoThhEels\/Sq9c0Xb4IGI\/AAAAAAAAG40\/Ny9Hust_xug\/ISRO_0356_thumb.jpg?imgmax=800\" width=\"536\" height=\"804\" \/><\/a> <\/p>\n<p>La soir\u00e9e s\u2019est ensuite termin\u00e9e au Restaurant \u201cLe Pr\u00e9sident Royal Belleville\u201d<\/p>\n<p>La d\u00e9co du Parking o\u00f9 nous avons laiss\u00e9 la voiture<\/p>\n<p><a href=\"http:\/\/lh4.ggpht.com\/__MnoThhEels\/Sq9c15UxPWI\/AAAAAAAAG44\/meTQevHEi2g\/s1600-h\/ISRO_0357%5B2%5D.jpg\" target=\"_blank\"><img loading=\"lazy\" decoding=\"async\" style=\"border-bottom: 0px; border-left: 0px; display: inline; border-top: 0px; border-right: 0px\" title=\"\" border=\"0\" alt=\"\" src=\"http:\/\/lh5.ggpht.com\/__MnoThhEels\/Sq9c2wCO3AI\/AAAAAAAAG48\/mTNte9YabUQ\/ISRO_0357_thumb.jpg?imgmax=800\" width=\"804\" height=\"386\" \/><\/a> <\/p>\n<p>Isabelle change de robe pour accueillir ses invit\u00e9s, <\/p>\n<p><a href=\"http:\/\/lh5.ggpht.com\/__MnoThhEels\/Sq9c4JAZuHI\/AAAAAAAAG5A\/JAp0VKsZtLE\/s1600-h\/ISRO_0359%5B2%5D.jpg\" target=\"_blank\"><img loading=\"lazy\" decoding=\"async\" style=\"border-bottom: 0px; border-left: 0px; display: inline; border-top: 0px; border-right: 0px\" title=\"\" border=\"0\" alt=\"\" src=\"http:\/\/lh4.ggpht.com\/__MnoThhEels\/Sq9c5EJQ-MI\/AAAAAAAAG5E\/eU8dhLYyWlo\/ISRO_0359_thumb.jpg?imgmax=800\" width=\"536\" height=\"804\" \/><\/a> <\/p>\n<p>Ils ont ensuite pos\u00e9 avec tous leurs invit\u00e9s dans le majestueux grand escalier.<\/p>\n<p><a href=\"http:\/\/lh6.ggpht.com\/__MnoThhEels\/Sq9c-zwPJfI\/AAAAAAAAG5I\/nubVB8LTd6E\/s1600-h\/ISRO_0374%5B2%5D.jpg\" target=\"_blank\"><img loading=\"lazy\" decoding=\"async\" style=\"border-bottom: 0px; border-left: 0px; display: inline; border-top: 0px; border-right: 0px\" title=\"\" border=\"0\" alt=\"\" src=\"http:\/\/lh4.ggpht.com\/__MnoThhEels\/Sq9dAZiT51I\/AAAAAAAAG5M\/21TqKAXEzFA\/ISRO_0374_thumb.jpg?imgmax=800\" width=\"536\" height=\"804\" \/><\/a> <\/p>\n<p>sous une magnifique coupole.<\/p>\n<p><a href=\"http:\/\/lh5.ggpht.com\/__MnoThhEels\/Sq9dBoBrzdI\/AAAAAAAAG5Q\/MNRy44MAD_0\/s1600-h\/ISRO_0457%5B2%5D.jpg\" target=\"_blank\"><img loading=\"lazy\" decoding=\"async\" style=\"border-bottom: 0px; border-left: 0px; display: inline; border-top: 0px; border-right: 0px\" title=\"\" border=\"0\" alt=\"\" src=\"http:\/\/lh5.ggpht.com\/__MnoThhEels\/Sq9dDDYpmYI\/AAAAAAAAG5U\/Sp2zUa7Gu94\/ISRO_0457_thumb.jpg?imgmax=800\" width=\"804\" height=\"536\" \/><\/a> <\/p>\n<p>Une superbe journ\u00e9e bien r\u00e9ussie ! <\/p>\n","protected":false},"excerpt":{"rendered":"<p>Versailles le 5 septembre 2009 Superbe mariage m\u00ealant traditions fran\u00e7aises et chinoises. Romain avait charg\u00e9 sa maman de la lourde responsabilit\u00e9 du reportage vid\u00e9o. Les portraits de couple ont \u00e9t\u00e9 r\u00e9alis\u00e9es au Hameau de la Reine Pour le plus grand plaisir des touristes \u00e9bahis \u2026 Isabelle t Romain ont eu l\u2019excellente et originale id\u00e9e de...<\/p>\n","protected":false},"author":1,"featured_media":0,"comment_status":"open","ping_status":"open","sticky":false,"template":"","format":"standard","meta":{"pp_embeds":"","footnotes":""},"categories":[197],"tags":[7,3,61,4,5],"class_list":["post-33","post","type-post","status-publish","format-standard","hentry","category-photographe-mariage","tag-photographe-78","tag-photographe-de-mariage-ethnique","tag-photographe-mariage-chinois","tag-photographe-mariage-paris","tag-photographe-mariage-versailles"],"yoast_head":"<!-- This site is optimized with the Yoast SEO plugin v27.5 - https:\/\/yoast.com\/product\/yoast-seo-wordpress\/ -->\n<title>Photographies du Mariage d&#039;\u2019Isabelle et Romain \u00e0 Versailles par le photographe Thierry Seguin -<\/title>\n<meta name=\"robots\" content=\"index, follow, max-snippet:-1, max-image-preview:large, max-video-preview:-1\" \/>\n<link rel=\"canonical\" href=\"https:\/\/thierryseguin.com\/fr\/blog\/2009\/09\/15\/photographies-du-mariage-disabelle-et-romain-a-versailles-par-le-photographe-thierry-seguin\/\" \/>\n<meta property=\"og:locale\" content=\"fr_FR\" \/>\n<meta property=\"og:type\" content=\"article\" \/>\n<meta property=\"og:title\" content=\"Photographies du Mariage d&#039;\u2019Isabelle et Romain \u00e0 Versailles par le photographe Thierry Seguin -\" \/>\n<meta property=\"og:description\" content=\"Versailles le 5 septembre 2009 Superbe mariage m\u00ealant traditions fran\u00e7aises et chinoises. Romain avait charg\u00e9 sa maman de la lourde responsabilit\u00e9 du reportage vid\u00e9o. Les portraits de couple ont \u00e9t\u00e9 r\u00e9alis\u00e9es au Hameau de la Reine Pour le plus grand plaisir des touristes \u00e9bahis \u2026 Isabelle t Romain ont eu l\u2019excellente et originale id\u00e9e de [&hellip;]\" \/>\n<meta property=\"og:url\" content=\"https:\/\/thierryseguin.com\/fr\/blog\/2009\/09\/15\/photographies-du-mariage-disabelle-et-romain-a-versailles-par-le-photographe-thierry-seguin\/\" \/>\n<meta property=\"og:site_name\" content=\"Thierry Seguin Photographie\" \/>\n<meta property=\"article:publisher\" content=\"https:\/\/www.facebook.com\/ThierrySeguinPhotographie\" \/>\n<meta property=\"article:author\" content=\"https:\/\/www.facebook.com\/ThierrySeguinPhotographie\" \/>\n<meta property=\"article:published_time\" content=\"2009-09-15T01:23:00+00:00\" \/>\n<meta property=\"article:modified_time\" content=\"2013-04-19T11:28:00+00:00\" \/>\n<meta property=\"og:image\" content=\"http:\/\/lh5.ggpht.com\/__MnoThhEels\/Sq9b5CMl3mI\/AAAAAAAAG3o\/uqnK3zmBvaM\/ISRO_0012_thumb.jpg?imgmax=800\" \/>\n<meta name=\"author\" content=\"Thierry Seguin\" \/>\n<meta name=\"twitter:card\" content=\"summary_large_image\" \/>\n<meta name=\"twitter:creator\" content=\"@Thierry_Seguin\" \/>\n<meta name=\"twitter:site\" content=\"@thierry_seguin\" \/>\n<meta name=\"twitter:label1\" content=\"\u00c9crit par\" \/>\n\t<meta name=\"twitter:data1\" content=\"Thierry Seguin\" \/>\n\t<meta name=\"twitter:label2\" content=\"Dur\u00e9e de lecture estim\u00e9e\" \/>\n\t<meta name=\"twitter:data2\" content=\"1 minute\" \/>\n<script type=\"application\/ld+json\" class=\"yoast-schema-graph\">{\"@context\":\"https:\\\/\\\/schema.org\",\"@graph\":[{\"@type\":\"Article\",\"@id\":\"https:\\\/\\\/thierryseguin.com\\\/fr\\\/blog\\\/2009\\\/09\\\/15\\\/photographies-du-mariage-disabelle-et-romain-a-versailles-par-le-photographe-thierry-seguin\\\/#article\",\"isPartOf\":{\"@id\":\"https:\\\/\\\/thierryseguin.com\\\/fr\\\/blog\\\/2009\\\/09\\\/15\\\/photographies-du-mariage-disabelle-et-romain-a-versailles-par-le-photographe-thierry-seguin\\\/\"},\"author\":{\"name\":\"Thierry Seguin\",\"@id\":\"https:\\\/\\\/thierryseguin.com\\\/fr\\\/#\\\/schema\\\/person\\\/8a2177969876d9e522df617b883aabcd\"},\"headline\":\"Photographies du Mariage d&#8217;\u2019Isabelle et Romain \u00e0 Versailles par le photographe Thierry Seguin\",\"datePublished\":\"2009-09-15T01:23:00+00:00\",\"dateModified\":\"2013-04-19T11:28:00+00:00\",\"mainEntityOfPage\":{\"@id\":\"https:\\\/\\\/thierryseguin.com\\\/fr\\\/blog\\\/2009\\\/09\\\/15\\\/photographies-du-mariage-disabelle-et-romain-a-versailles-par-le-photographe-thierry-seguin\\\/\"},\"wordCount\":151,\"commentCount\":1,\"image\":{\"@id\":\"https:\\\/\\\/thierryseguin.com\\\/fr\\\/blog\\\/2009\\\/09\\\/15\\\/photographies-du-mariage-disabelle-et-romain-a-versailles-par-le-photographe-thierry-seguin\\\/#primaryimage\"},\"thumbnailUrl\":\"http:\\\/\\\/lh5.ggpht.com\\\/__MnoThhEels\\\/Sq9b5CMl3mI\\\/AAAAAAAAG3o\\\/uqnK3zmBvaM\\\/ISRO_0012_thumb.jpg?imgmax=800\",\"keywords\":[\"Photographe 78\",\"Photographe de Mariage Ethnique\",\"Photographe Mariage Chinois\",\"Photographe Mariage Paris\",\"Photographe Mariage Versailles\"],\"articleSection\":[\"Mariage\"],\"inLanguage\":\"fr-FR\",\"potentialAction\":[{\"@type\":\"CommentAction\",\"name\":\"Comment\",\"target\":[\"https:\\\/\\\/thierryseguin.com\\\/fr\\\/blog\\\/2009\\\/09\\\/15\\\/photographies-du-mariage-disabelle-et-romain-a-versailles-par-le-photographe-thierry-seguin\\\/#respond\"]}]},{\"@type\":\"WebPage\",\"@id\":\"https:\\\/\\\/thierryseguin.com\\\/fr\\\/blog\\\/2009\\\/09\\\/15\\\/photographies-du-mariage-disabelle-et-romain-a-versailles-par-le-photographe-thierry-seguin\\\/\",\"url\":\"https:\\\/\\\/thierryseguin.com\\\/fr\\\/blog\\\/2009\\\/09\\\/15\\\/photographies-du-mariage-disabelle-et-romain-a-versailles-par-le-photographe-thierry-seguin\\\/\",\"name\":\"Photographies du Mariage d'\u2019Isabelle et Romain \u00e0 Versailles par le photographe Thierry Seguin -\",\"isPartOf\":{\"@id\":\"https:\\\/\\\/thierryseguin.com\\\/fr\\\/#website\"},\"primaryImageOfPage\":{\"@id\":\"https:\\\/\\\/thierryseguin.com\\\/fr\\\/blog\\\/2009\\\/09\\\/15\\\/photographies-du-mariage-disabelle-et-romain-a-versailles-par-le-photographe-thierry-seguin\\\/#primaryimage\"},\"image\":{\"@id\":\"https:\\\/\\\/thierryseguin.com\\\/fr\\\/blog\\\/2009\\\/09\\\/15\\\/photographies-du-mariage-disabelle-et-romain-a-versailles-par-le-photographe-thierry-seguin\\\/#primaryimage\"},\"thumbnailUrl\":\"http:\\\/\\\/lh5.ggpht.com\\\/__MnoThhEels\\\/Sq9b5CMl3mI\\\/AAAAAAAAG3o\\\/uqnK3zmBvaM\\\/ISRO_0012_thumb.jpg?imgmax=800\",\"datePublished\":\"2009-09-15T01:23:00+00:00\",\"dateModified\":\"2013-04-19T11:28:00+00:00\",\"author\":{\"@id\":\"https:\\\/\\\/thierryseguin.com\\\/fr\\\/#\\\/schema\\\/person\\\/8a2177969876d9e522df617b883aabcd\"},\"breadcrumb\":{\"@id\":\"https:\\\/\\\/thierryseguin.com\\\/fr\\\/blog\\\/2009\\\/09\\\/15\\\/photographies-du-mariage-disabelle-et-romain-a-versailles-par-le-photographe-thierry-seguin\\\/#breadcrumb\"},\"inLanguage\":\"fr-FR\",\"potentialAction\":[{\"@type\":\"ReadAction\",\"target\":[\"https:\\\/\\\/thierryseguin.com\\\/fr\\\/blog\\\/2009\\\/09\\\/15\\\/photographies-du-mariage-disabelle-et-romain-a-versailles-par-le-photographe-thierry-seguin\\\/\"]}]},{\"@type\":\"ImageObject\",\"inLanguage\":\"fr-FR\",\"@id\":\"https:\\\/\\\/thierryseguin.com\\\/fr\\\/blog\\\/2009\\\/09\\\/15\\\/photographies-du-mariage-disabelle-et-romain-a-versailles-par-le-photographe-thierry-seguin\\\/#primaryimage\",\"url\":\"http:\\\/\\\/lh5.ggpht.com\\\/__MnoThhEels\\\/Sq9b5CMl3mI\\\/AAAAAAAAG3o\\\/uqnK3zmBvaM\\\/ISRO_0012_thumb.jpg?imgmax=800\",\"contentUrl\":\"http:\\\/\\\/lh5.ggpht.com\\\/__MnoThhEels\\\/Sq9b5CMl3mI\\\/AAAAAAAAG3o\\\/uqnK3zmBvaM\\\/ISRO_0012_thumb.jpg?imgmax=800\"},{\"@type\":\"BreadcrumbList\",\"@id\":\"https:\\\/\\\/thierryseguin.com\\\/fr\\\/blog\\\/2009\\\/09\\\/15\\\/photographies-du-mariage-disabelle-et-romain-a-versailles-par-le-photographe-thierry-seguin\\\/#breadcrumb\",\"itemListElement\":[{\"@type\":\"ListItem\",\"position\":1,\"name\":\"Accueil\",\"item\":\"https:\\\/\\\/thierryseguin.com\\\/fr\\\/\"},{\"@type\":\"ListItem\",\"position\":2,\"name\":\"Photographies du Mariage d&#8217;\u2019Isabelle et Romain \u00e0 Versailles par le photographe Thierry Seguin\"}]},{\"@type\":\"WebSite\",\"@id\":\"https:\\\/\\\/thierryseguin.com\\\/fr\\\/#website\",\"url\":\"https:\\\/\\\/thierryseguin.com\\\/fr\\\/\",\"name\":\"Thierry Seguin Photographie\",\"description\":\"Photographe de Portrait de Famille, Grossesse, B\u00e9b\u00e9s, Mariage\",\"potentialAction\":[{\"@type\":\"SearchAction\",\"target\":{\"@type\":\"EntryPoint\",\"urlTemplate\":\"https:\\\/\\\/thierryseguin.com\\\/fr\\\/?s={search_term_string}\"},\"query-input\":{\"@type\":\"PropertyValueSpecification\",\"valueRequired\":true,\"valueName\":\"search_term_string\"}}],\"inLanguage\":\"fr-FR\"},{\"@type\":\"Person\",\"@id\":\"https:\\\/\\\/thierryseguin.com\\\/fr\\\/#\\\/schema\\\/person\\\/8a2177969876d9e522df617b883aabcd\",\"name\":\"Thierry Seguin\",\"image\":{\"@type\":\"ImageObject\",\"inLanguage\":\"fr-FR\",\"@id\":\"https:\\\/\\\/secure.gravatar.com\\\/avatar\\\/d49758ec13b28e5f4e60f685b1ae0f54e0ca43c593ce43822c52701982336750?s=96&d=wavatar&r=g\",\"url\":\"https:\\\/\\\/secure.gravatar.com\\\/avatar\\\/d49758ec13b28e5f4e60f685b1ae0f54e0ca43c593ce43822c52701982336750?s=96&d=wavatar&r=g\",\"contentUrl\":\"https:\\\/\\\/secure.gravatar.com\\\/avatar\\\/d49758ec13b28e5f4e60f685b1ae0f54e0ca43c593ce43822c52701982336750?s=96&d=wavatar&r=g\",\"caption\":\"Thierry Seguin\"},\"description\":\"Depuis votre mariage, votre grossesse, puis la naissance de vos enfants, Thierry Seguin Photographie illustre les moments cl\u00e9s de votre vie. Il saisit les instants magiques charg\u00e9s d'\u00e9motions et de joie, tout au long de l\u2019inoubliable journ\u00e9e de votre mariage. Sa sensibilit\u00e9 s'exprime \u00e9galement lors de s\u00e9ances portraits originales et cr\u00e9atives, dont la s\u00e9ance \\\"amoureux\\\" et la s\u00e9ance \\\"Couple Mari\u00e9\\\" ou \\\"Trash The Dress\\\". Des livres-albums de grande qualit\u00e9, originaux et personnalis\u00e9s, des diaporamas et DVD avec droits c\u00e9d\u00e9s, sont les supports intemporels de ce grand jour. Install\u00e9 \u00e0 Viroflay, pr\u00e8s de Paris et Versailles, le photographe vous re\u00e7oit dans la galerie de son studio. Il couvre votre reportage en France, comme \u00e0 l'\u00e9tranger.\",\"sameAs\":[\"http:\\\/\\\/www.thierryseguin.com\",\"https:\\\/\\\/www.facebook.com\\\/ThierrySeguinPhotographie\",\"https:\\\/\\\/x.com\\\/Thierry_Seguin\"]}]}<\/script>\n<!-- \/ Yoast SEO plugin. -->","yoast_head_json":{"title":"Photographies du Mariage d'\u2019Isabelle et Romain \u00e0 Versailles par le photographe Thierry Seguin -","robots":{"index":"index","follow":"follow","max-snippet":"max-snippet:-1","max-image-preview":"max-image-preview:large","max-video-preview":"max-video-preview:-1"},"canonical":"https:\/\/thierryseguin.com\/fr\/blog\/2009\/09\/15\/photographies-du-mariage-disabelle-et-romain-a-versailles-par-le-photographe-thierry-seguin\/","og_locale":"fr_FR","og_type":"article","og_title":"Photographies du Mariage d'\u2019Isabelle et Romain \u00e0 Versailles par le photographe Thierry Seguin -","og_description":"Versailles le 5 septembre 2009 Superbe mariage m\u00ealant traditions fran\u00e7aises et chinoises. Romain avait charg\u00e9 sa maman de la lourde responsabilit\u00e9 du reportage vid\u00e9o. Les portraits de couple ont \u00e9t\u00e9 r\u00e9alis\u00e9es au Hameau de la Reine Pour le plus grand plaisir des touristes \u00e9bahis \u2026 Isabelle t Romain ont eu l\u2019excellente et originale id\u00e9e de [&hellip;]","og_url":"https:\/\/thierryseguin.com\/fr\/blog\/2009\/09\/15\/photographies-du-mariage-disabelle-et-romain-a-versailles-par-le-photographe-thierry-seguin\/","og_site_name":"Thierry Seguin Photographie","article_publisher":"https:\/\/www.facebook.com\/ThierrySeguinPhotographie","article_author":"https:\/\/www.facebook.com\/ThierrySeguinPhotographie","article_published_time":"2009-09-15T01:23:00+00:00","article_modified_time":"2013-04-19T11:28:00+00:00","og_image":[{"url":"http:\/\/lh5.ggpht.com\/__MnoThhEels\/Sq9b5CMl3mI\/AAAAAAAAG3o\/uqnK3zmBvaM\/ISRO_0012_thumb.jpg?imgmax=800","type":"","width":"","height":""}],"author":"Thierry Seguin","twitter_card":"summary_large_image","twitter_creator":"@Thierry_Seguin","twitter_site":"@thierry_seguin","twitter_misc":{"\u00c9crit par":"Thierry Seguin","Dur\u00e9e de lecture estim\u00e9e":"1 minute"},"schema":{"@context":"https:\/\/schema.org","@graph":[{"@type":"Article","@id":"https:\/\/thierryseguin.com\/fr\/blog\/2009\/09\/15\/photographies-du-mariage-disabelle-et-romain-a-versailles-par-le-photographe-thierry-seguin\/#article","isPartOf":{"@id":"https:\/\/thierryseguin.com\/fr\/blog\/2009\/09\/15\/photographies-du-mariage-disabelle-et-romain-a-versailles-par-le-photographe-thierry-seguin\/"},"author":{"name":"Thierry Seguin","@id":"https:\/\/thierryseguin.com\/fr\/#\/schema\/person\/8a2177969876d9e522df617b883aabcd"},"headline":"Photographies du Mariage d&#8217;\u2019Isabelle et Romain \u00e0 Versailles par le photographe Thierry Seguin","datePublished":"2009-09-15T01:23:00+00:00","dateModified":"2013-04-19T11:28:00+00:00","mainEntityOfPage":{"@id":"https:\/\/thierryseguin.com\/fr\/blog\/2009\/09\/15\/photographies-du-mariage-disabelle-et-romain-a-versailles-par-le-photographe-thierry-seguin\/"},"wordCount":151,"commentCount":1,"image":{"@id":"https:\/\/thierryseguin.com\/fr\/blog\/2009\/09\/15\/photographies-du-mariage-disabelle-et-romain-a-versailles-par-le-photographe-thierry-seguin\/#primaryimage"},"thumbnailUrl":"http:\/\/lh5.ggpht.com\/__MnoThhEels\/Sq9b5CMl3mI\/AAAAAAAAG3o\/uqnK3zmBvaM\/ISRO_0012_thumb.jpg?imgmax=800","keywords":["Photographe 78","Photographe de Mariage Ethnique","Photographe Mariage Chinois","Photographe Mariage Paris","Photographe Mariage Versailles"],"articleSection":["Mariage"],"inLanguage":"fr-FR","potentialAction":[{"@type":"CommentAction","name":"Comment","target":["https:\/\/thierryseguin.com\/fr\/blog\/2009\/09\/15\/photographies-du-mariage-disabelle-et-romain-a-versailles-par-le-photographe-thierry-seguin\/#respond"]}]},{"@type":"WebPage","@id":"https:\/\/thierryseguin.com\/fr\/blog\/2009\/09\/15\/photographies-du-mariage-disabelle-et-romain-a-versailles-par-le-photographe-thierry-seguin\/","url":"https:\/\/thierryseguin.com\/fr\/blog\/2009\/09\/15\/photographies-du-mariage-disabelle-et-romain-a-versailles-par-le-photographe-thierry-seguin\/","name":"Photographies du Mariage d'\u2019Isabelle et Romain \u00e0 Versailles par le photographe Thierry Seguin -","isPartOf":{"@id":"https:\/\/thierryseguin.com\/fr\/#website"},"primaryImageOfPage":{"@id":"https:\/\/thierryseguin.com\/fr\/blog\/2009\/09\/15\/photographies-du-mariage-disabelle-et-romain-a-versailles-par-le-photographe-thierry-seguin\/#primaryimage"},"image":{"@id":"https:\/\/thierryseguin.com\/fr\/blog\/2009\/09\/15\/photographies-du-mariage-disabelle-et-romain-a-versailles-par-le-photographe-thierry-seguin\/#primaryimage"},"thumbnailUrl":"http:\/\/lh5.ggpht.com\/__MnoThhEels\/Sq9b5CMl3mI\/AAAAAAAAG3o\/uqnK3zmBvaM\/ISRO_0012_thumb.jpg?imgmax=800","datePublished":"2009-09-15T01:23:00+00:00","dateModified":"2013-04-19T11:28:00+00:00","author":{"@id":"https:\/\/thierryseguin.com\/fr\/#\/schema\/person\/8a2177969876d9e522df617b883aabcd"},"breadcrumb":{"@id":"https:\/\/thierryseguin.com\/fr\/blog\/2009\/09\/15\/photographies-du-mariage-disabelle-et-romain-a-versailles-par-le-photographe-thierry-seguin\/#breadcrumb"},"inLanguage":"fr-FR","potentialAction":[{"@type":"ReadAction","target":["https:\/\/thierryseguin.com\/fr\/blog\/2009\/09\/15\/photographies-du-mariage-disabelle-et-romain-a-versailles-par-le-photographe-thierry-seguin\/"]}]},{"@type":"ImageObject","inLanguage":"fr-FR","@id":"https:\/\/thierryseguin.com\/fr\/blog\/2009\/09\/15\/photographies-du-mariage-disabelle-et-romain-a-versailles-par-le-photographe-thierry-seguin\/#primaryimage","url":"http:\/\/lh5.ggpht.com\/__MnoThhEels\/Sq9b5CMl3mI\/AAAAAAAAG3o\/uqnK3zmBvaM\/ISRO_0012_thumb.jpg?imgmax=800","contentUrl":"http:\/\/lh5.ggpht.com\/__MnoThhEels\/Sq9b5CMl3mI\/AAAAAAAAG3o\/uqnK3zmBvaM\/ISRO_0012_thumb.jpg?imgmax=800"},{"@type":"BreadcrumbList","@id":"https:\/\/thierryseguin.com\/fr\/blog\/2009\/09\/15\/photographies-du-mariage-disabelle-et-romain-a-versailles-par-le-photographe-thierry-seguin\/#breadcrumb","itemListElement":[{"@type":"ListItem","position":1,"name":"Accueil","item":"https:\/\/thierryseguin.com\/fr\/"},{"@type":"ListItem","position":2,"name":"Photographies du Mariage d&#8217;\u2019Isabelle et Romain \u00e0 Versailles par le photographe Thierry Seguin"}]},{"@type":"WebSite","@id":"https:\/\/thierryseguin.com\/fr\/#website","url":"https:\/\/thierryseguin.com\/fr\/","name":"Thierry Seguin Photographie","description":"Photographe de Portrait de Famille, Grossesse, B\u00e9b\u00e9s, Mariage","potentialAction":[{"@type":"SearchAction","target":{"@type":"EntryPoint","urlTemplate":"https:\/\/thierryseguin.com\/fr\/?s={search_term_string}"},"query-input":{"@type":"PropertyValueSpecification","valueRequired":true,"valueName":"search_term_string"}}],"inLanguage":"fr-FR"},{"@type":"Person","@id":"https:\/\/thierryseguin.com\/fr\/#\/schema\/person\/8a2177969876d9e522df617b883aabcd","name":"Thierry Seguin","image":{"@type":"ImageObject","inLanguage":"fr-FR","@id":"https:\/\/secure.gravatar.com\/avatar\/d49758ec13b28e5f4e60f685b1ae0f54e0ca43c593ce43822c52701982336750?s=96&d=wavatar&r=g","url":"https:\/\/secure.gravatar.com\/avatar\/d49758ec13b28e5f4e60f685b1ae0f54e0ca43c593ce43822c52701982336750?s=96&d=wavatar&r=g","contentUrl":"https:\/\/secure.gravatar.com\/avatar\/d49758ec13b28e5f4e60f685b1ae0f54e0ca43c593ce43822c52701982336750?s=96&d=wavatar&r=g","caption":"Thierry Seguin"},"description":"Depuis votre mariage, votre grossesse, puis la naissance de vos enfants, Thierry Seguin Photographie illustre les moments cl\u00e9s de votre vie. Il saisit les instants magiques charg\u00e9s d'\u00e9motions et de joie, tout au long de l\u2019inoubliable journ\u00e9e de votre mariage. Sa sensibilit\u00e9 s'exprime \u00e9galement lors de s\u00e9ances portraits originales et cr\u00e9atives, dont la s\u00e9ance \"amoureux\" et la s\u00e9ance \"Couple Mari\u00e9\" ou \"Trash The Dress\". Des livres-albums de grande qualit\u00e9, originaux et personnalis\u00e9s, des diaporamas et DVD avec droits c\u00e9d\u00e9s, sont les supports intemporels de ce grand jour. Install\u00e9 \u00e0 Viroflay, pr\u00e8s de Paris et Versailles, le photographe vous re\u00e7oit dans la galerie de son studio. Il couvre votre reportage en France, comme \u00e0 l'\u00e9tranger.","sameAs":["http:\/\/www.thierryseguin.com","https:\/\/www.facebook.com\/ThierrySeguinPhotographie","https:\/\/x.com\/Thierry_Seguin"]}]}},"_links":{"self":[{"href":"https:\/\/thierryseguin.com\/fr\/wp-json\/wp\/v2\/posts\/33","targetHints":{"allow":["GET"]}}],"collection":[{"href":"https:\/\/thierryseguin.com\/fr\/wp-json\/wp\/v2\/posts"}],"about":[{"href":"https:\/\/thierryseguin.com\/fr\/wp-json\/wp\/v2\/types\/post"}],"author":[{"embeddable":true,"href":"https:\/\/thierryseguin.com\/fr\/wp-json\/wp\/v2\/users\/1"}],"replies":[{"embeddable":true,"href":"https:\/\/thierryseguin.com\/fr\/wp-json\/wp\/v2\/comments?post=33"}],"version-history":[{"count":4,"href":"https:\/\/thierryseguin.com\/fr\/wp-json\/wp\/v2\/posts\/33\/revisions"}],"predecessor-version":[{"id":6374,"href":"https:\/\/thierryseguin.com\/fr\/wp-json\/wp\/v2\/posts\/33\/revisions\/6374"}],"wp:attachment":[{"href":"https:\/\/thierryseguin.com\/fr\/wp-json\/wp\/v2\/media?parent=33"}],"wp:term":[{"taxonomy":"category","embeddable":true,"href":"https:\/\/thierryseguin.com\/fr\/wp-json\/wp\/v2\/categories?post=33"},{"taxonomy":"post_tag","embeddable":true,"href":"https:\/\/thierryseguin.com\/fr\/wp-json\/wp\/v2\/tags?post=33"}],"curies":[{"name":"wp","href":"https:\/\/api.w.org\/{rel}","templated":true}]}}