{"id":34,"date":"2009-09-13T12:19:00","date_gmt":"2009-09-13T11:19:00","guid":{"rendered":"http:\/\/www.thierryseguin.com\/blog\/2009\/09\/13\/uncategorized\/mariage-d%e2%80%99elena-et-nicolas-a-marly-le-roi-par-le-photographe-de-mariage-thierry-seguin\/"},"modified":"2013-04-19T12:29:18","modified_gmt":"2013-04-19T11:29:18","slug":"mariage-delena-et-nicolas-a-marly-le-roi-par-le-photographe-de-mariage-thierry-seguin","status":"publish","type":"post","link":"https:\/\/thierryseguin.com\/fr\/blog\/2009\/09\/13\/mariage-delena-et-nicolas-a-marly-le-roi-par-le-photographe-de-mariage-thierry-seguin\/","title":{"rendered":"Mariage d\u2019Elena et Nicolas \u00e0 Marly-le-Roi par le photographe de mariage Thierry Seguin"},"content":{"rendered":"<p>Marly-le-Roi le 04 septembre 2009<\/p>\n<p><a href=\"http:\/\/lh3.ggpht.com\/__MnoThhEels\/Sq1EC8AOWlI\/AAAAAAAAGyg\/vnKKCV-WIXs\/s1600-h\/DSC_9384%5B3%5D.jpg\" target=\"_blank\"><img loading=\"lazy\" decoding=\"async\" style=\"border-bottom: 0px; border-left: 0px; display: inline; border-top: 0px; border-right: 0px\" title=\"\" border=\"0\" alt=\"\" src=\"http:\/\/lh4.ggpht.com\/__MnoThhEels\/Sq1EDwZHakI\/AAAAAAAAGyk\/nvi_dqAPExY\/DSC_9384_thumb%5B1%5D.jpg?imgmax=800\" width=\"804\" height=\"536\" \/><\/a> <\/p>\n<p><a href=\"http:\/\/lh4.ggpht.com\/__MnoThhEels\/Sq1EE6rL6EI\/AAAAAAAAGyo\/MCt9-b9Ggpc\/s1600-h\/DSC_9405%5B2%5D.jpg\" target=\"_blank\"><img loading=\"lazy\" decoding=\"async\" style=\"border-bottom: 0px; border-left: 0px; display: inline; border-top: 0px; border-right: 0px\" title=\"\" border=\"0\" alt=\"\" src=\"http:\/\/lh5.ggpht.com\/__MnoThhEels\/Sq1EF-xQzrI\/AAAAAAAAGys\/KXRA_srHbf8\/DSC_9405_thumb.jpg?imgmax=800\" width=\"804\" height=\"536\" \/><\/a><\/p>\n<p>Le fou-rire au moment de dire oui \u2026<\/p>\n<p><a href=\"http:\/\/lh6.ggpht.com\/__MnoThhEels\/Sq1EG2Ch7xI\/AAAAAAAAGyw\/8pmMJeY58C8\/s1600-h\/DSC_9411%5B2%5D.jpg\" target=\"_blank\"><img loading=\"lazy\" decoding=\"async\" style=\"border-bottom: 0px; border-left: 0px; display: inline; border-top: 0px; border-right: 0px\" title=\"\" border=\"0\" alt=\"\" src=\"http:\/\/lh6.ggpht.com\/__MnoThhEels\/Sq1EHsEi_KI\/AAAAAAAAGy0\/TfpCdetn8xE\/DSC_9411_thumb.jpg?imgmax=800\" width=\"804\" height=\"536\" \/><\/a> <\/p>\n<p>a rapidement laiss\u00e9 la place  \u00e0 la joie \u2026<\/p>\n<p><a href=\"http:\/\/lh4.ggpht.com\/__MnoThhEels\/Sq1EIZBt0bI\/AAAAAAAAGy4\/mOe2uD0gbSc\/s1600-h\/DSC_9415%5B2%5D.jpg\" target=\"_blank\"><img loading=\"lazy\" decoding=\"async\" style=\"border-bottom: 0px; border-left: 0px; display: inline; border-top: 0px; border-right: 0px\" title=\"\" border=\"0\" alt=\"\" src=\"http:\/\/lh4.ggpht.com\/__MnoThhEels\/Sq1EJdf1SjI\/AAAAAAAAGy8\/QcFUWk6QtJw\/DSC_9415_thumb.jpg?imgmax=800\" width=\"804\" height=\"536\" \/><\/a> <\/p>\n<p>et l\u2019\u00e9motion \u2026<\/p>\n<p><a href=\"http:\/\/lh6.ggpht.com\/__MnoThhEels\/Sq1EKEk843I\/AAAAAAAAGzA\/WiyRN03Qn1A\/s1600-h\/DSC_9422%5B2%5D.jpg\" target=\"_blank\"><img loading=\"lazy\" decoding=\"async\" style=\"border-bottom: 0px; border-left: 0px; display: inline; border-top: 0px; border-right: 0px\" title=\"\" border=\"0\" alt=\"\" src=\"http:\/\/lh3.ggpht.com\/__MnoThhEels\/Sq1ELSgomMI\/AAAAAAAAGzE\/OBuvGWtkhfE\/DSC_9422_thumb.jpg?imgmax=800\" width=\"537\" height=\"804\" \/><\/a> <\/p>\n<p>Leur fille a ensuite trinqu\u00e9e au bonheur de ses parents<\/p>\n<p><a href=\"http:\/\/lh6.ggpht.com\/__MnoThhEels\/Sq1EMCTUZWI\/AAAAAAAAGzI\/F9_hzR29Dag\/s1600-h\/DSC_9508%5B2%5D.jpg\" target=\"_blank\"><img loading=\"lazy\" decoding=\"async\" style=\"border-bottom: 0px; border-left: 0px; display: inline; border-top: 0px; border-right: 0px\" title=\"\" border=\"0\" alt=\"\" src=\"http:\/\/lh4.ggpht.com\/__MnoThhEels\/Sq1EN2czyDI\/AAAAAAAAGzM\/zFCkmTWEfPw\/DSC_9508_thumb.jpg?imgmax=800\" width=\"804\" height=\"536\" \/><\/a> <\/p>\n<p>sous une intense couverture m\u00e9diatique<\/p>\n<p><a href=\"http:\/\/lh3.ggpht.com\/__MnoThhEels\/Sq1EOoZPHHI\/AAAAAAAAGzQ\/9FLRfhmQ8Cc\/s1600-h\/DSC_9522%5B2%5D.jpg\" target=\"_blank\"><img loading=\"lazy\" decoding=\"async\" style=\"border-bottom: 0px; border-left: 0px; display: inline; border-top: 0px; border-right: 0px\" title=\"\" border=\"0\" alt=\"\" src=\"http:\/\/lh4.ggpht.com\/__MnoThhEels\/Sq1EPbyNVpI\/AAAAAAAAGzU\/xPF8gf5Ltic\/DSC_9522_thumb.jpg?imgmax=800\" width=\"804\" height=\"536\" \/><\/a> <\/p>\n<p>Tu veux ma photo ? <\/p>\n<p><a href=\"http:\/\/lh3.ggpht.com\/__MnoThhEels\/Sq1EQbfcqqI\/AAAAAAAAGzY\/Y-U69qdzKZs\/s1600-h\/DSC_9538%5B2%5D.jpg\" target=\"_blank\"><img loading=\"lazy\" decoding=\"async\" style=\"border-bottom: 0px; border-left: 0px; display: inline; border-top: 0px; border-right: 0px\" title=\"\" border=\"0\" alt=\"\" src=\"http:\/\/lh4.ggpht.com\/__MnoThhEels\/Sq1ERjVohDI\/AAAAAAAAGzc\/63Nlxs-QyXM\/DSC_9538_thumb.jpg?imgmax=800\" width=\"804\" height=\"536\" \/><\/a> <\/p>\n<p>Elena<\/p>\n<p><a href=\"http:\/\/lh3.ggpht.com\/__MnoThhEels\/Sq1ESoJ_rXI\/AAAAAAAAGzg\/70SrpNQkzIo\/s1600-h\/DSC_9547%5B2%5D.jpg\" target=\"_blank\"><img loading=\"lazy\" decoding=\"async\" style=\"border-bottom: 0px; border-left: 0px; display: inline; border-top: 0px; border-right: 0px\" title=\"\" border=\"0\" alt=\"\" src=\"http:\/\/lh5.ggpht.com\/__MnoThhEels\/Sq1EUYAawQI\/AAAAAAAAGzo\/Qk_8jGQvPBw\/DSC_9547_thumb.jpg?imgmax=800\" width=\"536\" height=\"804\" \/><\/a> <\/p>\n<p><a href=\"http:\/\/lh4.ggpht.com\/__MnoThhEels\/Sq1EVTGB2TI\/AAAAAAAAGzs\/snUBt_xODLo\/s1600-h\/DSC_9551%5B2%5D.jpg\" target=\"_blank\"><img loading=\"lazy\" decoding=\"async\" style=\"border-bottom: 0px; border-left: 0px; display: inline; border-top: 0px; border-right: 0px\" title=\"\" border=\"0\" alt=\"\" src=\"http:\/\/lh6.ggpht.com\/__MnoThhEels\/Sq1Fjc7zN5I\/AAAAAAAAGzw\/ZntUSO47MJU\/DSC_9551_thumb.jpg?imgmax=800\" width=\"536\" height=\"804\" \/><\/a> <\/p>\n<p>Nicolas <\/p>\n<p><a href=\"http:\/\/lh3.ggpht.com\/__MnoThhEels\/Sq1FlHOJsYI\/AAAAAAAAGz0\/dO6S9Ol1vRY\/s1600-h\/DSC_9556%5B2%5D.jpg\" target=\"_blank\"><img loading=\"lazy\" decoding=\"async\" style=\"border-bottom: 0px; border-left: 0px; display: inline; border-top: 0px; border-right: 0px\" title=\"\" border=\"0\" alt=\"\" src=\"http:\/\/lh6.ggpht.com\/__MnoThhEels\/Sq1FnEYUWkI\/AAAAAAAAGz4\/rD5Fh_Ox6yI\/DSC_9556_thumb.jpg?imgmax=800\" width=\"536\" height=\"804\" \/><\/a> <a href=\"http:\/\/lh6.ggpht.com\/__MnoThhEels\/Sq1FoWOP8KI\/AAAAAAAAGz8\/ADSrcJMxeK4\/s1600-h\/DSC_9578%5B2%5D.jpg\" target=\"_blank\"><img loading=\"lazy\" decoding=\"async\" style=\"border-bottom: 0px; border-left: 0px; display: inline; border-top: 0px; border-right: 0px\" title=\"\" border=\"0\" alt=\"\" src=\"http:\/\/lh4.ggpht.com\/__MnoThhEels\/Sq1FpyZfd6I\/AAAAAAAAG0A\/G-HGpOtwmjo\/DSC_9578_thumb.jpg?imgmax=800\" width=\"804\" height=\"536\" \/><\/a> <\/p>\n<p><a href=\"http:\/\/lh3.ggpht.com\/__MnoThhEels\/Sq1FrLOlhhI\/AAAAAAAAG0E\/xaV7KaIcLnA\/s1600-h\/DSC_9575%5B2%5D.jpg\" target=\"_blank\"><img loading=\"lazy\" decoding=\"async\" style=\"border-bottom: 0px; border-left: 0px; display: inline; border-top: 0px; border-right: 0px\" title=\"\" border=\"0\" alt=\"\" src=\"http:\/\/lh5.ggpht.com\/__MnoThhEels\/Sq1FsPcbo5I\/AAAAAAAAG0I\/mzqQYpBeTYc\/DSC_9575_thumb.jpg?imgmax=800\" width=\"537\" height=\"804\" \/><\/a> <\/p>\n<p>la petite famille<\/p>\n<p><a href=\"http:\/\/lh4.ggpht.com\/__MnoThhEels\/Sq1Ftr3sZJI\/AAAAAAAAG0M\/SsI1MjNVH0E\/s1600-h\/DSC_9562%5B2%5D.jpg\" target=\"_blank\"><img loading=\"lazy\" decoding=\"async\" style=\"border-bottom: 0px; border-left: 0px; display: inline; border-top: 0px; border-right: 0px\" title=\"\" border=\"0\" alt=\"\" src=\"http:\/\/lh5.ggpht.com\/__MnoThhEels\/Sq1Fu3esXzI\/AAAAAAAAG0Q\/5K69UdVTywc\/DSC_9562_thumb.jpg?imgmax=800\" width=\"537\" height=\"804\" \/><\/a><\/p>\n<p>Ils se sont ensuite envol\u00e9s pour continuer la f\u00eate avec leurs amis et familles \u00e0 Cannes.<\/p>\n<\/p>\n<\/p>\n<\/p>\n<\/p>\n<\/p>\n<\/p>\n<\/p>\n<p>Souhaitons leur beaucoup de bonheur !<\/p>\n","protected":false},"excerpt":{"rendered":"<p>Marly-le-Roi le 04 septembre 2009 Le fou-rire au moment de dire oui \u2026 a rapidement laiss\u00e9 la place \u00e0 la joie \u2026 et l\u2019\u00e9motion \u2026 Leur fille a ensuite trinqu\u00e9e au bonheur de ses parents sous une intense couverture m\u00e9diatique Tu veux ma photo ? Elena Nicolas la petite famille Ils se sont ensuite envol\u00e9s...<\/p>\n","protected":false},"author":1,"featured_media":0,"comment_status":"open","ping_status":"open","sticky":false,"template":"","format":"standard","meta":{"pp_embeds":"","footnotes":""},"categories":[197],"tags":[7,918,62],"class_list":["post-34","post","type-post","status-publish","format-standard","hentry","category-photographe-mariage","tag-photographe-78","tag-photographe-de-mariage-en-yvelines-78","tag-photographe-marly-le-roi"],"yoast_head":"<!-- This site is optimized with the Yoast SEO plugin v27.5 - https:\/\/yoast.com\/product\/yoast-seo-wordpress\/ -->\n<title>Mariage d\u2019Elena et Nicolas \u00e0 Marly-le-Roi par le photographe de mariage Thierry Seguin -<\/title>\n<meta name=\"robots\" content=\"index, follow, max-snippet:-1, max-image-preview:large, max-video-preview:-1\" \/>\n<link rel=\"canonical\" href=\"https:\/\/thierryseguin.com\/fr\/blog\/2009\/09\/13\/mariage-delena-et-nicolas-a-marly-le-roi-par-le-photographe-de-mariage-thierry-seguin\/\" \/>\n<meta property=\"og:locale\" content=\"fr_FR\" \/>\n<meta property=\"og:type\" content=\"article\" \/>\n<meta property=\"og:title\" content=\"Mariage d\u2019Elena et Nicolas \u00e0 Marly-le-Roi par le photographe de mariage Thierry Seguin -\" \/>\n<meta property=\"og:description\" content=\"Marly-le-Roi le 04 septembre 2009 Le fou-rire au moment de dire oui \u2026 a rapidement laiss\u00e9 la place \u00e0 la joie \u2026 et l\u2019\u00e9motion \u2026 Leur fille a ensuite trinqu\u00e9e au bonheur de ses parents sous une intense couverture m\u00e9diatique Tu veux ma photo ? Elena Nicolas la petite famille Ils se sont ensuite envol\u00e9s [&hellip;]\" \/>\n<meta property=\"og:url\" content=\"https:\/\/thierryseguin.com\/fr\/blog\/2009\/09\/13\/mariage-delena-et-nicolas-a-marly-le-roi-par-le-photographe-de-mariage-thierry-seguin\/\" \/>\n<meta property=\"og:site_name\" content=\"Thierry Seguin Photographie\" \/>\n<meta property=\"article:publisher\" content=\"https:\/\/www.facebook.com\/ThierrySeguinPhotographie\" \/>\n<meta property=\"article:author\" content=\"https:\/\/www.facebook.com\/ThierrySeguinPhotographie\" \/>\n<meta property=\"article:published_time\" content=\"2009-09-13T11:19:00+00:00\" \/>\n<meta property=\"article:modified_time\" content=\"2013-04-19T11:29:18+00:00\" \/>\n<meta property=\"og:image\" content=\"http:\/\/lh4.ggpht.com\/__MnoThhEels\/Sq1EDwZHakI\/AAAAAAAAGyk\/nvi_dqAPExY\/DSC_9384_thumb%5B1%5D.jpg?imgmax=800\" \/>\n<meta name=\"author\" content=\"Thierry Seguin\" \/>\n<meta name=\"twitter:card\" content=\"summary_large_image\" \/>\n<meta name=\"twitter:creator\" content=\"@Thierry_Seguin\" \/>\n<meta name=\"twitter:site\" content=\"@thierry_seguin\" \/>\n<meta name=\"twitter:label1\" content=\"\u00c9crit par\" \/>\n\t<meta name=\"twitter:data1\" content=\"Thierry Seguin\" \/>\n<script type=\"application\/ld+json\" class=\"yoast-schema-graph\">{\"@context\":\"https:\\\/\\\/schema.org\",\"@graph\":[{\"@type\":\"Article\",\"@id\":\"https:\\\/\\\/thierryseguin.com\\\/fr\\\/blog\\\/2009\\\/09\\\/13\\\/mariage-delena-et-nicolas-a-marly-le-roi-par-le-photographe-de-mariage-thierry-seguin\\\/#article\",\"isPartOf\":{\"@id\":\"https:\\\/\\\/thierryseguin.com\\\/fr\\\/blog\\\/2009\\\/09\\\/13\\\/mariage-delena-et-nicolas-a-marly-le-roi-par-le-photographe-de-mariage-thierry-seguin\\\/\"},\"author\":{\"name\":\"Thierry Seguin\",\"@id\":\"https:\\\/\\\/thierryseguin.com\\\/fr\\\/#\\\/schema\\\/person\\\/8a2177969876d9e522df617b883aabcd\"},\"headline\":\"Mariage d\u2019Elena et Nicolas \u00e0 Marly-le-Roi par le photographe de mariage Thierry Seguin\",\"datePublished\":\"2009-09-13T11:19:00+00:00\",\"dateModified\":\"2013-04-19T11:29:18+00:00\",\"mainEntityOfPage\":{\"@id\":\"https:\\\/\\\/thierryseguin.com\\\/fr\\\/blog\\\/2009\\\/09\\\/13\\\/mariage-delena-et-nicolas-a-marly-le-roi-par-le-photographe-de-mariage-thierry-seguin\\\/\"},\"wordCount\":81,\"commentCount\":2,\"image\":{\"@id\":\"https:\\\/\\\/thierryseguin.com\\\/fr\\\/blog\\\/2009\\\/09\\\/13\\\/mariage-delena-et-nicolas-a-marly-le-roi-par-le-photographe-de-mariage-thierry-seguin\\\/#primaryimage\"},\"thumbnailUrl\":\"http:\\\/\\\/lh4.ggpht.com\\\/__MnoThhEels\\\/Sq1EDwZHakI\\\/AAAAAAAAGyk\\\/nvi_dqAPExY\\\/DSC_9384_thumb%5B1%5D.jpg?imgmax=800\",\"keywords\":[\"Photographe 78\",\"Photographe de Mariage en Yvelines 78\",\"Photographe Marly-le-Roi\"],\"articleSection\":[\"Mariage\"],\"inLanguage\":\"fr-FR\",\"potentialAction\":[{\"@type\":\"CommentAction\",\"name\":\"Comment\",\"target\":[\"https:\\\/\\\/thierryseguin.com\\\/fr\\\/blog\\\/2009\\\/09\\\/13\\\/mariage-delena-et-nicolas-a-marly-le-roi-par-le-photographe-de-mariage-thierry-seguin\\\/#respond\"]}]},{\"@type\":\"WebPage\",\"@id\":\"https:\\\/\\\/thierryseguin.com\\\/fr\\\/blog\\\/2009\\\/09\\\/13\\\/mariage-delena-et-nicolas-a-marly-le-roi-par-le-photographe-de-mariage-thierry-seguin\\\/\",\"url\":\"https:\\\/\\\/thierryseguin.com\\\/fr\\\/blog\\\/2009\\\/09\\\/13\\\/mariage-delena-et-nicolas-a-marly-le-roi-par-le-photographe-de-mariage-thierry-seguin\\\/\",\"name\":\"Mariage d\u2019Elena et Nicolas \u00e0 Marly-le-Roi par le photographe de mariage Thierry Seguin -\",\"isPartOf\":{\"@id\":\"https:\\\/\\\/thierryseguin.com\\\/fr\\\/#website\"},\"primaryImageOfPage\":{\"@id\":\"https:\\\/\\\/thierryseguin.com\\\/fr\\\/blog\\\/2009\\\/09\\\/13\\\/mariage-delena-et-nicolas-a-marly-le-roi-par-le-photographe-de-mariage-thierry-seguin\\\/#primaryimage\"},\"image\":{\"@id\":\"https:\\\/\\\/thierryseguin.com\\\/fr\\\/blog\\\/2009\\\/09\\\/13\\\/mariage-delena-et-nicolas-a-marly-le-roi-par-le-photographe-de-mariage-thierry-seguin\\\/#primaryimage\"},\"thumbnailUrl\":\"http:\\\/\\\/lh4.ggpht.com\\\/__MnoThhEels\\\/Sq1EDwZHakI\\\/AAAAAAAAGyk\\\/nvi_dqAPExY\\\/DSC_9384_thumb%5B1%5D.jpg?imgmax=800\",\"datePublished\":\"2009-09-13T11:19:00+00:00\",\"dateModified\":\"2013-04-19T11:29:18+00:00\",\"author\":{\"@id\":\"https:\\\/\\\/thierryseguin.com\\\/fr\\\/#\\\/schema\\\/person\\\/8a2177969876d9e522df617b883aabcd\"},\"breadcrumb\":{\"@id\":\"https:\\\/\\\/thierryseguin.com\\\/fr\\\/blog\\\/2009\\\/09\\\/13\\\/mariage-delena-et-nicolas-a-marly-le-roi-par-le-photographe-de-mariage-thierry-seguin\\\/#breadcrumb\"},\"inLanguage\":\"fr-FR\",\"potentialAction\":[{\"@type\":\"ReadAction\",\"target\":[\"https:\\\/\\\/thierryseguin.com\\\/fr\\\/blog\\\/2009\\\/09\\\/13\\\/mariage-delena-et-nicolas-a-marly-le-roi-par-le-photographe-de-mariage-thierry-seguin\\\/\"]}]},{\"@type\":\"ImageObject\",\"inLanguage\":\"fr-FR\",\"@id\":\"https:\\\/\\\/thierryseguin.com\\\/fr\\\/blog\\\/2009\\\/09\\\/13\\\/mariage-delena-et-nicolas-a-marly-le-roi-par-le-photographe-de-mariage-thierry-seguin\\\/#primaryimage\",\"url\":\"http:\\\/\\\/lh4.ggpht.com\\\/__MnoThhEels\\\/Sq1EDwZHakI\\\/AAAAAAAAGyk\\\/nvi_dqAPExY\\\/DSC_9384_thumb%5B1%5D.jpg?imgmax=800\",\"contentUrl\":\"http:\\\/\\\/lh4.ggpht.com\\\/__MnoThhEels\\\/Sq1EDwZHakI\\\/AAAAAAAAGyk\\\/nvi_dqAPExY\\\/DSC_9384_thumb%5B1%5D.jpg?imgmax=800\"},{\"@type\":\"BreadcrumbList\",\"@id\":\"https:\\\/\\\/thierryseguin.com\\\/fr\\\/blog\\\/2009\\\/09\\\/13\\\/mariage-delena-et-nicolas-a-marly-le-roi-par-le-photographe-de-mariage-thierry-seguin\\\/#breadcrumb\",\"itemListElement\":[{\"@type\":\"ListItem\",\"position\":1,\"name\":\"Accueil\",\"item\":\"https:\\\/\\\/thierryseguin.com\\\/fr\\\/\"},{\"@type\":\"ListItem\",\"position\":2,\"name\":\"Mariage d\u2019Elena et Nicolas \u00e0 Marly-le-Roi par le photographe de mariage Thierry Seguin\"}]},{\"@type\":\"WebSite\",\"@id\":\"https:\\\/\\\/thierryseguin.com\\\/fr\\\/#website\",\"url\":\"https:\\\/\\\/thierryseguin.com\\\/fr\\\/\",\"name\":\"Thierry Seguin Photographie\",\"description\":\"Photographe de Portrait de Famille, Grossesse, B\u00e9b\u00e9s, Mariage\",\"potentialAction\":[{\"@type\":\"SearchAction\",\"target\":{\"@type\":\"EntryPoint\",\"urlTemplate\":\"https:\\\/\\\/thierryseguin.com\\\/fr\\\/?s={search_term_string}\"},\"query-input\":{\"@type\":\"PropertyValueSpecification\",\"valueRequired\":true,\"valueName\":\"search_term_string\"}}],\"inLanguage\":\"fr-FR\"},{\"@type\":\"Person\",\"@id\":\"https:\\\/\\\/thierryseguin.com\\\/fr\\\/#\\\/schema\\\/person\\\/8a2177969876d9e522df617b883aabcd\",\"name\":\"Thierry Seguin\",\"image\":{\"@type\":\"ImageObject\",\"inLanguage\":\"fr-FR\",\"@id\":\"https:\\\/\\\/secure.gravatar.com\\\/avatar\\\/d49758ec13b28e5f4e60f685b1ae0f54e0ca43c593ce43822c52701982336750?s=96&d=wavatar&r=g\",\"url\":\"https:\\\/\\\/secure.gravatar.com\\\/avatar\\\/d49758ec13b28e5f4e60f685b1ae0f54e0ca43c593ce43822c52701982336750?s=96&d=wavatar&r=g\",\"contentUrl\":\"https:\\\/\\\/secure.gravatar.com\\\/avatar\\\/d49758ec13b28e5f4e60f685b1ae0f54e0ca43c593ce43822c52701982336750?s=96&d=wavatar&r=g\",\"caption\":\"Thierry Seguin\"},\"description\":\"Depuis votre mariage, votre grossesse, puis la naissance de vos enfants, Thierry Seguin Photographie illustre les moments cl\u00e9s de votre vie. Il saisit les instants magiques charg\u00e9s d'\u00e9motions et de joie, tout au long de l\u2019inoubliable journ\u00e9e de votre mariage. Sa sensibilit\u00e9 s'exprime \u00e9galement lors de s\u00e9ances portraits originales et cr\u00e9atives, dont la s\u00e9ance \\\"amoureux\\\" et la s\u00e9ance \\\"Couple Mari\u00e9\\\" ou \\\"Trash The Dress\\\". Des livres-albums de grande qualit\u00e9, originaux et personnalis\u00e9s, des diaporamas et DVD avec droits c\u00e9d\u00e9s, sont les supports intemporels de ce grand jour. Install\u00e9 \u00e0 Viroflay, pr\u00e8s de Paris et Versailles, le photographe vous re\u00e7oit dans la galerie de son studio. Il couvre votre reportage en France, comme \u00e0 l'\u00e9tranger.\",\"sameAs\":[\"http:\\\/\\\/www.thierryseguin.com\",\"https:\\\/\\\/www.facebook.com\\\/ThierrySeguinPhotographie\",\"https:\\\/\\\/x.com\\\/Thierry_Seguin\"]}]}<\/script>\n<!-- \/ Yoast SEO plugin. -->","yoast_head_json":{"title":"Mariage d\u2019Elena et Nicolas \u00e0 Marly-le-Roi par le photographe de mariage Thierry Seguin -","robots":{"index":"index","follow":"follow","max-snippet":"max-snippet:-1","max-image-preview":"max-image-preview:large","max-video-preview":"max-video-preview:-1"},"canonical":"https:\/\/thierryseguin.com\/fr\/blog\/2009\/09\/13\/mariage-delena-et-nicolas-a-marly-le-roi-par-le-photographe-de-mariage-thierry-seguin\/","og_locale":"fr_FR","og_type":"article","og_title":"Mariage d\u2019Elena et Nicolas \u00e0 Marly-le-Roi par le photographe de mariage Thierry Seguin -","og_description":"Marly-le-Roi le 04 septembre 2009 Le fou-rire au moment de dire oui \u2026 a rapidement laiss\u00e9 la place \u00e0 la joie \u2026 et l\u2019\u00e9motion \u2026 Leur fille a ensuite trinqu\u00e9e au bonheur de ses parents sous une intense couverture m\u00e9diatique Tu veux ma photo ? Elena Nicolas la petite famille Ils se sont ensuite envol\u00e9s [&hellip;]","og_url":"https:\/\/thierryseguin.com\/fr\/blog\/2009\/09\/13\/mariage-delena-et-nicolas-a-marly-le-roi-par-le-photographe-de-mariage-thierry-seguin\/","og_site_name":"Thierry Seguin Photographie","article_publisher":"https:\/\/www.facebook.com\/ThierrySeguinPhotographie","article_author":"https:\/\/www.facebook.com\/ThierrySeguinPhotographie","article_published_time":"2009-09-13T11:19:00+00:00","article_modified_time":"2013-04-19T11:29:18+00:00","og_image":[{"url":"http:\/\/lh4.ggpht.com\/__MnoThhEels\/Sq1EDwZHakI\/AAAAAAAAGyk\/nvi_dqAPExY\/DSC_9384_thumb%5B1%5D.jpg?imgmax=800","type":"","width":"","height":""}],"author":"Thierry Seguin","twitter_card":"summary_large_image","twitter_creator":"@Thierry_Seguin","twitter_site":"@thierry_seguin","twitter_misc":{"\u00c9crit par":"Thierry Seguin"},"schema":{"@context":"https:\/\/schema.org","@graph":[{"@type":"Article","@id":"https:\/\/thierryseguin.com\/fr\/blog\/2009\/09\/13\/mariage-delena-et-nicolas-a-marly-le-roi-par-le-photographe-de-mariage-thierry-seguin\/#article","isPartOf":{"@id":"https:\/\/thierryseguin.com\/fr\/blog\/2009\/09\/13\/mariage-delena-et-nicolas-a-marly-le-roi-par-le-photographe-de-mariage-thierry-seguin\/"},"author":{"name":"Thierry Seguin","@id":"https:\/\/thierryseguin.com\/fr\/#\/schema\/person\/8a2177969876d9e522df617b883aabcd"},"headline":"Mariage d\u2019Elena et Nicolas \u00e0 Marly-le-Roi par le photographe de mariage Thierry Seguin","datePublished":"2009-09-13T11:19:00+00:00","dateModified":"2013-04-19T11:29:18+00:00","mainEntityOfPage":{"@id":"https:\/\/thierryseguin.com\/fr\/blog\/2009\/09\/13\/mariage-delena-et-nicolas-a-marly-le-roi-par-le-photographe-de-mariage-thierry-seguin\/"},"wordCount":81,"commentCount":2,"image":{"@id":"https:\/\/thierryseguin.com\/fr\/blog\/2009\/09\/13\/mariage-delena-et-nicolas-a-marly-le-roi-par-le-photographe-de-mariage-thierry-seguin\/#primaryimage"},"thumbnailUrl":"http:\/\/lh4.ggpht.com\/__MnoThhEels\/Sq1EDwZHakI\/AAAAAAAAGyk\/nvi_dqAPExY\/DSC_9384_thumb%5B1%5D.jpg?imgmax=800","keywords":["Photographe 78","Photographe de Mariage en Yvelines 78","Photographe Marly-le-Roi"],"articleSection":["Mariage"],"inLanguage":"fr-FR","potentialAction":[{"@type":"CommentAction","name":"Comment","target":["https:\/\/thierryseguin.com\/fr\/blog\/2009\/09\/13\/mariage-delena-et-nicolas-a-marly-le-roi-par-le-photographe-de-mariage-thierry-seguin\/#respond"]}]},{"@type":"WebPage","@id":"https:\/\/thierryseguin.com\/fr\/blog\/2009\/09\/13\/mariage-delena-et-nicolas-a-marly-le-roi-par-le-photographe-de-mariage-thierry-seguin\/","url":"https:\/\/thierryseguin.com\/fr\/blog\/2009\/09\/13\/mariage-delena-et-nicolas-a-marly-le-roi-par-le-photographe-de-mariage-thierry-seguin\/","name":"Mariage d\u2019Elena et Nicolas \u00e0 Marly-le-Roi par le photographe de mariage Thierry Seguin -","isPartOf":{"@id":"https:\/\/thierryseguin.com\/fr\/#website"},"primaryImageOfPage":{"@id":"https:\/\/thierryseguin.com\/fr\/blog\/2009\/09\/13\/mariage-delena-et-nicolas-a-marly-le-roi-par-le-photographe-de-mariage-thierry-seguin\/#primaryimage"},"image":{"@id":"https:\/\/thierryseguin.com\/fr\/blog\/2009\/09\/13\/mariage-delena-et-nicolas-a-marly-le-roi-par-le-photographe-de-mariage-thierry-seguin\/#primaryimage"},"thumbnailUrl":"http:\/\/lh4.ggpht.com\/__MnoThhEels\/Sq1EDwZHakI\/AAAAAAAAGyk\/nvi_dqAPExY\/DSC_9384_thumb%5B1%5D.jpg?imgmax=800","datePublished":"2009-09-13T11:19:00+00:00","dateModified":"2013-04-19T11:29:18+00:00","author":{"@id":"https:\/\/thierryseguin.com\/fr\/#\/schema\/person\/8a2177969876d9e522df617b883aabcd"},"breadcrumb":{"@id":"https:\/\/thierryseguin.com\/fr\/blog\/2009\/09\/13\/mariage-delena-et-nicolas-a-marly-le-roi-par-le-photographe-de-mariage-thierry-seguin\/#breadcrumb"},"inLanguage":"fr-FR","potentialAction":[{"@type":"ReadAction","target":["https:\/\/thierryseguin.com\/fr\/blog\/2009\/09\/13\/mariage-delena-et-nicolas-a-marly-le-roi-par-le-photographe-de-mariage-thierry-seguin\/"]}]},{"@type":"ImageObject","inLanguage":"fr-FR","@id":"https:\/\/thierryseguin.com\/fr\/blog\/2009\/09\/13\/mariage-delena-et-nicolas-a-marly-le-roi-par-le-photographe-de-mariage-thierry-seguin\/#primaryimage","url":"http:\/\/lh4.ggpht.com\/__MnoThhEels\/Sq1EDwZHakI\/AAAAAAAAGyk\/nvi_dqAPExY\/DSC_9384_thumb%5B1%5D.jpg?imgmax=800","contentUrl":"http:\/\/lh4.ggpht.com\/__MnoThhEels\/Sq1EDwZHakI\/AAAAAAAAGyk\/nvi_dqAPExY\/DSC_9384_thumb%5B1%5D.jpg?imgmax=800"},{"@type":"BreadcrumbList","@id":"https:\/\/thierryseguin.com\/fr\/blog\/2009\/09\/13\/mariage-delena-et-nicolas-a-marly-le-roi-par-le-photographe-de-mariage-thierry-seguin\/#breadcrumb","itemListElement":[{"@type":"ListItem","position":1,"name":"Accueil","item":"https:\/\/thierryseguin.com\/fr\/"},{"@type":"ListItem","position":2,"name":"Mariage d\u2019Elena et Nicolas \u00e0 Marly-le-Roi par le photographe de mariage Thierry Seguin"}]},{"@type":"WebSite","@id":"https:\/\/thierryseguin.com\/fr\/#website","url":"https:\/\/thierryseguin.com\/fr\/","name":"Thierry Seguin Photographie","description":"Photographe de Portrait de Famille, Grossesse, B\u00e9b\u00e9s, Mariage","potentialAction":[{"@type":"SearchAction","target":{"@type":"EntryPoint","urlTemplate":"https:\/\/thierryseguin.com\/fr\/?s={search_term_string}"},"query-input":{"@type":"PropertyValueSpecification","valueRequired":true,"valueName":"search_term_string"}}],"inLanguage":"fr-FR"},{"@type":"Person","@id":"https:\/\/thierryseguin.com\/fr\/#\/schema\/person\/8a2177969876d9e522df617b883aabcd","name":"Thierry Seguin","image":{"@type":"ImageObject","inLanguage":"fr-FR","@id":"https:\/\/secure.gravatar.com\/avatar\/d49758ec13b28e5f4e60f685b1ae0f54e0ca43c593ce43822c52701982336750?s=96&d=wavatar&r=g","url":"https:\/\/secure.gravatar.com\/avatar\/d49758ec13b28e5f4e60f685b1ae0f54e0ca43c593ce43822c52701982336750?s=96&d=wavatar&r=g","contentUrl":"https:\/\/secure.gravatar.com\/avatar\/d49758ec13b28e5f4e60f685b1ae0f54e0ca43c593ce43822c52701982336750?s=96&d=wavatar&r=g","caption":"Thierry Seguin"},"description":"Depuis votre mariage, votre grossesse, puis la naissance de vos enfants, Thierry Seguin Photographie illustre les moments cl\u00e9s de votre vie. Il saisit les instants magiques charg\u00e9s d'\u00e9motions et de joie, tout au long de l\u2019inoubliable journ\u00e9e de votre mariage. Sa sensibilit\u00e9 s'exprime \u00e9galement lors de s\u00e9ances portraits originales et cr\u00e9atives, dont la s\u00e9ance \"amoureux\" et la s\u00e9ance \"Couple Mari\u00e9\" ou \"Trash The Dress\". Des livres-albums de grande qualit\u00e9, originaux et personnalis\u00e9s, des diaporamas et DVD avec droits c\u00e9d\u00e9s, sont les supports intemporels de ce grand jour. Install\u00e9 \u00e0 Viroflay, pr\u00e8s de Paris et Versailles, le photographe vous re\u00e7oit dans la galerie de son studio. Il couvre votre reportage en France, comme \u00e0 l'\u00e9tranger.","sameAs":["http:\/\/www.thierryseguin.com","https:\/\/www.facebook.com\/ThierrySeguinPhotographie","https:\/\/x.com\/Thierry_Seguin"]}]}},"_links":{"self":[{"href":"https:\/\/thierryseguin.com\/fr\/wp-json\/wp\/v2\/posts\/34","targetHints":{"allow":["GET"]}}],"collection":[{"href":"https:\/\/thierryseguin.com\/fr\/wp-json\/wp\/v2\/posts"}],"about":[{"href":"https:\/\/thierryseguin.com\/fr\/wp-json\/wp\/v2\/types\/post"}],"author":[{"embeddable":true,"href":"https:\/\/thierryseguin.com\/fr\/wp-json\/wp\/v2\/users\/1"}],"replies":[{"embeddable":true,"href":"https:\/\/thierryseguin.com\/fr\/wp-json\/wp\/v2\/comments?post=34"}],"version-history":[{"count":3,"href":"https:\/\/thierryseguin.com\/fr\/wp-json\/wp\/v2\/posts\/34\/revisions"}],"predecessor-version":[{"id":3435,"href":"https:\/\/thierryseguin.com\/fr\/wp-json\/wp\/v2\/posts\/34\/revisions\/3435"}],"wp:attachment":[{"href":"https:\/\/thierryseguin.com\/fr\/wp-json\/wp\/v2\/media?parent=34"}],"wp:term":[{"taxonomy":"category","embeddable":true,"href":"https:\/\/thierryseguin.com\/fr\/wp-json\/wp\/v2\/categories?post=34"},{"taxonomy":"post_tag","embeddable":true,"href":"https:\/\/thierryseguin.com\/fr\/wp-json\/wp\/v2\/tags?post=34"}],"curies":[{"name":"wp","href":"https:\/\/api.w.org\/{rel}","templated":true}]}}