{"id":35,"date":"2009-09-08T11:32:00","date_gmt":"2009-09-08T10:32:00","guid":{"rendered":"http:\/\/www.thierryseguin.com\/blog\/2009\/09\/08\/uncategorized\/mariage-d%e2%80%99aurelie-et-dominique-par-le-photographe-de-mariage-thierry-seguin\/"},"modified":"2014-03-20T14:18:20","modified_gmt":"2014-03-20T13:18:20","slug":"mariage-d%e2%80%99aurelie-et-dominique-par-le-photographe-de-mariage-thierry-seguin","status":"publish","type":"post","link":"https:\/\/thierryseguin.com\/fr\/blog\/2009\/09\/08\/mariage-d%e2%80%99aurelie-et-dominique-par-le-photographe-de-mariage-thierry-seguin\/","title":{"rendered":"Mariage d\u2019Aur\u00e9lie et Dominique (par le photographe de mariage Thierry Seguin)"},"content":{"rendered":"<div id=\"_PWletT2pKangoExt_Installed\" style=\"display: none;\"><\/div>\n<p>29 ao\u00fbt 2009 \u00e0 Garches<\/p>\n<p>Un couple tendre, sensible, attentionn\u00e9, d\u2019une extr\u00eame gentillesse.<\/p>\n<p><a href=\"http:\/\/lh3.ggpht.com\/__MnoThhEels\/SqaimybJGrI\/AAAAAAAAGvs\/rU35u75bdCw\/s1600-h\/coiffure-mariage-1%5B2%5D.jpg\" target=\"_blank\"><img loading=\"lazy\" decoding=\"async\" style=\"border-width: 0px; display: inline;\" title=\"\" alt=\"\" src=\"http:\/\/lh6.ggpht.com\/__MnoThhEels\/SqainuI5ddI\/AAAAAAAAGvw\/-1i_mSXr19A\/coiffure-mariage-1_thumb.jpg?imgmax=800\" width=\"536\" height=\"804\" border=\"0\" \/><\/a><\/p>\n<p><a href=\"http:\/\/lh5.ggpht.com\/__MnoThhEels\/SqaiohAMD7I\/AAAAAAAAGv0\/SfvPUQjDWg0\/s1600-h\/seance-photo-couple-maries-1%5B2%5D.jpg\" target=\"_blank\"><img loading=\"lazy\" decoding=\"async\" style=\"border-width: 0px; display: inline;\" title=\"\" alt=\"\" src=\"http:\/\/lh5.ggpht.com\/__MnoThhEels\/SqaipxqLSsI\/AAAAAAAAGv4\/_s8G7W_uUXY\/seance-photo-couple-maries-1_thumb.jpg?imgmax=800\" width=\"804\" height=\"536\" border=\"0\" \/><\/a><\/p>\n<p><a href=\"http:\/\/lh5.ggpht.com\/__MnoThhEels\/SqaiqzM7sAI\/AAAAAAAAGv8\/-L_rMdbpPds\/s1600-h\/seance-photo-couple-maries-3%5B2%5D.jpg\" target=\"_blank\"><img loading=\"lazy\" decoding=\"async\" style=\"border-width: 0px; display: inline;\" title=\"\" alt=\"\" src=\"http:\/\/lh6.ggpht.com\/__MnoThhEels\/SqairxJocPI\/AAAAAAAAGwA\/gNuoypFxfIo\/seance-photo-couple-maries-3_thumb.jpg?imgmax=800\" width=\"536\" height=\"804\" border=\"0\" \/><\/a><\/p>\n<p><a href=\"http:\/\/lh3.ggpht.com\/__MnoThhEels\/SqaisnmWzLI\/AAAAAAAAGwE\/wmisXrmqLLY\/s1600-h\/mariage-mairie-garches%5B2%5D.jpg\" target=\"_blank\"><img loading=\"lazy\" decoding=\"async\" style=\"border-width: 0px; display: inline;\" title=\"\" alt=\"\" src=\"http:\/\/lh5.ggpht.com\/__MnoThhEels\/SqaitbC9UNI\/AAAAAAAAGwI\/h_ZdMn8FVPo\/mariage-mairie-garches_thumb.jpg?imgmax=800\" width=\"536\" height=\"804\" border=\"0\" \/><\/a><\/p>\n<p><a href=\"http:\/\/lh4.ggpht.com\/__MnoThhEels\/SqaiuhIvmeI\/AAAAAAAAGwM\/GvIbHY7_szA\/s1600-h\/echange%20des%20alliances%5B2%5D.jpg\" target=\"_blank\"><img loading=\"lazy\" decoding=\"async\" style=\"border-width: 0px; display: inline;\" title=\"\" alt=\"\" src=\"http:\/\/lh5.ggpht.com\/__MnoThhEels\/SqaivfdViQI\/AAAAAAAAGwQ\/SQ4EQ2F1aY0\/echange%20des%20alliances_thumb.jpg?imgmax=800\" width=\"804\" height=\"536\" border=\"0\" \/><\/a><\/p>\n<p><a href=\"http:\/\/lh3.ggpht.com\/__MnoThhEels\/SqaiwSejwPI\/AAAAAAAAGwU\/ew0niCn-v1s\/s1600-h\/mariage-mairie-garches-5%5B2%5D.jpg\" target=\"_blank\"><img loading=\"lazy\" decoding=\"async\" style=\"border-width: 0px; display: inline;\" title=\"\" alt=\"\" src=\"http:\/\/lh3.ggpht.com\/__MnoThhEels\/SqaixJ2EOcI\/AAAAAAAAGwY\/f1T86-yeeUM\/mariage-mairie-garches-5_thumb.jpg?imgmax=800\" width=\"536\" height=\"804\" border=\"0\" \/><\/a><\/p>\n<p><a href=\"http:\/\/lh3.ggpht.com\/__MnoThhEels\/SqaiyobGqLI\/AAAAAAAAGwc\/awmwWj0-_tw\/s1600-h\/mariage-mairie-garches-6%5B2%5D.jpg\" target=\"_blank\"><img loading=\"lazy\" decoding=\"async\" style=\"border-width: 0px; display: inline;\" title=\"\" alt=\"\" src=\"http:\/\/lh6.ggpht.com\/__MnoThhEels\/SqaizVOqW_I\/AAAAAAAAGwg\/I8Y101PckJE\/mariage-mairie-garches-6_thumb.jpg?imgmax=800\" width=\"536\" height=\"804\" border=\"0\" \/><\/a><\/p>\n<p>Les larmes d\u2019\u00e9motion se sont exprim\u00e9es aux moments tr\u00e8s forts :<\/p>\n<p>lorsque les mari\u00e9s se sont d\u00e9couverts apr\u00e8s leurs pr\u00e9paratifs<\/p>\n<p><a href=\"http:\/\/lh4.ggpht.com\/__MnoThhEels\/Sqai0MJ9TVI\/AAAAAAAAGwk\/fz3rOj24sJ8\/s1600-h\/d%C3%A9couverte-des-mari%C3%A9s%5B2%5D.jpg\" target=\"_blank\"><img loading=\"lazy\" decoding=\"async\" style=\"border-width: 0px; display: inline;\" title=\"\" alt=\"\" src=\"http:\/\/lh4.ggpht.com\/__MnoThhEels\/Sqai0zre_PI\/AAAAAAAAGwo\/dhwcb1Vee6M\/d%C3%A9couverte-des-mari%C3%A9s_thumb.jpg?imgmax=800\" width=\"804\" height=\"536\" border=\"0\" \/><\/a><\/p>\n<p><a href=\"http:\/\/lh5.ggpht.com\/__MnoThhEels\/Sqai1kkwhaI\/AAAAAAAAGws\/jgCB_mcfEvQ\/s1600-h\/decouverte-des-maries-2%5B2%5D.jpg\" target=\"_blank\"><img loading=\"lazy\" decoding=\"async\" style=\"border-width: 0px; display: inline;\" title=\"\" alt=\"\" src=\"http:\/\/lh3.ggpht.com\/__MnoThhEels\/Sqai2RAvjHI\/AAAAAAAAGww\/QS4uF0QI06s\/decouverte-des-maries-2_thumb.jpg?imgmax=800\" width=\"536\" height=\"804\" border=\"0\" \/><\/a><\/p>\n<p><a href=\"http:\/\/lh4.ggpht.com\/__MnoThhEels\/Sqai3K_h-KI\/AAAAAAAAGw0\/eC_4sTN2uMk\/s1600-h\/decouverte-des-maries-3%5B2%5D.jpg\" target=\"_blank\"><img loading=\"lazy\" decoding=\"async\" style=\"border-width: 0px; display: inline;\" title=\"\" alt=\"\" src=\"http:\/\/lh6.ggpht.com\/__MnoThhEels\/Sqai33E4lJI\/AAAAAAAAGw4\/bwuGI0_cKcQ\/decouverte-des-maries-3_thumb.jpg?imgmax=800\" width=\"536\" height=\"804\" border=\"0\" \/><\/a><\/p>\n<p>Apr\u00e8s l\u2019\u00e9change des consentements<\/p>\n<p><a href=\"http:\/\/lh4.ggpht.com\/__MnoThhEels\/Sqai4o07tWI\/AAAAAAAAGw8\/MvbWFGfoV70\/s1600-h\/mariage-mairie-garches-2%5B2%5D.jpg\" target=\"_blank\"><img loading=\"lazy\" decoding=\"async\" style=\"border-width: 0px; display: inline;\" title=\"\" alt=\"\" src=\"http:\/\/lh6.ggpht.com\/__MnoThhEels\/Sqai5sgNHpI\/AAAAAAAAGxA\/ro7VOCtK86Q\/mariage-mairie-garches-2_thumb.jpg?imgmax=800\" width=\"804\" height=\"536\" border=\"0\" \/><\/a><\/p>\n<p><a href=\"http:\/\/lh4.ggpht.com\/__MnoThhEels\/Sqai6aZgLBI\/AAAAAAAAGxE\/zUxWrvb31qc\/s1600-h\/mariage-mairie-garches-3%5B2%5D.jpg\" target=\"_blank\"><img loading=\"lazy\" decoding=\"async\" style=\"border-width: 0px; display: inline;\" title=\"\" alt=\"\" src=\"http:\/\/lh3.ggpht.com\/__MnoThhEels\/Sqai7czTyuI\/AAAAAAAAGxM\/-TmZFE5OJG4\/mariage-mairie-garches-3_thumb.jpg?imgmax=800\" width=\"804\" height=\"536\" border=\"0\" \/><\/a><\/p>\n<p>Puis \u00e0 l\u2019entr\u00e9e en salle au <a title=\"Salle de r\u00e9ception Mariage aux Loges en Josas\" href=\"http:\/\/www.relais-de-courlande.com\/\" target=\"_blank\">Relais de Courlande aux Loges en Josas<\/a><\/p>\n<p><a href=\"http:\/\/lh5.ggpht.com\/__MnoThhEels\/Sqai8vasRJI\/AAAAAAAAGxQ\/tbMGAI_5XCo\/s1600-h\/Relais-de-Coulande-Les-Loges-en-Josas-2%5B2%5D.jpg\" target=\"_blank\"><img loading=\"lazy\" decoding=\"async\" style=\"border-width: 0px; display: inline;\" title=\"\" alt=\"\" src=\"http:\/\/lh3.ggpht.com\/__MnoThhEels\/Sqai9UCnhhI\/AAAAAAAAGxU\/LEvDK5jAqvQ\/Relais-de-Coulande-Les-Loges-en-Josas-2_thumb.jpg?imgmax=800\" width=\"536\" height=\"804\" border=\"0\" \/><\/a><\/p>\n<p>Le mariage \u00e9tait plac\u00e9 sous le signe de la danse, Aur\u00e9lie et Dominique pratiquant les danses de salon, et participant \u00e0 de nombreuses exhibitions et concours.<\/p>\n<p><a href=\"http:\/\/lh4.ggpht.com\/__MnoThhEels\/Sqai-BSpLPI\/AAAAAAAAGxY\/8KBNo1MWJWA\/s1600-h\/seance-photo-couple-maries-2%5B2%5D.jpg\" target=\"_blank\"><img loading=\"lazy\" decoding=\"async\" style=\"border-width: 0px; display: inline;\" title=\"\" alt=\"\" src=\"http:\/\/lh6.ggpht.com\/__MnoThhEels\/Sqai_EFbwBI\/AAAAAAAAGxc\/A2eZ_scaU8U\/seance-photo-couple-maries-2_thumb.jpg?imgmax=800\" width=\"804\" height=\"536\" border=\"0\" \/><\/a><\/p>\n<p><a href=\"http:\/\/lh5.ggpht.com\/__MnoThhEels\/Sqai_1EPjeI\/AAAAAAAAGxg\/wDytmTpWrF8\/s1600-h\/couple-danseur-1%5B5%5D.jpg\" target=\"_blank\"><img loading=\"lazy\" decoding=\"async\" style=\"border-width: 0px; display: inline;\" title=\"\" alt=\"\" src=\"http:\/\/lh3.ggpht.com\/__MnoThhEels\/SqajAl86gnI\/AAAAAAAAGxk\/DsVteOleg4Q\/couple-danseur-1_thumb%5B1%5D.jpg?imgmax=800\" width=\"604\" height=\"804\" border=\"0\" \/><\/a><\/p>\n<p><a href=\"http:\/\/lh4.ggpht.com\/__MnoThhEels\/SqajBYGgg7I\/AAAAAAAAGxo\/wA4VP6bwzKg\/s1600-h\/couple-danseur-2%5B2%5D.jpg\" target=\"_blank\"><img loading=\"lazy\" decoding=\"async\" style=\"border-width: 0px; display: inline;\" title=\"\" alt=\"\" src=\"http:\/\/lh5.ggpht.com\/__MnoThhEels\/SqajCe2185I\/AAAAAAAAGxs\/aA3XCOIk-nQ\/couple-danseur-2_thumb.jpg?imgmax=800\" width=\"536\" height=\"804\" border=\"0\" \/><\/a><\/p>\n<p><a href=\"http:\/\/lh5.ggpht.com\/__MnoThhEels\/SqajDNLKc8I\/AAAAAAAAGxw\/15W5k3fQ6g4\/s1600-h\/couple-danseur-3%5B2%5D.jpg\" target=\"_blank\"><img loading=\"lazy\" decoding=\"async\" style=\"border-width: 0px; display: inline;\" title=\"\" alt=\"\" src=\"http:\/\/lh5.ggpht.com\/__MnoThhEels\/SqajD6EXupI\/AAAAAAAAGx0\/AEuMDOMBuoI\/couple-danseur-3_thumb.jpg?imgmax=800\" width=\"537\" height=\"804\" border=\"0\" \/><\/a><\/p>\n<p><a href=\"http:\/\/lh5.ggpht.com\/__MnoThhEels\/SqajE8sDjqI\/AAAAAAAAGx4\/qhrtr3ZmW6s\/s1600-h\/Relais-de-Coulande-Les-Loges-en-Josas-1%5B2%5D.jpg\" target=\"_blank\"><img loading=\"lazy\" decoding=\"async\" style=\"border-width: 0px; display: inline;\" title=\"\" alt=\"\" src=\"http:\/\/lh4.ggpht.com\/__MnoThhEels\/SqajFgzDthI\/AAAAAAAAGx8\/LppVgBEi5pU\/Relais-de-Coulande-Les-Loges-en-Josas-1_thumb.jpg?imgmax=800\" width=\"804\" height=\"536\" border=\"0\" \/><\/a><\/p>\n<p><a href=\"http:\/\/lh5.ggpht.com\/__MnoThhEels\/SqajGk9ckLI\/AAAAAAAAGyA\/ABNU_fzJwQ4\/s1600-h\/Relais-de-Coulande-Les-Loges-en-Josas-3%5B2%5D.jpg\" target=\"_blank\"><img loading=\"lazy\" decoding=\"async\" style=\"border-width: 0px; display: inline;\" title=\"\" alt=\"\" src=\"http:\/\/lh3.ggpht.com\/__MnoThhEels\/SqajHjcWBPI\/AAAAAAAAGyE\/Pem9YFGursg\/Relais-de-Coulande-Les-Loges-en-Josas-3_thumb.jpg?imgmax=800\" width=\"536\" height=\"804\" border=\"0\" \/><\/a><\/p>\n<p><a href=\"http:\/\/lh5.ggpht.com\/__MnoThhEels\/SqajIqbAqjI\/AAAAAAAAGyI\/rcwElMU8b1c\/s1600-h\/Relais-de-Coulande-Les-Loges-en-Josas-4%5B2%5D.jpg\" target=\"_blank\"><img loading=\"lazy\" decoding=\"async\" style=\"border-widt&lt;br \/&gt;&lt;br \/&gt;\nh: 0px; display: inline;\" title=\"\" alt=\"\" src=\"http:\/\/lh5.ggpht.com\/__MnoThhEels\/SqajJvIUNsI\/AAAAAAAAGyM\/utzi66rHD7U\/Relais-de-Coulande-Les-Loges-en-Josas-4_thumb.jpg?imgmax=800\" width=\"804\" height=\"536\" border=\"0\" \/><\/a><\/p>\n<p><a href=\"http:\/\/lh5.ggpht.com\/__MnoThhEels\/SqajKoychtI\/AAAAAAAAGyQ\/nVW7MzBa6Gc\/s1600-h\/Relais-de-Coulande-Les-Loges-en-Josas-5%5B2%5D.jpg\" target=\"_blank\"><img loading=\"lazy\" decoding=\"async\" style=\"border-width: 0px; display: inline;\" title=\"\" alt=\"\" src=\"http:\/\/lh5.ggpht.com\/__MnoThhEels\/SqajLXBRYGI\/AAAAAAAAGyU\/TBqTz-gDkNI\/Relais-de-Coulande-Les-Loges-en-Josas-5_thumb.jpg?imgmax=800\" width=\"804\" height=\"536\" border=\"0\" \/><\/a><\/p>\n<p><a href=\"http:\/\/lh5.ggpht.com\/__MnoThhEels\/SqajMbgZ5kI\/AAAAAAAAGyY\/W3ajqUH1p7Q\/s1600-h\/Relais-de-Coulande-Les-Loges-en-Josas-6%5B2%5D.jpg\" target=\"_blank\"><img loading=\"lazy\" decoding=\"async\" style=\"border-width: 0px; display: inline;\" title=\"\" alt=\"\" src=\"http:\/\/lh4.ggpht.com\/__MnoThhEels\/SqajNNOFKfI\/AAAAAAAAGyc\/KrP4kXuWNOg\/Relais-de-Coulande-Les-Loges-en-Josas-6_thumb.jpg?imgmax=800\" width=\"804\" height=\"536\" border=\"0\" \/><\/a><\/p>\n<p>Je vous propose de (re)vivre cette journ\u00e9e dans un diaporama musical :<\/p>\n<p><a title=\"Diaporama musical du mariage d'Aur\u00e9lie et Dominique\" href=\"http:\/\/www.thierryseguin.com\/diaporamas\/AUDO\/\" target=\"_blank\">Diaporama musical du mariage d&#8217;Aur\u00e9lie et Dominique<\/a><\/p>\n<p>&nbsp;<\/p>\n","protected":false},"excerpt":{"rendered":"<p>29 ao\u00fbt 2009 \u00e0 Garches Un couple tendre, sensible, attentionn\u00e9, d\u2019une extr\u00eame gentillesse. Les larmes d\u2019\u00e9motion se sont exprim\u00e9es aux moments tr\u00e8s forts : lorsque les mari\u00e9s se sont d\u00e9couverts apr\u00e8s leurs pr\u00e9paratifs Apr\u00e8s l\u2019\u00e9change des consentements Puis \u00e0 l\u2019entr\u00e9e en salle au Relais de Courlande aux Loges en Josas Le mariage \u00e9tait plac\u00e9 sous...<\/p>\n","protected":false},"author":1,"featured_media":0,"comment_status":"open","ping_status":"open","sticky":false,"template":"","format":"standard","meta":{"pp_embeds":"","footnotes":""},"categories":[197],"tags":[426,290,289,427,428,5,281],"class_list":["post-35","post","type-post","status-publish","format-standard","hentry","category-photographe-mariage","tag-photographe-mariage-chateau-de-versailles","tag-photographe-mariage-garches","tag-photographe-mariage-hauts-de-seine-92","tag-photographe-mariage-les-loges-en-josas","tag-photographe-mariage-relais-de-courlande-les-loges-en-josas","tag-photographe-mariage-versailles","tag-photos-de-couple-hameau-de-la-reine-versailles"],"yoast_head":"<!-- This site is optimized with the Yoast SEO plugin v27.5 - https:\/\/yoast.com\/product\/yoast-seo-wordpress\/ -->\n<title>Mariage d\u2019Aur\u00e9lie et Dominique (par le photographe de mariage Thierry Seguin) -<\/title>\n<meta name=\"robots\" content=\"index, follow, max-snippet:-1, max-image-preview:large, max-video-preview:-1\" \/>\n<link rel=\"canonical\" href=\"https:\/\/thierryseguin.com\/fr\/blog\/2009\/09\/08\/mariage-d\u2019aurelie-et-dominique-par-le-photographe-de-mariage-thierry-seguin\/\" \/>\n<meta property=\"og:locale\" content=\"fr_FR\" \/>\n<meta property=\"og:type\" content=\"article\" \/>\n<meta property=\"og:title\" content=\"Mariage d\u2019Aur\u00e9lie et Dominique (par le photographe de mariage Thierry Seguin) -\" \/>\n<meta property=\"og:description\" content=\"29 ao\u00fbt 2009 \u00e0 Garches Un couple tendre, sensible, attentionn\u00e9, d\u2019une extr\u00eame gentillesse. Les larmes d\u2019\u00e9motion se sont exprim\u00e9es aux moments tr\u00e8s forts : lorsque les mari\u00e9s se sont d\u00e9couverts apr\u00e8s leurs pr\u00e9paratifs Apr\u00e8s l\u2019\u00e9change des consentements Puis \u00e0 l\u2019entr\u00e9e en salle au Relais de Courlande aux Loges en Josas Le mariage \u00e9tait plac\u00e9 sous [&hellip;]\" \/>\n<meta property=\"og:url\" content=\"https:\/\/thierryseguin.com\/fr\/blog\/2009\/09\/08\/mariage-d\u2019aurelie-et-dominique-par-le-photographe-de-mariage-thierry-seguin\/\" \/>\n<meta property=\"og:site_name\" content=\"Thierry Seguin Photographie\" \/>\n<meta property=\"article:publisher\" content=\"https:\/\/www.facebook.com\/ThierrySeguinPhotographie\" \/>\n<meta property=\"article:author\" content=\"https:\/\/www.facebook.com\/ThierrySeguinPhotographie\" \/>\n<meta property=\"article:published_time\" content=\"2009-09-08T10:32:00+00:00\" \/>\n<meta property=\"article:modified_time\" content=\"2014-03-20T13:18:20+00:00\" \/>\n<meta property=\"og:image\" content=\"http:\/\/lh6.ggpht.com\/__MnoThhEels\/SqainuI5ddI\/AAAAAAAAGvw\/-1i_mSXr19A\/coiffure-mariage-1_thumb.jpg?imgmax=800\" \/>\n<meta name=\"author\" content=\"Thierry Seguin\" \/>\n<meta name=\"twitter:card\" content=\"summary_large_image\" \/>\n<meta name=\"twitter:creator\" content=\"@Thierry_Seguin\" \/>\n<meta name=\"twitter:site\" content=\"@thierry_seguin\" \/>\n<meta name=\"twitter:label1\" content=\"\u00c9crit par\" \/>\n\t<meta name=\"twitter:data1\" content=\"Thierry Seguin\" \/>\n\t<meta name=\"twitter:label2\" content=\"Dur\u00e9e de lecture estim\u00e9e\" \/>\n\t<meta name=\"twitter:data2\" content=\"1 minute\" \/>\n<script type=\"application\/ld+json\" class=\"yoast-schema-graph\">{\"@context\":\"https:\\\/\\\/schema.org\",\"@graph\":[{\"@type\":\"Article\",\"@id\":\"https:\\\/\\\/thierryseguin.com\\\/fr\\\/blog\\\/2009\\\/09\\\/08\\\/mariage-d%e2%80%99aurelie-et-dominique-par-le-photographe-de-mariage-thierry-seguin\\\/#article\",\"isPartOf\":{\"@id\":\"https:\\\/\\\/thierryseguin.com\\\/fr\\\/blog\\\/2009\\\/09\\\/08\\\/mariage-d%e2%80%99aurelie-et-dominique-par-le-photographe-de-mariage-thierry-seguin\\\/\"},\"author\":{\"name\":\"Thierry Seguin\",\"@id\":\"https:\\\/\\\/thierryseguin.com\\\/fr\\\/#\\\/schema\\\/person\\\/8a2177969876d9e522df617b883aabcd\"},\"headline\":\"Mariage d\u2019Aur\u00e9lie et Dominique (par le photographe de mariage Thierry Seguin)\",\"datePublished\":\"2009-09-08T10:32:00+00:00\",\"dateModified\":\"2014-03-20T13:18:20+00:00\",\"mainEntityOfPage\":{\"@id\":\"https:\\\/\\\/thierryseguin.com\\\/fr\\\/blog\\\/2009\\\/09\\\/08\\\/mariage-d%e2%80%99aurelie-et-dominique-par-le-photographe-de-mariage-thierry-seguin\\\/\"},\"wordCount\":120,\"commentCount\":0,\"image\":{\"@id\":\"https:\\\/\\\/thierryseguin.com\\\/fr\\\/blog\\\/2009\\\/09\\\/08\\\/mariage-d%e2%80%99aurelie-et-dominique-par-le-photographe-de-mariage-thierry-seguin\\\/#primaryimage\"},\"thumbnailUrl\":\"http:\\\/\\\/lh6.ggpht.com\\\/__MnoThhEels\\\/SqainuI5ddI\\\/AAAAAAAAGvw\\\/-1i_mSXr19A\\\/coiffure-mariage-1_thumb.jpg?imgmax=800\",\"keywords\":[\"Photographe mariage ch\u00e2teau de Versailles\",\"Photographe Mariage Garches\",\"Photographe Mariage Hauts de Seine 92\",\"Photographe mariage Les Loges en Josas\",\"photographe mariage Relais de Courlande Les Loges en Josas\",\"Photographe Mariage Versailles\",\"photos de couple hameau de la reine versailles\"],\"articleSection\":[\"Mariage\"],\"inLanguage\":\"fr-FR\",\"potentialAction\":[{\"@type\":\"CommentAction\",\"name\":\"Comment\",\"target\":[\"https:\\\/\\\/thierryseguin.com\\\/fr\\\/blog\\\/2009\\\/09\\\/08\\\/mariage-d%e2%80%99aurelie-et-dominique-par-le-photographe-de-mariage-thierry-seguin\\\/#respond\"]}]},{\"@type\":\"WebPage\",\"@id\":\"https:\\\/\\\/thierryseguin.com\\\/fr\\\/blog\\\/2009\\\/09\\\/08\\\/mariage-d%e2%80%99aurelie-et-dominique-par-le-photographe-de-mariage-thierry-seguin\\\/\",\"url\":\"https:\\\/\\\/thierryseguin.com\\\/fr\\\/blog\\\/2009\\\/09\\\/08\\\/mariage-d%e2%80%99aurelie-et-dominique-par-le-photographe-de-mariage-thierry-seguin\\\/\",\"name\":\"Mariage d\u2019Aur\u00e9lie et Dominique (par le photographe de mariage Thierry Seguin) -\",\"isPartOf\":{\"@id\":\"https:\\\/\\\/thierryseguin.com\\\/fr\\\/#website\"},\"primaryImageOfPage\":{\"@id\":\"https:\\\/\\\/thierryseguin.com\\\/fr\\\/blog\\\/2009\\\/09\\\/08\\\/mariage-d%e2%80%99aurelie-et-dominique-par-le-photographe-de-mariage-thierry-seguin\\\/#primaryimage\"},\"image\":{\"@id\":\"https:\\\/\\\/thierryseguin.com\\\/fr\\\/blog\\\/2009\\\/09\\\/08\\\/mariage-d%e2%80%99aurelie-et-dominique-par-le-photographe-de-mariage-thierry-seguin\\\/#primaryimage\"},\"thumbnailUrl\":\"http:\\\/\\\/lh6.ggpht.com\\\/__MnoThhEels\\\/SqainuI5ddI\\\/AAAAAAAAGvw\\\/-1i_mSXr19A\\\/coiffure-mariage-1_thumb.jpg?imgmax=800\",\"datePublished\":\"2009-09-08T10:32:00+00:00\",\"dateModified\":\"2014-03-20T13:18:20+00:00\",\"author\":{\"@id\":\"https:\\\/\\\/thierryseguin.com\\\/fr\\\/#\\\/schema\\\/person\\\/8a2177969876d9e522df617b883aabcd\"},\"breadcrumb\":{\"@id\":\"https:\\\/\\\/thierryseguin.com\\\/fr\\\/blog\\\/2009\\\/09\\\/08\\\/mariage-d%e2%80%99aurelie-et-dominique-par-le-photographe-de-mariage-thierry-seguin\\\/#breadcrumb\"},\"inLanguage\":\"fr-FR\",\"potentialAction\":[{\"@type\":\"ReadAction\",\"target\":[\"https:\\\/\\\/thierryseguin.com\\\/fr\\\/blog\\\/2009\\\/09\\\/08\\\/mariage-d%e2%80%99aurelie-et-dominique-par-le-photographe-de-mariage-thierry-seguin\\\/\"]}]},{\"@type\":\"ImageObject\",\"inLanguage\":\"fr-FR\",\"@id\":\"https:\\\/\\\/thierryseguin.com\\\/fr\\\/blog\\\/2009\\\/09\\\/08\\\/mariage-d%e2%80%99aurelie-et-dominique-par-le-photographe-de-mariage-thierry-seguin\\\/#primaryimage\",\"url\":\"http:\\\/\\\/lh6.ggpht.com\\\/__MnoThhEels\\\/SqainuI5ddI\\\/AAAAAAAAGvw\\\/-1i_mSXr19A\\\/coiffure-mariage-1_thumb.jpg?imgmax=800\",\"contentUrl\":\"http:\\\/\\\/lh6.ggpht.com\\\/__MnoThhEels\\\/SqainuI5ddI\\\/AAAAAAAAGvw\\\/-1i_mSXr19A\\\/coiffure-mariage-1_thumb.jpg?imgmax=800\"},{\"@type\":\"BreadcrumbList\",\"@id\":\"https:\\\/\\\/thierryseguin.com\\\/fr\\\/blog\\\/2009\\\/09\\\/08\\\/mariage-d%e2%80%99aurelie-et-dominique-par-le-photographe-de-mariage-thierry-seguin\\\/#breadcrumb\",\"itemListElement\":[{\"@type\":\"ListItem\",\"position\":1,\"name\":\"Accueil\",\"item\":\"https:\\\/\\\/thierryseguin.com\\\/fr\\\/\"},{\"@type\":\"ListItem\",\"position\":2,\"name\":\"Mariage d\u2019Aur\u00e9lie et Dominique (par le photographe de mariage Thierry Seguin)\"}]},{\"@type\":\"WebSite\",\"@id\":\"https:\\\/\\\/thierryseguin.com\\\/fr\\\/#website\",\"url\":\"https:\\\/\\\/thierryseguin.com\\\/fr\\\/\",\"name\":\"Thierry Seguin Photographie\",\"description\":\"Photographe de Portrait de Famille, Grossesse, B\u00e9b\u00e9s, Mariage\",\"potentialAction\":[{\"@type\":\"SearchAction\",\"target\":{\"@type\":\"EntryPoint\",\"urlTemplate\":\"https:\\\/\\\/thierryseguin.com\\\/fr\\\/?s={search_term_string}\"},\"query-input\":{\"@type\":\"PropertyValueSpecification\",\"valueRequired\":true,\"valueName\":\"search_term_string\"}}],\"inLanguage\":\"fr-FR\"},{\"@type\":\"Person\",\"@id\":\"https:\\\/\\\/thierryseguin.com\\\/fr\\\/#\\\/schema\\\/person\\\/8a2177969876d9e522df617b883aabcd\",\"name\":\"Thierry Seguin\",\"image\":{\"@type\":\"ImageObject\",\"inLanguage\":\"fr-FR\",\"@id\":\"https:\\\/\\\/secure.gravatar.com\\\/avatar\\\/d49758ec13b28e5f4e60f685b1ae0f54e0ca43c593ce43822c52701982336750?s=96&d=wavatar&r=g\",\"url\":\"https:\\\/\\\/secure.gravatar.com\\\/avatar\\\/d49758ec13b28e5f4e60f685b1ae0f54e0ca43c593ce43822c52701982336750?s=96&d=wavatar&r=g\",\"contentUrl\":\"https:\\\/\\\/secure.gravatar.com\\\/avatar\\\/d49758ec13b28e5f4e60f685b1ae0f54e0ca43c593ce43822c52701982336750?s=96&d=wavatar&r=g\",\"caption\":\"Thierry Seguin\"},\"description\":\"Depuis votre mariage, votre grossesse, puis la naissance de vos enfants, Thierry Seguin Photographie illustre les moments cl\u00e9s de votre vie. Il saisit les instants magiques charg\u00e9s d'\u00e9motions et de joie, tout au long de l\u2019inoubliable journ\u00e9e de votre mariage. Sa sensibilit\u00e9 s'exprime \u00e9galement lors de s\u00e9ances portraits originales et cr\u00e9atives, dont la s\u00e9ance \\\"amoureux\\\" et la s\u00e9ance \\\"Couple Mari\u00e9\\\" ou \\\"Trash The Dress\\\". Des livres-albums de grande qualit\u00e9, originaux et personnalis\u00e9s, des diaporamas et DVD avec droits c\u00e9d\u00e9s, sont les supports intemporels de ce grand jour. Install\u00e9 \u00e0 Viroflay, pr\u00e8s de Paris et Versailles, le photographe vous re\u00e7oit dans la galerie de son studio. Il couvre votre reportage en France, comme \u00e0 l'\u00e9tranger.\",\"sameAs\":[\"http:\\\/\\\/www.thierryseguin.com\",\"https:\\\/\\\/www.facebook.com\\\/ThierrySeguinPhotographie\",\"https:\\\/\\\/x.com\\\/Thierry_Seguin\"]}]}<\/script>\n<!-- \/ Yoast SEO plugin. -->","yoast_head_json":{"title":"Mariage d\u2019Aur\u00e9lie et Dominique (par le photographe de mariage Thierry Seguin) -","robots":{"index":"index","follow":"follow","max-snippet":"max-snippet:-1","max-image-preview":"max-image-preview:large","max-video-preview":"max-video-preview:-1"},"canonical":"https:\/\/thierryseguin.com\/fr\/blog\/2009\/09\/08\/mariage-d\u2019aurelie-et-dominique-par-le-photographe-de-mariage-thierry-seguin\/","og_locale":"fr_FR","og_type":"article","og_title":"Mariage d\u2019Aur\u00e9lie et Dominique (par le photographe de mariage Thierry Seguin) -","og_description":"29 ao\u00fbt 2009 \u00e0 Garches Un couple tendre, sensible, attentionn\u00e9, d\u2019une extr\u00eame gentillesse. Les larmes d\u2019\u00e9motion se sont exprim\u00e9es aux moments tr\u00e8s forts : lorsque les mari\u00e9s se sont d\u00e9couverts apr\u00e8s leurs pr\u00e9paratifs Apr\u00e8s l\u2019\u00e9change des consentements Puis \u00e0 l\u2019entr\u00e9e en salle au Relais de Courlande aux Loges en Josas Le mariage \u00e9tait plac\u00e9 sous [&hellip;]","og_url":"https:\/\/thierryseguin.com\/fr\/blog\/2009\/09\/08\/mariage-d\u2019aurelie-et-dominique-par-le-photographe-de-mariage-thierry-seguin\/","og_site_name":"Thierry Seguin Photographie","article_publisher":"https:\/\/www.facebook.com\/ThierrySeguinPhotographie","article_author":"https:\/\/www.facebook.com\/ThierrySeguinPhotographie","article_published_time":"2009-09-08T10:32:00+00:00","article_modified_time":"2014-03-20T13:18:20+00:00","og_image":[{"url":"http:\/\/lh6.ggpht.com\/__MnoThhEels\/SqainuI5ddI\/AAAAAAAAGvw\/-1i_mSXr19A\/coiffure-mariage-1_thumb.jpg?imgmax=800","type":"","width":"","height":""}],"author":"Thierry Seguin","twitter_card":"summary_large_image","twitter_creator":"@Thierry_Seguin","twitter_site":"@thierry_seguin","twitter_misc":{"\u00c9crit par":"Thierry Seguin","Dur\u00e9e de lecture estim\u00e9e":"1 minute"},"schema":{"@context":"https:\/\/schema.org","@graph":[{"@type":"Article","@id":"https:\/\/thierryseguin.com\/fr\/blog\/2009\/09\/08\/mariage-d%e2%80%99aurelie-et-dominique-par-le-photographe-de-mariage-thierry-seguin\/#article","isPartOf":{"@id":"https:\/\/thierryseguin.com\/fr\/blog\/2009\/09\/08\/mariage-d%e2%80%99aurelie-et-dominique-par-le-photographe-de-mariage-thierry-seguin\/"},"author":{"name":"Thierry Seguin","@id":"https:\/\/thierryseguin.com\/fr\/#\/schema\/person\/8a2177969876d9e522df617b883aabcd"},"headline":"Mariage d\u2019Aur\u00e9lie et Dominique (par le photographe de mariage Thierry Seguin)","datePublished":"2009-09-08T10:32:00+00:00","dateModified":"2014-03-20T13:18:20+00:00","mainEntityOfPage":{"@id":"https:\/\/thierryseguin.com\/fr\/blog\/2009\/09\/08\/mariage-d%e2%80%99aurelie-et-dominique-par-le-photographe-de-mariage-thierry-seguin\/"},"wordCount":120,"commentCount":0,"image":{"@id":"https:\/\/thierryseguin.com\/fr\/blog\/2009\/09\/08\/mariage-d%e2%80%99aurelie-et-dominique-par-le-photographe-de-mariage-thierry-seguin\/#primaryimage"},"thumbnailUrl":"http:\/\/lh6.ggpht.com\/__MnoThhEels\/SqainuI5ddI\/AAAAAAAAGvw\/-1i_mSXr19A\/coiffure-mariage-1_thumb.jpg?imgmax=800","keywords":["Photographe mariage ch\u00e2teau de Versailles","Photographe Mariage Garches","Photographe Mariage Hauts de Seine 92","Photographe mariage Les Loges en Josas","photographe mariage Relais de Courlande Les Loges en Josas","Photographe Mariage Versailles","photos de couple hameau de la reine versailles"],"articleSection":["Mariage"],"inLanguage":"fr-FR","potentialAction":[{"@type":"CommentAction","name":"Comment","target":["https:\/\/thierryseguin.com\/fr\/blog\/2009\/09\/08\/mariage-d%e2%80%99aurelie-et-dominique-par-le-photographe-de-mariage-thierry-seguin\/#respond"]}]},{"@type":"WebPage","@id":"https:\/\/thierryseguin.com\/fr\/blog\/2009\/09\/08\/mariage-d%e2%80%99aurelie-et-dominique-par-le-photographe-de-mariage-thierry-seguin\/","url":"https:\/\/thierryseguin.com\/fr\/blog\/2009\/09\/08\/mariage-d%e2%80%99aurelie-et-dominique-par-le-photographe-de-mariage-thierry-seguin\/","name":"Mariage d\u2019Aur\u00e9lie et Dominique (par le photographe de mariage Thierry Seguin) -","isPartOf":{"@id":"https:\/\/thierryseguin.com\/fr\/#website"},"primaryImageOfPage":{"@id":"https:\/\/thierryseguin.com\/fr\/blog\/2009\/09\/08\/mariage-d%e2%80%99aurelie-et-dominique-par-le-photographe-de-mariage-thierry-seguin\/#primaryimage"},"image":{"@id":"https:\/\/thierryseguin.com\/fr\/blog\/2009\/09\/08\/mariage-d%e2%80%99aurelie-et-dominique-par-le-photographe-de-mariage-thierry-seguin\/#primaryimage"},"thumbnailUrl":"http:\/\/lh6.ggpht.com\/__MnoThhEels\/SqainuI5ddI\/AAAAAAAAGvw\/-1i_mSXr19A\/coiffure-mariage-1_thumb.jpg?imgmax=800","datePublished":"2009-09-08T10:32:00+00:00","dateModified":"2014-03-20T13:18:20+00:00","author":{"@id":"https:\/\/thierryseguin.com\/fr\/#\/schema\/person\/8a2177969876d9e522df617b883aabcd"},"breadcrumb":{"@id":"https:\/\/thierryseguin.com\/fr\/blog\/2009\/09\/08\/mariage-d%e2%80%99aurelie-et-dominique-par-le-photographe-de-mariage-thierry-seguin\/#breadcrumb"},"inLanguage":"fr-FR","potentialAction":[{"@type":"ReadAction","target":["https:\/\/thierryseguin.com\/fr\/blog\/2009\/09\/08\/mariage-d%e2%80%99aurelie-et-dominique-par-le-photographe-de-mariage-thierry-seguin\/"]}]},{"@type":"ImageObject","inLanguage":"fr-FR","@id":"https:\/\/thierryseguin.com\/fr\/blog\/2009\/09\/08\/mariage-d%e2%80%99aurelie-et-dominique-par-le-photographe-de-mariage-thierry-seguin\/#primaryimage","url":"http:\/\/lh6.ggpht.com\/__MnoThhEels\/SqainuI5ddI\/AAAAAAAAGvw\/-1i_mSXr19A\/coiffure-mariage-1_thumb.jpg?imgmax=800","contentUrl":"http:\/\/lh6.ggpht.com\/__MnoThhEels\/SqainuI5ddI\/AAAAAAAAGvw\/-1i_mSXr19A\/coiffure-mariage-1_thumb.jpg?imgmax=800"},{"@type":"BreadcrumbList","@id":"https:\/\/thierryseguin.com\/fr\/blog\/2009\/09\/08\/mariage-d%e2%80%99aurelie-et-dominique-par-le-photographe-de-mariage-thierry-seguin\/#breadcrumb","itemListElement":[{"@type":"ListItem","position":1,"name":"Accueil","item":"https:\/\/thierryseguin.com\/fr\/"},{"@type":"ListItem","position":2,"name":"Mariage d\u2019Aur\u00e9lie et Dominique (par le photographe de mariage Thierry Seguin)"}]},{"@type":"WebSite","@id":"https:\/\/thierryseguin.com\/fr\/#website","url":"https:\/\/thierryseguin.com\/fr\/","name":"Thierry Seguin Photographie","description":"Photographe de Portrait de Famille, Grossesse, B\u00e9b\u00e9s, Mariage","potentialAction":[{"@type":"SearchAction","target":{"@type":"EntryPoint","urlTemplate":"https:\/\/thierryseguin.com\/fr\/?s={search_term_string}"},"query-input":{"@type":"PropertyValueSpecification","valueRequired":true,"valueName":"search_term_string"}}],"inLanguage":"fr-FR"},{"@type":"Person","@id":"https:\/\/thierryseguin.com\/fr\/#\/schema\/person\/8a2177969876d9e522df617b883aabcd","name":"Thierry Seguin","image":{"@type":"ImageObject","inLanguage":"fr-FR","@id":"https:\/\/secure.gravatar.com\/avatar\/d49758ec13b28e5f4e60f685b1ae0f54e0ca43c593ce43822c52701982336750?s=96&d=wavatar&r=g","url":"https:\/\/secure.gravatar.com\/avatar\/d49758ec13b28e5f4e60f685b1ae0f54e0ca43c593ce43822c52701982336750?s=96&d=wavatar&r=g","contentUrl":"https:\/\/secure.gravatar.com\/avatar\/d49758ec13b28e5f4e60f685b1ae0f54e0ca43c593ce43822c52701982336750?s=96&d=wavatar&r=g","caption":"Thierry Seguin"},"description":"Depuis votre mariage, votre grossesse, puis la naissance de vos enfants, Thierry Seguin Photographie illustre les moments cl\u00e9s de votre vie. Il saisit les instants magiques charg\u00e9s d'\u00e9motions et de joie, tout au long de l\u2019inoubliable journ\u00e9e de votre mariage. Sa sensibilit\u00e9 s'exprime \u00e9galement lors de s\u00e9ances portraits originales et cr\u00e9atives, dont la s\u00e9ance \"amoureux\" et la s\u00e9ance \"Couple Mari\u00e9\" ou \"Trash The Dress\". Des livres-albums de grande qualit\u00e9, originaux et personnalis\u00e9s, des diaporamas et DVD avec droits c\u00e9d\u00e9s, sont les supports intemporels de ce grand jour. Install\u00e9 \u00e0 Viroflay, pr\u00e8s de Paris et Versailles, le photographe vous re\u00e7oit dans la galerie de son studio. Il couvre votre reportage en France, comme \u00e0 l'\u00e9tranger.","sameAs":["http:\/\/www.thierryseguin.com","https:\/\/www.facebook.com\/ThierrySeguinPhotographie","https:\/\/x.com\/Thierry_Seguin"]}]}},"_links":{"self":[{"href":"https:\/\/thierryseguin.com\/fr\/wp-json\/wp\/v2\/posts\/35","targetHints":{"allow":["GET"]}}],"collection":[{"href":"https:\/\/thierryseguin.com\/fr\/wp-json\/wp\/v2\/posts"}],"about":[{"href":"https:\/\/thierryseguin.com\/fr\/wp-json\/wp\/v2\/types\/post"}],"author":[{"embeddable":true,"href":"https:\/\/thierryseguin.com\/fr\/wp-json\/wp\/v2\/users\/1"}],"replies":[{"embeddable":true,"href":"https:\/\/thierryseguin.com\/fr\/wp-json\/wp\/v2\/comments?post=35"}],"version-history":[{"count":8,"href":"https:\/\/thierryseguin.com\/fr\/wp-json\/wp\/v2\/posts\/35\/revisions"}],"predecessor-version":[{"id":6352,"href":"https:\/\/thierryseguin.com\/fr\/wp-json\/wp\/v2\/posts\/35\/revisions\/6352"}],"wp:attachment":[{"href":"https:\/\/thierryseguin.com\/fr\/wp-json\/wp\/v2\/media?parent=35"}],"wp:term":[{"taxonomy":"category","embeddable":true,"href":"https:\/\/thierryseguin.com\/fr\/wp-json\/wp\/v2\/categories?post=35"},{"taxonomy":"post_tag","embeddable":true,"href":"https:\/\/thierryseguin.com\/fr\/wp-json\/wp\/v2\/tags?post=35"}],"curies":[{"name":"wp","href":"https:\/\/api.w.org\/{rel}","templated":true}]}}