{"id":40,"date":"2009-07-12T15:32:00","date_gmt":"2009-07-12T14:32:00","guid":{"rendered":"http:\/\/www.thierryseguin.com\/blog\/2009\/07\/12\/uncategorized\/mariage-de-veronique-et-frederic-photographe-mariage-thierry-seguin\/"},"modified":"2014-03-20T16:47:13","modified_gmt":"2014-03-20T15:47:13","slug":"mariage-de-veronique-et-frederic-photographe-mariage-thierry-seguin","status":"publish","type":"post","link":"https:\/\/thierryseguin.com\/fr\/blog\/2009\/07\/12\/mariage-de-veronique-et-frederic-photographe-mariage-thierry-seguin\/","title":{"rendered":"Mariage de V\u00e9ronique et Fr\u00e9d\u00e9ric (Photographe mariage : Thierry Seguin)"},"content":{"rendered":"<div id=\"_PWletT2pKangoExt_Installed\" style=\"display: none;\"><\/div>\n<p>20 juin 2009 \u00e0 Saint-Germain-en-Laye<\/p>\n<p>Encore un couple adorable !<\/p>\n<p>le lundi j\u2019\u00e9tais touch\u00e9 de recevoir ce petit mail :<\/p>\n<p>\u201cThierry,<br \/>\nde retour de week-end pour nous remettre de nos \u00e9motions et &#8220;atterrir&#8221;, nous tenions \u00e0 vous renouveler nos plus chaleureux remerciements.<br \/>\nNous avons appr\u00e9ci\u00e9 votre professionnalisme, vos id\u00e9es de mise en sc\u00e8ne et votre gentillesse.<br \/>\nLes s\u00e9ances de photos de couple dans le parc du ch\u00e2teau ainsi qu&#8217;\u00e0 La Long\u00e8re ont \u00e9t\u00e9 vraiment tr\u00e8s plaisantes \u00e0 r\u00e9aliser sous votre objectif.<br \/>\nC&#8217;est avec beaucoup d&#8217;impatience que nous attendons de voir le r\u00e9sultat de votre travail.<br \/>\nA tr\u00e8s bient\u00f4t,<br \/>\net encore un grand merci.<br \/>\nFr\u00e9d\u00e9ric, &amp; V\u00e9ronique.\u201d<\/p>\n<p>Voici donc un petit aper\u00e7u du reportage que je leur ai livr\u00e9 :<\/p>\n<p>La robe de la mari\u00e9e inspire la demoiselle d\u2019honneur\u2026<\/p>\n<p><a href=\"http:\/\/lh5.ggpht.com\/__MnoThhEels\/SlpkLX_5YAI\/AAAAAAAAGY0\/hUCg1zt-YsQ\/s1600-h\/VEFR_D_0045.jpg\" target=\"_blank\"><img loading=\"lazy\" decoding=\"async\" style=\"border-width: 0px; display: inline;\" title=\"\" alt=\"\" src=\"http:\/\/lh4.ggpht.com\/__MnoThhEels\/SlpkMNbNIqI\/AAAAAAAAGY4\/V5sBtqJHEUM\/VEFR_D_004_thumb1.jpg?imgmax=800\" width=\"536\" height=\"804\" border=\"0\" \/><\/a><\/p>\n<p>V\u00e9ronique, radieuse, fin pr\u00eate \u00e0 se rendre \u00e0 la Mairie de Saint-Germain en Laye<\/p>\n<p><a href=\"http:\/\/lh5.ggpht.com\/__MnoThhEels\/SlpkMy7bMyI\/AAAAAAAAGY8\/TZv2QS_lx00\/s1600-h\/VEFR_D_0102.jpg\" target=\"_blank\"><img loading=\"lazy\" decoding=\"async\" style=\"border-width: 0px; display: inline;\" title=\"\" alt=\"\" src=\"http:\/\/lh5.ggpht.com\/__MnoThhEels\/SlpkNodA8EI\/AAAAAAAAGZA\/3ZeABOAhapw\/VEFR_D_010_thumb.jpg?imgmax=800\" width=\"536\" height=\"804\" border=\"0\" \/><\/a><\/p>\n<p>Apr\u00e8s la mairie, nous avons profit\u00e9 du parc du ch\u00e2teau pour r\u00e9aliser la s\u00e9ance de portraits de couple.<\/p>\n<p><a href=\"http:\/\/lh5.ggpht.com\/__MnoThhEels\/SlpkOH7uPhI\/AAAAAAAAGZE\/RHv1vbF_E-w\/s1600-h\/VEFR_D_0612.jpg\" target=\"_blank\"><img loading=\"lazy\" decoding=\"async\" style=\"border-width: 0px; display: inline;\" title=\"\" alt=\"\" src=\"http:\/\/lh4.ggpht.com\/__MnoThhEels\/SlpkO-vinEI\/AAAAAAAAGZI\/gKwWnK8nBWs\/VEFR_D_061_thumb.jpg?imgmax=800\" width=\"804\" height=\"540\" border=\"0\" \/><\/a><\/p>\n<p>et des apparitions du soleil<\/p>\n<p><a href=\"http:\/\/lh6.ggpht.com\/__MnoThhEels\/SlpkPuaFVVI\/AAAAAAAAGZM\/zV5WCbJDj2I\/s1600-h\/VEFR_D_0742.jpg\" target=\"_blank\"><img loading=\"lazy\" decoding=\"async\" style=\"border-width: 0px; display: inline;\" title=\"\" alt=\"\" src=\"http:\/\/lh5.ggpht.com\/__MnoThhEels\/SlpkQV5xVjI\/AAAAAAAAGZQ\/qJ1_EcGMmFs\/VEFR_D_074_thumb.jpg?imgmax=800\" width=\"804\" height=\"537\" border=\"0\" \/><\/a><\/p>\n<p>Nous nous sommes ensuite rendu au <a href=\"http:\/\/www.chateaux-mariages.com\/chaview.php?l=fr&amp;login=la-longere-foret-de-rambouillet\" target=\"_blank\">domaine de la Long\u00e8re<\/a> dans la for\u00eat de Rambouillet.<\/p>\n<p>En d\u00e9but de soir\u00e9e, le soleil y a \u00e9galement fait une superbe apparition, avec une magnifique lumi\u00e8re ! Nous improvisons une nouvelle s\u00e9ance photos de couple dans le domaine de la Long\u00e8re.<\/p>\n<p><a href=\"http:\/\/lh6.ggpht.com\/__MnoThhEels\/SlpkRKADQxI\/AAAAAAAAGZU\/7GguQfsc4Rs\/s1600-h\/VEFR_D_0932.jpg\" target=\"_blank\"><img loading=\"lazy\" decoding=\"async\" style=\"border-width: 0px; display: inline;\" title=\"\" alt=\"\" src=\"http:\/\/lh6.ggpht.com\/__MnoThhEels\/SlpkR5wwfgI\/AAAAAAAAGZY\/cyAMhgcmfCk\/VEFR_D_093_thumb.jpg?imgmax=800\" width=\"536\" height=\"804\" border=\"0\" \/><\/a><\/p>\n<p><a href=\"http:\/\/lh5.ggpht.com\/__MnoThhEels\/SlpkS_nDkXI\/AAAAAAAAGZc\/bUm_3hyrvHI\/s1600-h\/VEFR_D_0972.jpg\" target=\"_blank\"><img loading=\"lazy\" decoding=\"async\" style=\"border-width: 0px; display: inline;\" title=\"\" alt=\"\" src=\"http:\/\/lh5.ggpht.com\/__MnoThhEels\/SlpkT3UjdhI\/AAAAAAAAGZg\/oZbhlo4evDM\/VEFR_D_097_thumb.jpg?imgmax=800\" width=\"804\" height=\"536\" border=\"0\" \/><\/a><\/p>\n<p>Et je n\u2019\u00e9tais pas le seul \u00e0 prendre plaisir \u00e0 photographier nos deux amoureux\u2026<\/p>\n<p><a href=\"http:\/\/lh3.ggpht.com\/__MnoThhEels\/SlpkUvdu0sI\/AAAAAAAAGZk\/6iSGWVryYX4\/s1600-h\/VEFR_D_0992.jpg\" target=\"_blank\"><img loading=\"lazy\" decoding=\"async\" style=\"border-width: 0px; display: inline;\" title=\"\" alt=\"\" src=\"http:\/\/lh4.ggpht.com\/__MnoThhEels\/SlpkVbL05aI\/AAAAAAAAGZo\/b-sxbb9z9LM\/VEFR_D_099_thumb.jpg?imgmax=800\" width=\"804\" height=\"536\" border=\"0\" \/><\/a><\/p>\n<p>&nbsp;<\/p>\n<p>Le cocktail s\u2019est poursuivi dehors.<\/p>\n<p><a href=\"http:\/\/lh6.ggpht.com\/__MnoThhEels\/SlpkWFnjThI\/AAAAAAAAGZs\/OJPWBwPs3d8\/s1600-h\/VEFR_D_1052.jpg\" target=\"_blank\"><img loading=\"lazy\" decoding=\"async\" style=\"border-width: 0px; display: inline;\" title=\"\" alt=\"\" src=\"http:\/\/lh5.ggpht.com\/__MnoThhEels\/SlpkXGLe9cI\/AAAAAAAAGZw\/JUWLfjY2XGo\/VEFR_D_105_thumb.jpg?imgmax=800\" width=\"804\" height=\"536\" border=\"0\" \/><\/a><\/p>\n<p>V\u00e9ronique et Fr\u00e9d\u00e9ric avaient r\u00e9serv\u00e9 une surprise \u00e0 leurs invit\u00e9s : le num\u00e9ro de <a href=\"http:\/\/gregpoppe.com\/\" target=\"_blank\">Greg Poppe, magicien<\/a> talentueux et plein d\u2019humour, suivi de close-up et tours tout simplement \u00e9poustouflants, tout au le long du repas.<\/p>\n<p><a href=\"http:\/\/lh5.ggpht.com\/__MnoThhEels\/SlpkYMSGwaI\/AAAAAAAAGZ0\/vt0vyfbHPn4\/s1600-h\/VEFR_D_1152.jpg\" target=\"_blank\"><img loading=\"lazy\" decoding=\"async\" style=\"border-width: 0px; display: inline;\" title=\"\" alt=\"\" src=\"http:\/\/lh4.ggpht.com\/__MnoThhEels\/SlpkYqsrb4I\/AAAAAAAAGZ4\/dndnKQrDarY\/VEFR_D_115_thumb.jpg?imgmax=800\" width=\"804\" height=\"536\" border=\"0\" \/><\/a><\/p>\n<p>Je vous invite \u00e0 revivre cette magnifique journ\u00e9e sous la forme d\u2019un diaporama musical :<\/p>\n<p><a href=\"http:\/\/www.thierryseguin.com\/diaporamas\/VEFR\/\">http:\/\/www.thierryseguin.com\/diaporamas\/VEFR\/<\/a><\/p>\n<p>http:\/\/www.thierryseguin.com\/diaporamas\/VEFR\/showit.swf<\/p>\n","protected":false},"excerpt":{"rendered":"<p>20 juin 2009 \u00e0 Saint-Germain-en-Laye Encore un couple adorable ! le lundi j\u2019\u00e9tais touch\u00e9 de recevoir ce petit mail : \u201cThierry, de retour de week-end pour nous remettre de nos \u00e9motions et &#8220;atterrir&#8221;, nous tenions \u00e0 vous renouveler nos plus chaleureux remerciements. Nous avons appr\u00e9ci\u00e9 votre professionnalisme, vos id\u00e9es de mise en sc\u00e8ne et votre...<\/p>\n","protected":false},"author":1,"featured_media":0,"comment_status":"open","ping_status":"open","sticky":false,"template":"","format":"standard","meta":{"pp_embeds":"","footnotes":""},"categories":[197],"tags":[7,344,346,345],"class_list":["post-40","post","type-post","status-publish","format-standard","hentry","category-photographe-mariage","tag-photographe-78","tag-photographe-de-mariage-yvelines-78","tag-photographe-mariage-domaine-de-la-longere-a-poigny-la-foret","tag-photographe-mariage-saint-germain-en-laye"],"yoast_head":"<!-- This site is optimized with the Yoast SEO plugin v27.5 - https:\/\/yoast.com\/product\/yoast-seo-wordpress\/ -->\n<title>Mariage de V\u00e9ronique et Fr\u00e9d\u00e9ric (Photographe mariage : Thierry Seguin) -<\/title>\n<meta name=\"robots\" content=\"index, follow, max-snippet:-1, max-image-preview:large, max-video-preview:-1\" \/>\n<link rel=\"canonical\" href=\"https:\/\/thierryseguin.com\/fr\/blog\/2009\/07\/12\/mariage-de-veronique-et-frederic-photographe-mariage-thierry-seguin\/\" \/>\n<meta property=\"og:locale\" content=\"fr_FR\" \/>\n<meta property=\"og:type\" content=\"article\" \/>\n<meta property=\"og:title\" content=\"Mariage de V\u00e9ronique et Fr\u00e9d\u00e9ric (Photographe mariage : Thierry Seguin) -\" \/>\n<meta property=\"og:description\" content=\"20 juin 2009 \u00e0 Saint-Germain-en-Laye Encore un couple adorable ! le lundi j\u2019\u00e9tais touch\u00e9 de recevoir ce petit mail : \u201cThierry, de retour de week-end pour nous remettre de nos \u00e9motions et &#8220;atterrir&#8221;, nous tenions \u00e0 vous renouveler nos plus chaleureux remerciements. Nous avons appr\u00e9ci\u00e9 votre professionnalisme, vos id\u00e9es de mise en sc\u00e8ne et votre [&hellip;]\" \/>\n<meta property=\"og:url\" content=\"https:\/\/thierryseguin.com\/fr\/blog\/2009\/07\/12\/mariage-de-veronique-et-frederic-photographe-mariage-thierry-seguin\/\" \/>\n<meta property=\"og:site_name\" content=\"Thierry Seguin Photographie\" \/>\n<meta property=\"article:publisher\" content=\"https:\/\/www.facebook.com\/ThierrySeguinPhotographie\" \/>\n<meta property=\"article:author\" content=\"https:\/\/www.facebook.com\/ThierrySeguinPhotographie\" \/>\n<meta property=\"article:published_time\" content=\"2009-07-12T14:32:00+00:00\" \/>\n<meta property=\"article:modified_time\" content=\"2014-03-20T15:47:13+00:00\" \/>\n<meta property=\"og:image\" content=\"http:\/\/lh4.ggpht.com\/__MnoThhEels\/SlpkMNbNIqI\/AAAAAAAAGY4\/V5sBtqJHEUM\/VEFR_D_004_thumb1.jpg?imgmax=800\" \/>\n<meta name=\"author\" content=\"Thierry Seguin\" \/>\n<meta name=\"twitter:card\" content=\"summary_large_image\" \/>\n<meta name=\"twitter:creator\" content=\"@Thierry_Seguin\" \/>\n<meta name=\"twitter:site\" content=\"@thierry_seguin\" \/>\n<meta name=\"twitter:label1\" content=\"\u00c9crit par\" \/>\n\t<meta name=\"twitter:data1\" content=\"Thierry Seguin\" \/>\n\t<meta name=\"twitter:label2\" content=\"Dur\u00e9e de lecture estim\u00e9e\" \/>\n\t<meta name=\"twitter:data2\" content=\"2 minutes\" \/>\n<script type=\"application\/ld+json\" class=\"yoast-schema-graph\">{\"@context\":\"https:\\\/\\\/schema.org\",\"@graph\":[{\"@type\":\"Article\",\"@id\":\"https:\\\/\\\/thierryseguin.com\\\/fr\\\/blog\\\/2009\\\/07\\\/12\\\/mariage-de-veronique-et-frederic-photographe-mariage-thierry-seguin\\\/#article\",\"isPartOf\":{\"@id\":\"https:\\\/\\\/thierryseguin.com\\\/fr\\\/blog\\\/2009\\\/07\\\/12\\\/mariage-de-veronique-et-frederic-photographe-mariage-thierry-seguin\\\/\"},\"author\":{\"name\":\"Thierry Seguin\",\"@id\":\"https:\\\/\\\/thierryseguin.com\\\/fr\\\/#\\\/schema\\\/person\\\/8a2177969876d9e522df617b883aabcd\"},\"headline\":\"Mariage de V\u00e9ronique et Fr\u00e9d\u00e9ric (Photographe mariage : Thierry Seguin)\",\"datePublished\":\"2009-07-12T14:32:00+00:00\",\"dateModified\":\"2014-03-20T15:47:13+00:00\",\"mainEntityOfPage\":{\"@id\":\"https:\\\/\\\/thierryseguin.com\\\/fr\\\/blog\\\/2009\\\/07\\\/12\\\/mariage-de-veronique-et-frederic-photographe-mariage-thierry-seguin\\\/\"},\"wordCount\":333,\"commentCount\":1,\"image\":{\"@id\":\"https:\\\/\\\/thierryseguin.com\\\/fr\\\/blog\\\/2009\\\/07\\\/12\\\/mariage-de-veronique-et-frederic-photographe-mariage-thierry-seguin\\\/#primaryimage\"},\"thumbnailUrl\":\"http:\\\/\\\/lh4.ggpht.com\\\/__MnoThhEels\\\/SlpkMNbNIqI\\\/AAAAAAAAGY4\\\/V5sBtqJHEUM\\\/VEFR_D_004_thumb1.jpg?imgmax=800\",\"keywords\":[\"Photographe 78\",\"Photographe de Mariage Yvelines 78\",\"Photographe mariage Domaine de La Long\u00e8re \u00e0 Poigny-la-For\u00eat\",\"Photographe Mariage Saint-Germain en Laye\"],\"articleSection\":[\"Mariage\"],\"inLanguage\":\"fr-FR\",\"potentialAction\":[{\"@type\":\"CommentAction\",\"name\":\"Comment\",\"target\":[\"https:\\\/\\\/thierryseguin.com\\\/fr\\\/blog\\\/2009\\\/07\\\/12\\\/mariage-de-veronique-et-frederic-photographe-mariage-thierry-seguin\\\/#respond\"]}]},{\"@type\":\"WebPage\",\"@id\":\"https:\\\/\\\/thierryseguin.com\\\/fr\\\/blog\\\/2009\\\/07\\\/12\\\/mariage-de-veronique-et-frederic-photographe-mariage-thierry-seguin\\\/\",\"url\":\"https:\\\/\\\/thierryseguin.com\\\/fr\\\/blog\\\/2009\\\/07\\\/12\\\/mariage-de-veronique-et-frederic-photographe-mariage-thierry-seguin\\\/\",\"name\":\"Mariage de V\u00e9ronique et Fr\u00e9d\u00e9ric (Photographe mariage : Thierry Seguin) -\",\"isPartOf\":{\"@id\":\"https:\\\/\\\/thierryseguin.com\\\/fr\\\/#website\"},\"primaryImageOfPage\":{\"@id\":\"https:\\\/\\\/thierryseguin.com\\\/fr\\\/blog\\\/2009\\\/07\\\/12\\\/mariage-de-veronique-et-frederic-photographe-mariage-thierry-seguin\\\/#primaryimage\"},\"image\":{\"@id\":\"https:\\\/\\\/thierryseguin.com\\\/fr\\\/blog\\\/2009\\\/07\\\/12\\\/mariage-de-veronique-et-frederic-photographe-mariage-thierry-seguin\\\/#primaryimage\"},\"thumbnailUrl\":\"http:\\\/\\\/lh4.ggpht.com\\\/__MnoThhEels\\\/SlpkMNbNIqI\\\/AAAAAAAAGY4\\\/V5sBtqJHEUM\\\/VEFR_D_004_thumb1.jpg?imgmax=800\",\"datePublished\":\"2009-07-12T14:32:00+00:00\",\"dateModified\":\"2014-03-20T15:47:13+00:00\",\"author\":{\"@id\":\"https:\\\/\\\/thierryseguin.com\\\/fr\\\/#\\\/schema\\\/person\\\/8a2177969876d9e522df617b883aabcd\"},\"breadcrumb\":{\"@id\":\"https:\\\/\\\/thierryseguin.com\\\/fr\\\/blog\\\/2009\\\/07\\\/12\\\/mariage-de-veronique-et-frederic-photographe-mariage-thierry-seguin\\\/#breadcrumb\"},\"inLanguage\":\"fr-FR\",\"potentialAction\":[{\"@type\":\"ReadAction\",\"target\":[\"https:\\\/\\\/thierryseguin.com\\\/fr\\\/blog\\\/2009\\\/07\\\/12\\\/mariage-de-veronique-et-frederic-photographe-mariage-thierry-seguin\\\/\"]}]},{\"@type\":\"ImageObject\",\"inLanguage\":\"fr-FR\",\"@id\":\"https:\\\/\\\/thierryseguin.com\\\/fr\\\/blog\\\/2009\\\/07\\\/12\\\/mariage-de-veronique-et-frederic-photographe-mariage-thierry-seguin\\\/#primaryimage\",\"url\":\"http:\\\/\\\/lh4.ggpht.com\\\/__MnoThhEels\\\/SlpkMNbNIqI\\\/AAAAAAAAGY4\\\/V5sBtqJHEUM\\\/VEFR_D_004_thumb1.jpg?imgmax=800\",\"contentUrl\":\"http:\\\/\\\/lh4.ggpht.com\\\/__MnoThhEels\\\/SlpkMNbNIqI\\\/AAAAAAAAGY4\\\/V5sBtqJHEUM\\\/VEFR_D_004_thumb1.jpg?imgmax=800\"},{\"@type\":\"BreadcrumbList\",\"@id\":\"https:\\\/\\\/thierryseguin.com\\\/fr\\\/blog\\\/2009\\\/07\\\/12\\\/mariage-de-veronique-et-frederic-photographe-mariage-thierry-seguin\\\/#breadcrumb\",\"itemListElement\":[{\"@type\":\"ListItem\",\"position\":1,\"name\":\"Accueil\",\"item\":\"https:\\\/\\\/thierryseguin.com\\\/fr\\\/\"},{\"@type\":\"ListItem\",\"position\":2,\"name\":\"Mariage de V\u00e9ronique et Fr\u00e9d\u00e9ric (Photographe mariage : Thierry Seguin)\"}]},{\"@type\":\"WebSite\",\"@id\":\"https:\\\/\\\/thierryseguin.com\\\/fr\\\/#website\",\"url\":\"https:\\\/\\\/thierryseguin.com\\\/fr\\\/\",\"name\":\"Thierry Seguin Photographie\",\"description\":\"Photographe de Portrait de Famille, Grossesse, B\u00e9b\u00e9s, Mariage\",\"potentialAction\":[{\"@type\":\"SearchAction\",\"target\":{\"@type\":\"EntryPoint\",\"urlTemplate\":\"https:\\\/\\\/thierryseguin.com\\\/fr\\\/?s={search_term_string}\"},\"query-input\":{\"@type\":\"PropertyValueSpecification\",\"valueRequired\":true,\"valueName\":\"search_term_string\"}}],\"inLanguage\":\"fr-FR\"},{\"@type\":\"Person\",\"@id\":\"https:\\\/\\\/thierryseguin.com\\\/fr\\\/#\\\/schema\\\/person\\\/8a2177969876d9e522df617b883aabcd\",\"name\":\"Thierry Seguin\",\"image\":{\"@type\":\"ImageObject\",\"inLanguage\":\"fr-FR\",\"@id\":\"https:\\\/\\\/secure.gravatar.com\\\/avatar\\\/d49758ec13b28e5f4e60f685b1ae0f54e0ca43c593ce43822c52701982336750?s=96&d=wavatar&r=g\",\"url\":\"https:\\\/\\\/secure.gravatar.com\\\/avatar\\\/d49758ec13b28e5f4e60f685b1ae0f54e0ca43c593ce43822c52701982336750?s=96&d=wavatar&r=g\",\"contentUrl\":\"https:\\\/\\\/secure.gravatar.com\\\/avatar\\\/d49758ec13b28e5f4e60f685b1ae0f54e0ca43c593ce43822c52701982336750?s=96&d=wavatar&r=g\",\"caption\":\"Thierry Seguin\"},\"description\":\"Depuis votre mariage, votre grossesse, puis la naissance de vos enfants, Thierry Seguin Photographie illustre les moments cl\u00e9s de votre vie. Il saisit les instants magiques charg\u00e9s d'\u00e9motions et de joie, tout au long de l\u2019inoubliable journ\u00e9e de votre mariage. Sa sensibilit\u00e9 s'exprime \u00e9galement lors de s\u00e9ances portraits originales et cr\u00e9atives, dont la s\u00e9ance \\\"amoureux\\\" et la s\u00e9ance \\\"Couple Mari\u00e9\\\" ou \\\"Trash The Dress\\\". Des livres-albums de grande qualit\u00e9, originaux et personnalis\u00e9s, des diaporamas et DVD avec droits c\u00e9d\u00e9s, sont les supports intemporels de ce grand jour. Install\u00e9 \u00e0 Viroflay, pr\u00e8s de Paris et Versailles, le photographe vous re\u00e7oit dans la galerie de son studio. Il couvre votre reportage en France, comme \u00e0 l'\u00e9tranger.\",\"sameAs\":[\"http:\\\/\\\/www.thierryseguin.com\",\"https:\\\/\\\/www.facebook.com\\\/ThierrySeguinPhotographie\",\"https:\\\/\\\/x.com\\\/Thierry_Seguin\"]}]}<\/script>\n<!-- \/ Yoast SEO plugin. -->","yoast_head_json":{"title":"Mariage de V\u00e9ronique et Fr\u00e9d\u00e9ric (Photographe mariage : Thierry Seguin) -","robots":{"index":"index","follow":"follow","max-snippet":"max-snippet:-1","max-image-preview":"max-image-preview:large","max-video-preview":"max-video-preview:-1"},"canonical":"https:\/\/thierryseguin.com\/fr\/blog\/2009\/07\/12\/mariage-de-veronique-et-frederic-photographe-mariage-thierry-seguin\/","og_locale":"fr_FR","og_type":"article","og_title":"Mariage de V\u00e9ronique et Fr\u00e9d\u00e9ric (Photographe mariage : Thierry Seguin) -","og_description":"20 juin 2009 \u00e0 Saint-Germain-en-Laye Encore un couple adorable ! le lundi j\u2019\u00e9tais touch\u00e9 de recevoir ce petit mail : \u201cThierry, de retour de week-end pour nous remettre de nos \u00e9motions et &#8220;atterrir&#8221;, nous tenions \u00e0 vous renouveler nos plus chaleureux remerciements. Nous avons appr\u00e9ci\u00e9 votre professionnalisme, vos id\u00e9es de mise en sc\u00e8ne et votre [&hellip;]","og_url":"https:\/\/thierryseguin.com\/fr\/blog\/2009\/07\/12\/mariage-de-veronique-et-frederic-photographe-mariage-thierry-seguin\/","og_site_name":"Thierry Seguin Photographie","article_publisher":"https:\/\/www.facebook.com\/ThierrySeguinPhotographie","article_author":"https:\/\/www.facebook.com\/ThierrySeguinPhotographie","article_published_time":"2009-07-12T14:32:00+00:00","article_modified_time":"2014-03-20T15:47:13+00:00","og_image":[{"url":"http:\/\/lh4.ggpht.com\/__MnoThhEels\/SlpkMNbNIqI\/AAAAAAAAGY4\/V5sBtqJHEUM\/VEFR_D_004_thumb1.jpg?imgmax=800","type":"","width":"","height":""}],"author":"Thierry Seguin","twitter_card":"summary_large_image","twitter_creator":"@Thierry_Seguin","twitter_site":"@thierry_seguin","twitter_misc":{"\u00c9crit par":"Thierry Seguin","Dur\u00e9e de lecture estim\u00e9e":"2 minutes"},"schema":{"@context":"https:\/\/schema.org","@graph":[{"@type":"Article","@id":"https:\/\/thierryseguin.com\/fr\/blog\/2009\/07\/12\/mariage-de-veronique-et-frederic-photographe-mariage-thierry-seguin\/#article","isPartOf":{"@id":"https:\/\/thierryseguin.com\/fr\/blog\/2009\/07\/12\/mariage-de-veronique-et-frederic-photographe-mariage-thierry-seguin\/"},"author":{"name":"Thierry Seguin","@id":"https:\/\/thierryseguin.com\/fr\/#\/schema\/person\/8a2177969876d9e522df617b883aabcd"},"headline":"Mariage de V\u00e9ronique et Fr\u00e9d\u00e9ric (Photographe mariage : Thierry Seguin)","datePublished":"2009-07-12T14:32:00+00:00","dateModified":"2014-03-20T15:47:13+00:00","mainEntityOfPage":{"@id":"https:\/\/thierryseguin.com\/fr\/blog\/2009\/07\/12\/mariage-de-veronique-et-frederic-photographe-mariage-thierry-seguin\/"},"wordCount":333,"commentCount":1,"image":{"@id":"https:\/\/thierryseguin.com\/fr\/blog\/2009\/07\/12\/mariage-de-veronique-et-frederic-photographe-mariage-thierry-seguin\/#primaryimage"},"thumbnailUrl":"http:\/\/lh4.ggpht.com\/__MnoThhEels\/SlpkMNbNIqI\/AAAAAAAAGY4\/V5sBtqJHEUM\/VEFR_D_004_thumb1.jpg?imgmax=800","keywords":["Photographe 78","Photographe de Mariage Yvelines 78","Photographe mariage Domaine de La Long\u00e8re \u00e0 Poigny-la-For\u00eat","Photographe Mariage Saint-Germain en Laye"],"articleSection":["Mariage"],"inLanguage":"fr-FR","potentialAction":[{"@type":"CommentAction","name":"Comment","target":["https:\/\/thierryseguin.com\/fr\/blog\/2009\/07\/12\/mariage-de-veronique-et-frederic-photographe-mariage-thierry-seguin\/#respond"]}]},{"@type":"WebPage","@id":"https:\/\/thierryseguin.com\/fr\/blog\/2009\/07\/12\/mariage-de-veronique-et-frederic-photographe-mariage-thierry-seguin\/","url":"https:\/\/thierryseguin.com\/fr\/blog\/2009\/07\/12\/mariage-de-veronique-et-frederic-photographe-mariage-thierry-seguin\/","name":"Mariage de V\u00e9ronique et Fr\u00e9d\u00e9ric (Photographe mariage : Thierry Seguin) -","isPartOf":{"@id":"https:\/\/thierryseguin.com\/fr\/#website"},"primaryImageOfPage":{"@id":"https:\/\/thierryseguin.com\/fr\/blog\/2009\/07\/12\/mariage-de-veronique-et-frederic-photographe-mariage-thierry-seguin\/#primaryimage"},"image":{"@id":"https:\/\/thierryseguin.com\/fr\/blog\/2009\/07\/12\/mariage-de-veronique-et-frederic-photographe-mariage-thierry-seguin\/#primaryimage"},"thumbnailUrl":"http:\/\/lh4.ggpht.com\/__MnoThhEels\/SlpkMNbNIqI\/AAAAAAAAGY4\/V5sBtqJHEUM\/VEFR_D_004_thumb1.jpg?imgmax=800","datePublished":"2009-07-12T14:32:00+00:00","dateModified":"2014-03-20T15:47:13+00:00","author":{"@id":"https:\/\/thierryseguin.com\/fr\/#\/schema\/person\/8a2177969876d9e522df617b883aabcd"},"breadcrumb":{"@id":"https:\/\/thierryseguin.com\/fr\/blog\/2009\/07\/12\/mariage-de-veronique-et-frederic-photographe-mariage-thierry-seguin\/#breadcrumb"},"inLanguage":"fr-FR","potentialAction":[{"@type":"ReadAction","target":["https:\/\/thierryseguin.com\/fr\/blog\/2009\/07\/12\/mariage-de-veronique-et-frederic-photographe-mariage-thierry-seguin\/"]}]},{"@type":"ImageObject","inLanguage":"fr-FR","@id":"https:\/\/thierryseguin.com\/fr\/blog\/2009\/07\/12\/mariage-de-veronique-et-frederic-photographe-mariage-thierry-seguin\/#primaryimage","url":"http:\/\/lh4.ggpht.com\/__MnoThhEels\/SlpkMNbNIqI\/AAAAAAAAGY4\/V5sBtqJHEUM\/VEFR_D_004_thumb1.jpg?imgmax=800","contentUrl":"http:\/\/lh4.ggpht.com\/__MnoThhEels\/SlpkMNbNIqI\/AAAAAAAAGY4\/V5sBtqJHEUM\/VEFR_D_004_thumb1.jpg?imgmax=800"},{"@type":"BreadcrumbList","@id":"https:\/\/thierryseguin.com\/fr\/blog\/2009\/07\/12\/mariage-de-veronique-et-frederic-photographe-mariage-thierry-seguin\/#breadcrumb","itemListElement":[{"@type":"ListItem","position":1,"name":"Accueil","item":"https:\/\/thierryseguin.com\/fr\/"},{"@type":"ListItem","position":2,"name":"Mariage de V\u00e9ronique et Fr\u00e9d\u00e9ric (Photographe mariage : Thierry Seguin)"}]},{"@type":"WebSite","@id":"https:\/\/thierryseguin.com\/fr\/#website","url":"https:\/\/thierryseguin.com\/fr\/","name":"Thierry Seguin Photographie","description":"Photographe de Portrait de Famille, Grossesse, B\u00e9b\u00e9s, Mariage","potentialAction":[{"@type":"SearchAction","target":{"@type":"EntryPoint","urlTemplate":"https:\/\/thierryseguin.com\/fr\/?s={search_term_string}"},"query-input":{"@type":"PropertyValueSpecification","valueRequired":true,"valueName":"search_term_string"}}],"inLanguage":"fr-FR"},{"@type":"Person","@id":"https:\/\/thierryseguin.com\/fr\/#\/schema\/person\/8a2177969876d9e522df617b883aabcd","name":"Thierry Seguin","image":{"@type":"ImageObject","inLanguage":"fr-FR","@id":"https:\/\/secure.gravatar.com\/avatar\/d49758ec13b28e5f4e60f685b1ae0f54e0ca43c593ce43822c52701982336750?s=96&d=wavatar&r=g","url":"https:\/\/secure.gravatar.com\/avatar\/d49758ec13b28e5f4e60f685b1ae0f54e0ca43c593ce43822c52701982336750?s=96&d=wavatar&r=g","contentUrl":"https:\/\/secure.gravatar.com\/avatar\/d49758ec13b28e5f4e60f685b1ae0f54e0ca43c593ce43822c52701982336750?s=96&d=wavatar&r=g","caption":"Thierry Seguin"},"description":"Depuis votre mariage, votre grossesse, puis la naissance de vos enfants, Thierry Seguin Photographie illustre les moments cl\u00e9s de votre vie. Il saisit les instants magiques charg\u00e9s d'\u00e9motions et de joie, tout au long de l\u2019inoubliable journ\u00e9e de votre mariage. Sa sensibilit\u00e9 s'exprime \u00e9galement lors de s\u00e9ances portraits originales et cr\u00e9atives, dont la s\u00e9ance \"amoureux\" et la s\u00e9ance \"Couple Mari\u00e9\" ou \"Trash The Dress\". Des livres-albums de grande qualit\u00e9, originaux et personnalis\u00e9s, des diaporamas et DVD avec droits c\u00e9d\u00e9s, sont les supports intemporels de ce grand jour. Install\u00e9 \u00e0 Viroflay, pr\u00e8s de Paris et Versailles, le photographe vous re\u00e7oit dans la galerie de son studio. Il couvre votre reportage en France, comme \u00e0 l'\u00e9tranger.","sameAs":["http:\/\/www.thierryseguin.com","https:\/\/www.facebook.com\/ThierrySeguinPhotographie","https:\/\/x.com\/Thierry_Seguin"]}]}},"_links":{"self":[{"href":"https:\/\/thierryseguin.com\/fr\/wp-json\/wp\/v2\/posts\/40","targetHints":{"allow":["GET"]}}],"collection":[{"href":"https:\/\/thierryseguin.com\/fr\/wp-json\/wp\/v2\/posts"}],"about":[{"href":"https:\/\/thierryseguin.com\/fr\/wp-json\/wp\/v2\/types\/post"}],"author":[{"embeddable":true,"href":"https:\/\/thierryseguin.com\/fr\/wp-json\/wp\/v2\/users\/1"}],"replies":[{"embeddable":true,"href":"https:\/\/thierryseguin.com\/fr\/wp-json\/wp\/v2\/comments?post=40"}],"version-history":[{"count":7,"href":"https:\/\/thierryseguin.com\/fr\/wp-json\/wp\/v2\/posts\/40\/revisions"}],"predecessor-version":[{"id":6375,"href":"https:\/\/thierryseguin.com\/fr\/wp-json\/wp\/v2\/posts\/40\/revisions\/6375"}],"wp:attachment":[{"href":"https:\/\/thierryseguin.com\/fr\/wp-json\/wp\/v2\/media?parent=40"}],"wp:term":[{"taxonomy":"category","embeddable":true,"href":"https:\/\/thierryseguin.com\/fr\/wp-json\/wp\/v2\/categories?post=40"},{"taxonomy":"post_tag","embeddable":true,"href":"https:\/\/thierryseguin.com\/fr\/wp-json\/wp\/v2\/tags?post=40"}],"curies":[{"name":"wp","href":"https:\/\/api.w.org\/{rel}","templated":true}]}}