{"id":727,"date":"2011-06-08T11:36:48","date_gmt":"2011-06-08T10:36:48","guid":{"rendered":"http:\/\/www.thierryseguin.com\/fr\/?p=727"},"modified":"2011-06-15T12:52:15","modified_gmt":"2011-06-15T11:52:15","slug":"jeu-concours-photo-ma-tribu","status":"publish","type":"post","link":"https:\/\/thierryseguin.com\/fr\/blog\/2011\/06\/08\/jeu-concours-photo-ma-tribu\/","title":{"rendered":"Jeu concours photo &#8220;Ma Tribu&#8221;"},"content":{"rendered":"<p>Afin de promouvoir la photo de famille moderne et ludique, j&#8217;organise un jeu-concours appel\u00e9 &#8220;Ma tribu&#8221;.<\/p>\n<div id=\"attachment_730\" style=\"width: 210px\" class=\"wp-caption aligncenter\"><a href=\"http:\/\/www.thierryseguin.com\/fr\/wp-content\/uploads\/2011\/06\/187774_157005151031467_896152_n1.jpg\"><img loading=\"lazy\" decoding=\"async\" aria-describedby=\"caption-attachment-730\" class=\"size-full wp-image-730\" title=\"Portrait de famille\" src=\"http:\/\/www.thierryseguin.com\/fr\/wp-content\/uploads\/2011\/06\/187774_157005151031467_896152_n1.jpg\" alt=\"Photo de famille\" width=\"200\" height=\"133\" srcset=\"https:\/\/thierryseguin.com\/fr\/wp-content\/uploads\/2011\/06\/187774_157005151031467_896152_n1.jpg 200w, https:\/\/thierryseguin.com\/fr\/wp-content\/uploads\/2011\/06\/187774_157005151031467_896152_n1-125x83.jpg 125w, https:\/\/thierryseguin.com\/fr\/wp-content\/uploads\/2011\/06\/187774_157005151031467_896152_n1-100x66.jpg 100w\" sizes=\"auto, (max-width: 200px) 100vw, 200px\" \/><\/a><p id=\"caption-attachment-730\" class=\"wp-caption-text\">Photos de famille<\/p><\/div>\n<p>Les relations au sein de la tribu seront exprim\u00e9es dans une s\u00e9rie de photos : complicit\u00e9, amour, comp\u00e9tition, rebellion,&#8230;<\/p>\n<p>Les prises de vue s\u2019effectueront gratuitement et sans obligation d\u2019achat \u00e0 mon studio du 26 mai au 25 juin 2011, et sur mon stand (210) \u00e0 la f\u00eate de la ville de Viroflay le 19 juin 2011.<\/p>\n<p>Le jeu consiste \u00e0 r\u00e9aliser des photos au sein d\u2019une m\u00eame tribu (famille) , avec pr\u00e9sence obligatoire d\u2019au moins un adulte.<\/p>\n<p>Un vote sur Facebook des photos pr\u00e9f\u00e9r\u00e9es permettra d&#8217;\u00e9lire les 3 gagnants.<\/p>\n<p>Le jeux est dot\u00e9 de bons d&#8217;achats et bons cadeaux d&#8217;une valeur totale de 351 \u20ac.<\/p>\n<p>Participation souhait\u00e9e des enfants et ados, mais aussi des grands-parents, dans la mesure du possible. Les couples sans enfants sont \u00e9galement les bienvenus.<\/p>\n<p>Pour participer, ou simplement prendre des renseignements, appelez moi au 01 30 24 43 72, ou contactez moi par le <a href=\"https:\/\/spreadsheets.google.com\/viewform?hl=fr&amp;formkey=dHBPQkJsazZsZVFUSV95VEhfZktuWFE6MA#gid=0\">formulaire<\/a>.<\/p>\n<p>Faites le savoir autour de vous, \u00e0 vos amis, familles, coll\u00e8gues de travail afin que ce soit un vrai succ\u00e8s&#8230;<br \/>\nJe compte comme d&#8217;habitude sur vous\u2026<\/p>\n","protected":false},"excerpt":{"rendered":"<p>Afin de promouvoir la photo de famille moderne et ludique, j&#8217;organise un jeu-concours appel\u00e9 &#8220;Ma tribu&#8221;. Les relations au sein de la tribu seront exprim\u00e9es dans une s\u00e9rie de photos : complicit\u00e9, amour, comp\u00e9tition, rebellion,&#8230; Les prises de vue s\u2019effectueront gratuitement et sans obligation d\u2019achat \u00e0 mon studio du 26 mai au 25 juin 2011,...<\/p>\n","protected":false},"author":1,"featured_media":0,"comment_status":"open","ping_status":"open","sticky":false,"template":"","format":"standard","meta":{"pp_embeds":"","footnotes":""},"categories":[207,190],"tags":[],"class_list":["post-727","post","type-post","status-publish","format-standard","hentry","category-concours-photo","category-idee-cadeau"],"yoast_head":"<!-- This site is optimized with the Yoast SEO plugin v27.5 - https:\/\/yoast.com\/product\/yoast-seo-wordpress\/ -->\n<title>Jeu concours photo &quot;Ma Tribu&quot; -<\/title>\n<meta name=\"robots\" content=\"index, follow, max-snippet:-1, max-image-preview:large, max-video-preview:-1\" \/>\n<link rel=\"canonical\" href=\"https:\/\/thierryseguin.com\/fr\/blog\/2011\/06\/08\/jeu-concours-photo-ma-tribu\/\" \/>\n<meta property=\"og:locale\" content=\"fr_FR\" \/>\n<meta property=\"og:type\" content=\"article\" \/>\n<meta property=\"og:title\" content=\"Jeu concours photo &quot;Ma Tribu&quot; -\" \/>\n<meta property=\"og:description\" content=\"Afin de promouvoir la photo de famille moderne et ludique, j&#8217;organise un jeu-concours appel\u00e9 &#8220;Ma tribu&#8221;. Les relations au sein de la tribu seront exprim\u00e9es dans une s\u00e9rie de photos : complicit\u00e9, amour, comp\u00e9tition, rebellion,&#8230; Les prises de vue s\u2019effectueront gratuitement et sans obligation d\u2019achat \u00e0 mon studio du 26 mai au 25 juin 2011, [&hellip;]\" \/>\n<meta property=\"og:url\" content=\"https:\/\/thierryseguin.com\/fr\/blog\/2011\/06\/08\/jeu-concours-photo-ma-tribu\/\" \/>\n<meta property=\"og:site_name\" content=\"Thierry Seguin Photographie\" \/>\n<meta property=\"article:publisher\" content=\"https:\/\/www.facebook.com\/ThierrySeguinPhotographie\" \/>\n<meta property=\"article:author\" content=\"https:\/\/www.facebook.com\/ThierrySeguinPhotographie\" \/>\n<meta property=\"article:published_time\" content=\"2011-06-08T10:36:48+00:00\" \/>\n<meta property=\"article:modified_time\" content=\"2011-06-15T11:52:15+00:00\" \/>\n<meta property=\"og:image\" content=\"http:\/\/www.thierryseguin.com\/fr\/wp-content\/uploads\/2011\/06\/187774_157005151031467_896152_n1.jpg\" \/>\n<meta name=\"author\" content=\"Thierry Seguin\" \/>\n<meta name=\"twitter:card\" content=\"summary_large_image\" \/>\n<meta name=\"twitter:creator\" content=\"@Thierry_Seguin\" \/>\n<meta name=\"twitter:site\" content=\"@thierry_seguin\" \/>\n<meta name=\"twitter:label1\" content=\"\u00c9crit par\" \/>\n\t<meta name=\"twitter:data1\" content=\"Thierry Seguin\" \/>\n\t<meta name=\"twitter:label2\" content=\"Dur\u00e9e de lecture estim\u00e9e\" \/>\n\t<meta name=\"twitter:data2\" content=\"1 minute\" \/>\n<script type=\"application\/ld+json\" class=\"yoast-schema-graph\">{\"@context\":\"https:\\\/\\\/schema.org\",\"@graph\":[{\"@type\":\"Article\",\"@id\":\"https:\\\/\\\/thierryseguin.com\\\/fr\\\/blog\\\/2011\\\/06\\\/08\\\/jeu-concours-photo-ma-tribu\\\/#article\",\"isPartOf\":{\"@id\":\"https:\\\/\\\/thierryseguin.com\\\/fr\\\/blog\\\/2011\\\/06\\\/08\\\/jeu-concours-photo-ma-tribu\\\/\"},\"author\":{\"name\":\"Thierry Seguin\",\"@id\":\"https:\\\/\\\/thierryseguin.com\\\/fr\\\/#\\\/schema\\\/person\\\/8a2177969876d9e522df617b883aabcd\"},\"headline\":\"Jeu concours photo &#8220;Ma Tribu&#8221;\",\"datePublished\":\"2011-06-08T10:36:48+00:00\",\"dateModified\":\"2011-06-15T11:52:15+00:00\",\"mainEntityOfPage\":{\"@id\":\"https:\\\/\\\/thierryseguin.com\\\/fr\\\/blog\\\/2011\\\/06\\\/08\\\/jeu-concours-photo-ma-tribu\\\/\"},\"wordCount\":205,\"commentCount\":1,\"image\":{\"@id\":\"https:\\\/\\\/thierryseguin.com\\\/fr\\\/blog\\\/2011\\\/06\\\/08\\\/jeu-concours-photo-ma-tribu\\\/#primaryimage\"},\"thumbnailUrl\":\"http:\\\/\\\/www.thierryseguin.com\\\/fr\\\/wp-content\\\/uploads\\\/2011\\\/06\\\/187774_157005151031467_896152_n1.jpg\",\"articleSection\":[\"Concours photo\",\"Id\u00e9e cadeau\"],\"inLanguage\":\"fr-FR\",\"potentialAction\":[{\"@type\":\"CommentAction\",\"name\":\"Comment\",\"target\":[\"https:\\\/\\\/thierryseguin.com\\\/fr\\\/blog\\\/2011\\\/06\\\/08\\\/jeu-concours-photo-ma-tribu\\\/#respond\"]}]},{\"@type\":\"WebPage\",\"@id\":\"https:\\\/\\\/thierryseguin.com\\\/fr\\\/blog\\\/2011\\\/06\\\/08\\\/jeu-concours-photo-ma-tribu\\\/\",\"url\":\"https:\\\/\\\/thierryseguin.com\\\/fr\\\/blog\\\/2011\\\/06\\\/08\\\/jeu-concours-photo-ma-tribu\\\/\",\"name\":\"Jeu concours photo \\\"Ma Tribu\\\" -\",\"isPartOf\":{\"@id\":\"https:\\\/\\\/thierryseguin.com\\\/fr\\\/#website\"},\"primaryImageOfPage\":{\"@id\":\"https:\\\/\\\/thierryseguin.com\\\/fr\\\/blog\\\/2011\\\/06\\\/08\\\/jeu-concours-photo-ma-tribu\\\/#primaryimage\"},\"image\":{\"@id\":\"https:\\\/\\\/thierryseguin.com\\\/fr\\\/blog\\\/2011\\\/06\\\/08\\\/jeu-concours-photo-ma-tribu\\\/#primaryimage\"},\"thumbnailUrl\":\"http:\\\/\\\/www.thierryseguin.com\\\/fr\\\/wp-content\\\/uploads\\\/2011\\\/06\\\/187774_157005151031467_896152_n1.jpg\",\"datePublished\":\"2011-06-08T10:36:48+00:00\",\"dateModified\":\"2011-06-15T11:52:15+00:00\",\"author\":{\"@id\":\"https:\\\/\\\/thierryseguin.com\\\/fr\\\/#\\\/schema\\\/person\\\/8a2177969876d9e522df617b883aabcd\"},\"breadcrumb\":{\"@id\":\"https:\\\/\\\/thierryseguin.com\\\/fr\\\/blog\\\/2011\\\/06\\\/08\\\/jeu-concours-photo-ma-tribu\\\/#breadcrumb\"},\"inLanguage\":\"fr-FR\",\"potentialAction\":[{\"@type\":\"ReadAction\",\"target\":[\"https:\\\/\\\/thierryseguin.com\\\/fr\\\/blog\\\/2011\\\/06\\\/08\\\/jeu-concours-photo-ma-tribu\\\/\"]}]},{\"@type\":\"ImageObject\",\"inLanguage\":\"fr-FR\",\"@id\":\"https:\\\/\\\/thierryseguin.com\\\/fr\\\/blog\\\/2011\\\/06\\\/08\\\/jeu-concours-photo-ma-tribu\\\/#primaryimage\",\"url\":\"http:\\\/\\\/www.thierryseguin.com\\\/fr\\\/wp-content\\\/uploads\\\/2011\\\/06\\\/187774_157005151031467_896152_n1.jpg\",\"contentUrl\":\"http:\\\/\\\/www.thierryseguin.com\\\/fr\\\/wp-content\\\/uploads\\\/2011\\\/06\\\/187774_157005151031467_896152_n1.jpg\"},{\"@type\":\"BreadcrumbList\",\"@id\":\"https:\\\/\\\/thierryseguin.com\\\/fr\\\/blog\\\/2011\\\/06\\\/08\\\/jeu-concours-photo-ma-tribu\\\/#breadcrumb\",\"itemListElement\":[{\"@type\":\"ListItem\",\"position\":1,\"name\":\"Accueil\",\"item\":\"https:\\\/\\\/thierryseguin.com\\\/fr\\\/\"},{\"@type\":\"ListItem\",\"position\":2,\"name\":\"Jeu concours photo &#8220;Ma Tribu&#8221;\"}]},{\"@type\":\"WebSite\",\"@id\":\"https:\\\/\\\/thierryseguin.com\\\/fr\\\/#website\",\"url\":\"https:\\\/\\\/thierryseguin.com\\\/fr\\\/\",\"name\":\"Thierry Seguin Photographie\",\"description\":\"Photographe de Portrait de Famille, Grossesse, B\u00e9b\u00e9s, Mariage\",\"potentialAction\":[{\"@type\":\"SearchAction\",\"target\":{\"@type\":\"EntryPoint\",\"urlTemplate\":\"https:\\\/\\\/thierryseguin.com\\\/fr\\\/?s={search_term_string}\"},\"query-input\":{\"@type\":\"PropertyValueSpecification\",\"valueRequired\":true,\"valueName\":\"search_term_string\"}}],\"inLanguage\":\"fr-FR\"},{\"@type\":\"Person\",\"@id\":\"https:\\\/\\\/thierryseguin.com\\\/fr\\\/#\\\/schema\\\/person\\\/8a2177969876d9e522df617b883aabcd\",\"name\":\"Thierry Seguin\",\"image\":{\"@type\":\"ImageObject\",\"inLanguage\":\"fr-FR\",\"@id\":\"https:\\\/\\\/secure.gravatar.com\\\/avatar\\\/d49758ec13b28e5f4e60f685b1ae0f54e0ca43c593ce43822c52701982336750?s=96&d=wavatar&r=g\",\"url\":\"https:\\\/\\\/secure.gravatar.com\\\/avatar\\\/d49758ec13b28e5f4e60f685b1ae0f54e0ca43c593ce43822c52701982336750?s=96&d=wavatar&r=g\",\"contentUrl\":\"https:\\\/\\\/secure.gravatar.com\\\/avatar\\\/d49758ec13b28e5f4e60f685b1ae0f54e0ca43c593ce43822c52701982336750?s=96&d=wavatar&r=g\",\"caption\":\"Thierry Seguin\"},\"description\":\"Depuis votre mariage, votre grossesse, puis la naissance de vos enfants, Thierry Seguin Photographie illustre les moments cl\u00e9s de votre vie. Il saisit les instants magiques charg\u00e9s d'\u00e9motions et de joie, tout au long de l\u2019inoubliable journ\u00e9e de votre mariage. Sa sensibilit\u00e9 s'exprime \u00e9galement lors de s\u00e9ances portraits originales et cr\u00e9atives, dont la s\u00e9ance \\\"amoureux\\\" et la s\u00e9ance \\\"Couple Mari\u00e9\\\" ou \\\"Trash The Dress\\\". Des livres-albums de grande qualit\u00e9, originaux et personnalis\u00e9s, des diaporamas et DVD avec droits c\u00e9d\u00e9s, sont les supports intemporels de ce grand jour. Install\u00e9 \u00e0 Viroflay, pr\u00e8s de Paris et Versailles, le photographe vous re\u00e7oit dans la galerie de son studio. Il couvre votre reportage en France, comme \u00e0 l'\u00e9tranger.\",\"sameAs\":[\"http:\\\/\\\/www.thierryseguin.com\",\"https:\\\/\\\/www.facebook.com\\\/ThierrySeguinPhotographie\",\"https:\\\/\\\/x.com\\\/Thierry_Seguin\"]}]}<\/script>\n<!-- \/ Yoast SEO plugin. -->","yoast_head_json":{"title":"Jeu concours photo \"Ma Tribu\" -","robots":{"index":"index","follow":"follow","max-snippet":"max-snippet:-1","max-image-preview":"max-image-preview:large","max-video-preview":"max-video-preview:-1"},"canonical":"https:\/\/thierryseguin.com\/fr\/blog\/2011\/06\/08\/jeu-concours-photo-ma-tribu\/","og_locale":"fr_FR","og_type":"article","og_title":"Jeu concours photo \"Ma Tribu\" -","og_description":"Afin de promouvoir la photo de famille moderne et ludique, j&#8217;organise un jeu-concours appel\u00e9 &#8220;Ma tribu&#8221;. Les relations au sein de la tribu seront exprim\u00e9es dans une s\u00e9rie de photos : complicit\u00e9, amour, comp\u00e9tition, rebellion,&#8230; Les prises de vue s\u2019effectueront gratuitement et sans obligation d\u2019achat \u00e0 mon studio du 26 mai au 25 juin 2011, [&hellip;]","og_url":"https:\/\/thierryseguin.com\/fr\/blog\/2011\/06\/08\/jeu-concours-photo-ma-tribu\/","og_site_name":"Thierry Seguin Photographie","article_publisher":"https:\/\/www.facebook.com\/ThierrySeguinPhotographie","article_author":"https:\/\/www.facebook.com\/ThierrySeguinPhotographie","article_published_time":"2011-06-08T10:36:48+00:00","article_modified_time":"2011-06-15T11:52:15+00:00","og_image":[{"url":"http:\/\/www.thierryseguin.com\/fr\/wp-content\/uploads\/2011\/06\/187774_157005151031467_896152_n1.jpg","type":"","width":"","height":""}],"author":"Thierry Seguin","twitter_card":"summary_large_image","twitter_creator":"@Thierry_Seguin","twitter_site":"@thierry_seguin","twitter_misc":{"\u00c9crit par":"Thierry Seguin","Dur\u00e9e de lecture estim\u00e9e":"1 minute"},"schema":{"@context":"https:\/\/schema.org","@graph":[{"@type":"Article","@id":"https:\/\/thierryseguin.com\/fr\/blog\/2011\/06\/08\/jeu-concours-photo-ma-tribu\/#article","isPartOf":{"@id":"https:\/\/thierryseguin.com\/fr\/blog\/2011\/06\/08\/jeu-concours-photo-ma-tribu\/"},"author":{"name":"Thierry Seguin","@id":"https:\/\/thierryseguin.com\/fr\/#\/schema\/person\/8a2177969876d9e522df617b883aabcd"},"headline":"Jeu concours photo &#8220;Ma Tribu&#8221;","datePublished":"2011-06-08T10:36:48+00:00","dateModified":"2011-06-15T11:52:15+00:00","mainEntityOfPage":{"@id":"https:\/\/thierryseguin.com\/fr\/blog\/2011\/06\/08\/jeu-concours-photo-ma-tribu\/"},"wordCount":205,"commentCount":1,"image":{"@id":"https:\/\/thierryseguin.com\/fr\/blog\/2011\/06\/08\/jeu-concours-photo-ma-tribu\/#primaryimage"},"thumbnailUrl":"http:\/\/www.thierryseguin.com\/fr\/wp-content\/uploads\/2011\/06\/187774_157005151031467_896152_n1.jpg","articleSection":["Concours photo","Id\u00e9e cadeau"],"inLanguage":"fr-FR","potentialAction":[{"@type":"CommentAction","name":"Comment","target":["https:\/\/thierryseguin.com\/fr\/blog\/2011\/06\/08\/jeu-concours-photo-ma-tribu\/#respond"]}]},{"@type":"WebPage","@id":"https:\/\/thierryseguin.com\/fr\/blog\/2011\/06\/08\/jeu-concours-photo-ma-tribu\/","url":"https:\/\/thierryseguin.com\/fr\/blog\/2011\/06\/08\/jeu-concours-photo-ma-tribu\/","name":"Jeu concours photo \"Ma Tribu\" -","isPartOf":{"@id":"https:\/\/thierryseguin.com\/fr\/#website"},"primaryImageOfPage":{"@id":"https:\/\/thierryseguin.com\/fr\/blog\/2011\/06\/08\/jeu-concours-photo-ma-tribu\/#primaryimage"},"image":{"@id":"https:\/\/thierryseguin.com\/fr\/blog\/2011\/06\/08\/jeu-concours-photo-ma-tribu\/#primaryimage"},"thumbnailUrl":"http:\/\/www.thierryseguin.com\/fr\/wp-content\/uploads\/2011\/06\/187774_157005151031467_896152_n1.jpg","datePublished":"2011-06-08T10:36:48+00:00","dateModified":"2011-06-15T11:52:15+00:00","author":{"@id":"https:\/\/thierryseguin.com\/fr\/#\/schema\/person\/8a2177969876d9e522df617b883aabcd"},"breadcrumb":{"@id":"https:\/\/thierryseguin.com\/fr\/blog\/2011\/06\/08\/jeu-concours-photo-ma-tribu\/#breadcrumb"},"inLanguage":"fr-FR","potentialAction":[{"@type":"ReadAction","target":["https:\/\/thierryseguin.com\/fr\/blog\/2011\/06\/08\/jeu-concours-photo-ma-tribu\/"]}]},{"@type":"ImageObject","inLanguage":"fr-FR","@id":"https:\/\/thierryseguin.com\/fr\/blog\/2011\/06\/08\/jeu-concours-photo-ma-tribu\/#primaryimage","url":"http:\/\/www.thierryseguin.com\/fr\/wp-content\/uploads\/2011\/06\/187774_157005151031467_896152_n1.jpg","contentUrl":"http:\/\/www.thierryseguin.com\/fr\/wp-content\/uploads\/2011\/06\/187774_157005151031467_896152_n1.jpg"},{"@type":"BreadcrumbList","@id":"https:\/\/thierryseguin.com\/fr\/blog\/2011\/06\/08\/jeu-concours-photo-ma-tribu\/#breadcrumb","itemListElement":[{"@type":"ListItem","position":1,"name":"Accueil","item":"https:\/\/thierryseguin.com\/fr\/"},{"@type":"ListItem","position":2,"name":"Jeu concours photo &#8220;Ma Tribu&#8221;"}]},{"@type":"WebSite","@id":"https:\/\/thierryseguin.com\/fr\/#website","url":"https:\/\/thierryseguin.com\/fr\/","name":"Thierry Seguin Photographie","description":"Photographe de Portrait de Famille, Grossesse, B\u00e9b\u00e9s, Mariage","potentialAction":[{"@type":"SearchAction","target":{"@type":"EntryPoint","urlTemplate":"https:\/\/thierryseguin.com\/fr\/?s={search_term_string}"},"query-input":{"@type":"PropertyValueSpecification","valueRequired":true,"valueName":"search_term_string"}}],"inLanguage":"fr-FR"},{"@type":"Person","@id":"https:\/\/thierryseguin.com\/fr\/#\/schema\/person\/8a2177969876d9e522df617b883aabcd","name":"Thierry Seguin","image":{"@type":"ImageObject","inLanguage":"fr-FR","@id":"https:\/\/secure.gravatar.com\/avatar\/d49758ec13b28e5f4e60f685b1ae0f54e0ca43c593ce43822c52701982336750?s=96&d=wavatar&r=g","url":"https:\/\/secure.gravatar.com\/avatar\/d49758ec13b28e5f4e60f685b1ae0f54e0ca43c593ce43822c52701982336750?s=96&d=wavatar&r=g","contentUrl":"https:\/\/secure.gravatar.com\/avatar\/d49758ec13b28e5f4e60f685b1ae0f54e0ca43c593ce43822c52701982336750?s=96&d=wavatar&r=g","caption":"Thierry Seguin"},"description":"Depuis votre mariage, votre grossesse, puis la naissance de vos enfants, Thierry Seguin Photographie illustre les moments cl\u00e9s de votre vie. Il saisit les instants magiques charg\u00e9s d'\u00e9motions et de joie, tout au long de l\u2019inoubliable journ\u00e9e de votre mariage. Sa sensibilit\u00e9 s'exprime \u00e9galement lors de s\u00e9ances portraits originales et cr\u00e9atives, dont la s\u00e9ance \"amoureux\" et la s\u00e9ance \"Couple Mari\u00e9\" ou \"Trash The Dress\". Des livres-albums de grande qualit\u00e9, originaux et personnalis\u00e9s, des diaporamas et DVD avec droits c\u00e9d\u00e9s, sont les supports intemporels de ce grand jour. Install\u00e9 \u00e0 Viroflay, pr\u00e8s de Paris et Versailles, le photographe vous re\u00e7oit dans la galerie de son studio. Il couvre votre reportage en France, comme \u00e0 l'\u00e9tranger.","sameAs":["http:\/\/www.thierryseguin.com","https:\/\/www.facebook.com\/ThierrySeguinPhotographie","https:\/\/x.com\/Thierry_Seguin"]}]}},"_links":{"self":[{"href":"https:\/\/thierryseguin.com\/fr\/wp-json\/wp\/v2\/posts\/727","targetHints":{"allow":["GET"]}}],"collection":[{"href":"https:\/\/thierryseguin.com\/fr\/wp-json\/wp\/v2\/posts"}],"about":[{"href":"https:\/\/thierryseguin.com\/fr\/wp-json\/wp\/v2\/types\/post"}],"author":[{"embeddable":true,"href":"https:\/\/thierryseguin.com\/fr\/wp-json\/wp\/v2\/users\/1"}],"replies":[{"embeddable":true,"href":"https:\/\/thierryseguin.com\/fr\/wp-json\/wp\/v2\/comments?post=727"}],"version-history":[{"count":5,"href":"https:\/\/thierryseguin.com\/fr\/wp-json\/wp\/v2\/posts\/727\/revisions"}],"predecessor-version":[{"id":732,"href":"https:\/\/thierryseguin.com\/fr\/wp-json\/wp\/v2\/posts\/727\/revisions\/732"}],"wp:attachment":[{"href":"https:\/\/thierryseguin.com\/fr\/wp-json\/wp\/v2\/media?parent=727"}],"wp:term":[{"taxonomy":"category","embeddable":true,"href":"https:\/\/thierryseguin.com\/fr\/wp-json\/wp\/v2\/categories?post=727"},{"taxonomy":"post_tag","embeddable":true,"href":"https:\/\/thierryseguin.com\/fr\/wp-json\/wp\/v2\/tags?post=727"}],"curies":[{"name":"wp","href":"https:\/\/api.w.org\/{rel}","templated":true}]}}