{"id":746,"date":"2011-07-07T05:46:22","date_gmt":"2011-07-07T03:46:22","guid":{"rendered":"http:\/\/www.thierryseguin.com\/photographe_mariage_75_78_91_92\/?p=746"},"modified":"2022-02-03T02:34:08","modified_gmt":"2022-02-03T00:34:08","slug":"patricia-laurent-reportage-photo-de-mariage-a-la-celle-saint-cloud-le-2-juillet-2011-par-le-photographe-de-mariage-thierry-seguin","status":"publish","type":"post","link":"https:\/\/thierryseguin.com\/fr\/blog\/2011\/07\/07\/patricia-laurent-reportage-photo-de-mariage-a-la-celle-saint-cloud-le-2-juillet-2011-par-le-photographe-de-mariage-thierry-seguin\/","title":{"rendered":"Patricia + Laurent : Reportage photo de mariage \u00e0 la Celle Saint-Cloud le 2 juillet 2011, par le Photographe de mariage Thierry Seguin."},"content":{"rendered":"<p>Un mariage en tout simplicit\u00e9, dans l&#8217;intimit\u00e9 du cercle familial, en pr\u00e9sence du fruit de leur amour. C&#8217;est ainsi que Patricia et Laurent ont d\u00e9cid\u00e9 de se marier \u00e0 la Celle Saint-Cloud, puis de recevoir ce petit monde dans leur appartement.<\/p>\n<p>Lors des pr\u00e9paratifs, Patricia commen\u00e7ait \u00e0 angoisser : Vais-je r\u00e9ussir \u00e0 mettre mon eye-liner sans trembler ? Le blanc de mes chaussures ne jure-t-il pas avec le blanc cr\u00e8me de ma robe ? Pleins d&#8217;interrogations sur lesquelles son photographe la rassurait&#8230; et aidait aussi \u00e0 l&#8217;habillage (fermoirs de la robe et des bracelets&#8230;).<\/p>\n<div id=\"attachment_753\" style=\"width: 650px\" class=\"wp-caption aligncenter\"><a href=\"https:\/\/www.thierryseguin.com\/fr\/?p=746\"><img loading=\"lazy\" decoding=\"async\" aria-describedby=\"caption-attachment-753\" class=\"size-large wp-image-753\" title=\"Pr\u00e9paratifs de Mariage\" src=\"https:\/\/thierryseguin.com\/fr\/wp-content\/uploads\/2011\/07\/DSC_0853-1024x681.jpg\" alt=\"Pose des boucles d'oreille\" width=\"640\" height=\"425\" srcset=\"https:\/\/thierryseguin.com\/fr\/wp-content\/uploads\/2011\/07\/DSC_0853-1024x681.jpg 1024w, https:\/\/thierryseguin.com\/fr\/wp-content\/uploads\/2011\/07\/DSC_0853-200x133.jpg 200w, https:\/\/thierryseguin.com\/fr\/wp-content\/uploads\/2011\/07\/DSC_0853-940x625.jpg 940w, https:\/\/thierryseguin.com\/fr\/wp-content\/uploads\/2011\/07\/DSC_0853-400x266.jpg 400w, https:\/\/thierryseguin.com\/fr\/wp-content\/uploads\/2011\/07\/DSC_0853-125x83.jpg 125w, https:\/\/thierryseguin.com\/fr\/wp-content\/uploads\/2011\/07\/DSC_0853-100x66.jpg 100w, https:\/\/thierryseguin.com\/fr\/wp-content\/uploads\/2011\/07\/DSC_0853-290x193.jpg 290w, https:\/\/thierryseguin.com\/fr\/wp-content\/uploads\/2011\/07\/DSC_0853-625x416.jpg 625w, https:\/\/thierryseguin.com\/fr\/wp-content\/uploads\/2011\/07\/DSC_0853.jpg 1920w\" sizes=\"auto, (max-width: 640px) 100vw, 640px\" \/><\/a><p id=\"caption-attachment-753\" class=\"wp-caption-text\">Pr\u00e9paratifs de la Mari\u00e9e<\/p><\/div>\n<p>&nbsp;<\/p>\n","protected":false},"excerpt":{"rendered":"<p>Un mariage en tout simplicit\u00e9, dans l&#8217;intimit\u00e9 du cercle familial, en pr\u00e9sence du fruit de leur amour. C&#8217;est ainsi que Patricia et Laurent ont d\u00e9cid\u00e9 de se marier \u00e0 la Celle Saint-Cloud, puis de recevoir ce petit monde dans leur appartement. Lors des pr\u00e9paratifs, Patricia commen\u00e7ait \u00e0 angoisser : Vais-je r\u00e9ussir \u00e0 mettre mon eye-liner...<\/p>\n","protected":false},"author":1,"featured_media":0,"comment_status":"open","ping_status":"open","sticky":false,"template":"","format":"standard","meta":{"pp_embeds":"","footnotes":""},"categories":[197,254],"tags":[429,4,295],"class_list":["post-746","post","type-post","status-publish","format-standard","hentry","category-photographe-mariage","category-reportage-mariage","tag-photographe-mariage-la-celle-saint-cloud","tag-photographe-mariage-paris","tag-photographe-mariage-yvelines-78"],"yoast_head":"<!-- This site is optimized with the Yoast SEO plugin v27.5 - https:\/\/yoast.com\/product\/yoast-seo-wordpress\/ -->\n<title>Patricia + Laurent : Reportage photo de mariage \u00e0 la Celle Saint-Cloud le 2 juillet 2011, par le Photographe de mariage Thierry Seguin. -<\/title>\n<meta name=\"robots\" content=\"index, follow, max-snippet:-1, max-image-preview:large, max-video-preview:-1\" \/>\n<link rel=\"canonical\" href=\"https:\/\/thierryseguin.com\/fr\/blog\/2011\/07\/07\/patricia-laurent-reportage-photo-de-mariage-a-la-celle-saint-cloud-le-2-juillet-2011-par-le-photographe-de-mariage-thierry-seguin\/\" \/>\n<meta property=\"og:locale\" content=\"fr_FR\" \/>\n<meta property=\"og:type\" content=\"article\" \/>\n<meta property=\"og:title\" content=\"Patricia + Laurent : Reportage photo de mariage \u00e0 la Celle Saint-Cloud le 2 juillet 2011, par le Photographe de mariage Thierry Seguin. -\" \/>\n<meta property=\"og:description\" content=\"Un mariage en tout simplicit\u00e9, dans l&#8217;intimit\u00e9 du cercle familial, en pr\u00e9sence du fruit de leur amour. C&#8217;est ainsi que Patricia et Laurent ont d\u00e9cid\u00e9 de se marier \u00e0 la Celle Saint-Cloud, puis de recevoir ce petit monde dans leur appartement. Lors des pr\u00e9paratifs, Patricia commen\u00e7ait \u00e0 angoisser : Vais-je r\u00e9ussir \u00e0 mettre mon eye-liner [&hellip;]\" \/>\n<meta property=\"og:url\" content=\"https:\/\/thierryseguin.com\/fr\/blog\/2011\/07\/07\/patricia-laurent-reportage-photo-de-mariage-a-la-celle-saint-cloud-le-2-juillet-2011-par-le-photographe-de-mariage-thierry-seguin\/\" \/>\n<meta property=\"og:site_name\" content=\"Thierry Seguin Photographie\" \/>\n<meta property=\"article:publisher\" content=\"https:\/\/www.facebook.com\/ThierrySeguinPhotographie\" \/>\n<meta property=\"article:author\" content=\"https:\/\/www.facebook.com\/ThierrySeguinPhotographie\" \/>\n<meta property=\"article:published_time\" content=\"2011-07-07T03:46:22+00:00\" \/>\n<meta property=\"article:modified_time\" content=\"2022-02-03T00:34:08+00:00\" \/>\n<meta property=\"og:image\" content=\"https:\/\/thierryseguin.com\/fr\/wp-content\/uploads\/2011\/07\/DSC_0853-1024x681.jpg\" \/>\n<meta name=\"author\" content=\"Thierry Seguin\" \/>\n<meta name=\"twitter:card\" content=\"summary_large_image\" \/>\n<meta name=\"twitter:creator\" content=\"@Thierry_Seguin\" \/>\n<meta name=\"twitter:site\" content=\"@thierry_seguin\" \/>\n<meta name=\"twitter:label1\" content=\"\u00c9crit par\" \/>\n\t<meta name=\"twitter:data1\" content=\"Thierry Seguin\" \/>\n\t<meta name=\"twitter:label2\" content=\"Dur\u00e9e de lecture estim\u00e9e\" \/>\n\t<meta name=\"twitter:data2\" content=\"1 minute\" \/>\n<script type=\"application\/ld+json\" class=\"yoast-schema-graph\">{\"@context\":\"https:\\\/\\\/schema.org\",\"@graph\":[{\"@type\":\"Article\",\"@id\":\"https:\\\/\\\/thierryseguin.com\\\/fr\\\/blog\\\/2011\\\/07\\\/07\\\/patricia-laurent-reportage-photo-de-mariage-a-la-celle-saint-cloud-le-2-juillet-2011-par-le-photographe-de-mariage-thierry-seguin\\\/#article\",\"isPartOf\":{\"@id\":\"https:\\\/\\\/thierryseguin.com\\\/fr\\\/blog\\\/2011\\\/07\\\/07\\\/patricia-laurent-reportage-photo-de-mariage-a-la-celle-saint-cloud-le-2-juillet-2011-par-le-photographe-de-mariage-thierry-seguin\\\/\"},\"author\":{\"name\":\"Thierry Seguin\",\"@id\":\"https:\\\/\\\/thierryseguin.com\\\/fr\\\/#\\\/schema\\\/person\\\/8a2177969876d9e522df617b883aabcd\"},\"headline\":\"Patricia + Laurent : Reportage photo de mariage \u00e0 la Celle Saint-Cloud le 2 juillet 2011, par le Photographe de mariage Thierry Seguin.\",\"datePublished\":\"2011-07-07T03:46:22+00:00\",\"dateModified\":\"2022-02-03T00:34:08+00:00\",\"mainEntityOfPage\":{\"@id\":\"https:\\\/\\\/thierryseguin.com\\\/fr\\\/blog\\\/2011\\\/07\\\/07\\\/patricia-laurent-reportage-photo-de-mariage-a-la-celle-saint-cloud-le-2-juillet-2011-par-le-photographe-de-mariage-thierry-seguin\\\/\"},\"wordCount\":125,\"commentCount\":0,\"image\":{\"@id\":\"https:\\\/\\\/thierryseguin.com\\\/fr\\\/blog\\\/2011\\\/07\\\/07\\\/patricia-laurent-reportage-photo-de-mariage-a-la-celle-saint-cloud-le-2-juillet-2011-par-le-photographe-de-mariage-thierry-seguin\\\/#primaryimage\"},\"thumbnailUrl\":\"https:\\\/\\\/thierryseguin.com\\\/fr\\\/wp-content\\\/uploads\\\/2011\\\/07\\\/DSC_0853-1024x681.jpg\",\"keywords\":[\"Photographe Mariage La Celle-Saint-Cloud\",\"Photographe Mariage Paris\",\"Photographe mariage Yvelines 78\"],\"articleSection\":[\"Mariage\",\"Reportage Mariage\"],\"inLanguage\":\"fr-FR\",\"potentialAction\":[{\"@type\":\"CommentAction\",\"name\":\"Comment\",\"target\":[\"https:\\\/\\\/thierryseguin.com\\\/fr\\\/blog\\\/2011\\\/07\\\/07\\\/patricia-laurent-reportage-photo-de-mariage-a-la-celle-saint-cloud-le-2-juillet-2011-par-le-photographe-de-mariage-thierry-seguin\\\/#respond\"]}]},{\"@type\":\"WebPage\",\"@id\":\"https:\\\/\\\/thierryseguin.com\\\/fr\\\/blog\\\/2011\\\/07\\\/07\\\/patricia-laurent-reportage-photo-de-mariage-a-la-celle-saint-cloud-le-2-juillet-2011-par-le-photographe-de-mariage-thierry-seguin\\\/\",\"url\":\"https:\\\/\\\/thierryseguin.com\\\/fr\\\/blog\\\/2011\\\/07\\\/07\\\/patricia-laurent-reportage-photo-de-mariage-a-la-celle-saint-cloud-le-2-juillet-2011-par-le-photographe-de-mariage-thierry-seguin\\\/\",\"name\":\"Patricia + Laurent : Reportage photo de mariage \u00e0 la Celle Saint-Cloud le 2 juillet 2011, par le Photographe de mariage Thierry Seguin. -\",\"isPartOf\":{\"@id\":\"https:\\\/\\\/thierryseguin.com\\\/fr\\\/#website\"},\"primaryImageOfPage\":{\"@id\":\"https:\\\/\\\/thierryseguin.com\\\/fr\\\/blog\\\/2011\\\/07\\\/07\\\/patricia-laurent-reportage-photo-de-mariage-a-la-celle-saint-cloud-le-2-juillet-2011-par-le-photographe-de-mariage-thierry-seguin\\\/#primaryimage\"},\"image\":{\"@id\":\"https:\\\/\\\/thierryseguin.com\\\/fr\\\/blog\\\/2011\\\/07\\\/07\\\/patricia-laurent-reportage-photo-de-mariage-a-la-celle-saint-cloud-le-2-juillet-2011-par-le-photographe-de-mariage-thierry-seguin\\\/#primaryimage\"},\"thumbnailUrl\":\"https:\\\/\\\/thierryseguin.com\\\/fr\\\/wp-content\\\/uploads\\\/2011\\\/07\\\/DSC_0853-1024x681.jpg\",\"datePublished\":\"2011-07-07T03:46:22+00:00\",\"dateModified\":\"2022-02-03T00:34:08+00:00\",\"author\":{\"@id\":\"https:\\\/\\\/thierryseguin.com\\\/fr\\\/#\\\/schema\\\/person\\\/8a2177969876d9e522df617b883aabcd\"},\"breadcrumb\":{\"@id\":\"https:\\\/\\\/thierryseguin.com\\\/fr\\\/blog\\\/2011\\\/07\\\/07\\\/patricia-laurent-reportage-photo-de-mariage-a-la-celle-saint-cloud-le-2-juillet-2011-par-le-photographe-de-mariage-thierry-seguin\\\/#breadcrumb\"},\"inLanguage\":\"fr-FR\",\"potentialAction\":[{\"@type\":\"ReadAction\",\"target\":[\"https:\\\/\\\/thierryseguin.com\\\/fr\\\/blog\\\/2011\\\/07\\\/07\\\/patricia-laurent-reportage-photo-de-mariage-a-la-celle-saint-cloud-le-2-juillet-2011-par-le-photographe-de-mariage-thierry-seguin\\\/\"]}]},{\"@type\":\"ImageObject\",\"inLanguage\":\"fr-FR\",\"@id\":\"https:\\\/\\\/thierryseguin.com\\\/fr\\\/blog\\\/2011\\\/07\\\/07\\\/patricia-laurent-reportage-photo-de-mariage-a-la-celle-saint-cloud-le-2-juillet-2011-par-le-photographe-de-mariage-thierry-seguin\\\/#primaryimage\",\"url\":\"https:\\\/\\\/thierryseguin.com\\\/fr\\\/wp-content\\\/uploads\\\/2011\\\/07\\\/DSC_0853.jpg\",\"contentUrl\":\"https:\\\/\\\/thierryseguin.com\\\/fr\\\/wp-content\\\/uploads\\\/2011\\\/07\\\/DSC_0853.jpg\",\"width\":1920,\"height\":1278,\"caption\":\"Pr\u00e9paratifs de la Mari\u00e9e\"},{\"@type\":\"BreadcrumbList\",\"@id\":\"https:\\\/\\\/thierryseguin.com\\\/fr\\\/blog\\\/2011\\\/07\\\/07\\\/patricia-laurent-reportage-photo-de-mariage-a-la-celle-saint-cloud-le-2-juillet-2011-par-le-photographe-de-mariage-thierry-seguin\\\/#breadcrumb\",\"itemListElement\":[{\"@type\":\"ListItem\",\"position\":1,\"name\":\"Accueil\",\"item\":\"https:\\\/\\\/thierryseguin.com\\\/fr\\\/\"},{\"@type\":\"ListItem\",\"position\":2,\"name\":\"Patricia + Laurent : Reportage photo de mariage \u00e0 la Celle Saint-Cloud le 2 juillet 2011, par le Photographe de mariage Thierry Seguin.\"}]},{\"@type\":\"WebSite\",\"@id\":\"https:\\\/\\\/thierryseguin.com\\\/fr\\\/#website\",\"url\":\"https:\\\/\\\/thierryseguin.com\\\/fr\\\/\",\"name\":\"Thierry Seguin Photographie\",\"description\":\"Photographe de Portrait de Famille, Grossesse, B\u00e9b\u00e9s, Mariage\",\"potentialAction\":[{\"@type\":\"SearchAction\",\"target\":{\"@type\":\"EntryPoint\",\"urlTemplate\":\"https:\\\/\\\/thierryseguin.com\\\/fr\\\/?s={search_term_string}\"},\"query-input\":{\"@type\":\"PropertyValueSpecification\",\"valueRequired\":true,\"valueName\":\"search_term_string\"}}],\"inLanguage\":\"fr-FR\"},{\"@type\":\"Person\",\"@id\":\"https:\\\/\\\/thierryseguin.com\\\/fr\\\/#\\\/schema\\\/person\\\/8a2177969876d9e522df617b883aabcd\",\"name\":\"Thierry Seguin\",\"image\":{\"@type\":\"ImageObject\",\"inLanguage\":\"fr-FR\",\"@id\":\"https:\\\/\\\/secure.gravatar.com\\\/avatar\\\/d49758ec13b28e5f4e60f685b1ae0f54e0ca43c593ce43822c52701982336750?s=96&d=wavatar&r=g\",\"url\":\"https:\\\/\\\/secure.gravatar.com\\\/avatar\\\/d49758ec13b28e5f4e60f685b1ae0f54e0ca43c593ce43822c52701982336750?s=96&d=wavatar&r=g\",\"contentUrl\":\"https:\\\/\\\/secure.gravatar.com\\\/avatar\\\/d49758ec13b28e5f4e60f685b1ae0f54e0ca43c593ce43822c52701982336750?s=96&d=wavatar&r=g\",\"caption\":\"Thierry Seguin\"},\"description\":\"Depuis votre mariage, votre grossesse, puis la naissance de vos enfants, Thierry Seguin Photographie illustre les moments cl\u00e9s de votre vie. Il saisit les instants magiques charg\u00e9s d'\u00e9motions et de joie, tout au long de l\u2019inoubliable journ\u00e9e de votre mariage. Sa sensibilit\u00e9 s'exprime \u00e9galement lors de s\u00e9ances portraits originales et cr\u00e9atives, dont la s\u00e9ance \\\"amoureux\\\" et la s\u00e9ance \\\"Couple Mari\u00e9\\\" ou \\\"Trash The Dress\\\". Des livres-albums de grande qualit\u00e9, originaux et personnalis\u00e9s, des diaporamas et DVD avec droits c\u00e9d\u00e9s, sont les supports intemporels de ce grand jour. Install\u00e9 \u00e0 Viroflay, pr\u00e8s de Paris et Versailles, le photographe vous re\u00e7oit dans la galerie de son studio. Il couvre votre reportage en France, comme \u00e0 l'\u00e9tranger.\",\"sameAs\":[\"http:\\\/\\\/www.thierryseguin.com\",\"https:\\\/\\\/www.facebook.com\\\/ThierrySeguinPhotographie\",\"https:\\\/\\\/x.com\\\/Thierry_Seguin\"]}]}<\/script>\n<!-- \/ Yoast SEO plugin. -->","yoast_head_json":{"title":"Patricia + Laurent : Reportage photo de mariage \u00e0 la Celle Saint-Cloud le 2 juillet 2011, par le Photographe de mariage Thierry Seguin. -","robots":{"index":"index","follow":"follow","max-snippet":"max-snippet:-1","max-image-preview":"max-image-preview:large","max-video-preview":"max-video-preview:-1"},"canonical":"https:\/\/thierryseguin.com\/fr\/blog\/2011\/07\/07\/patricia-laurent-reportage-photo-de-mariage-a-la-celle-saint-cloud-le-2-juillet-2011-par-le-photographe-de-mariage-thierry-seguin\/","og_locale":"fr_FR","og_type":"article","og_title":"Patricia + Laurent : Reportage photo de mariage \u00e0 la Celle Saint-Cloud le 2 juillet 2011, par le Photographe de mariage Thierry Seguin. -","og_description":"Un mariage en tout simplicit\u00e9, dans l&#8217;intimit\u00e9 du cercle familial, en pr\u00e9sence du fruit de leur amour. C&#8217;est ainsi que Patricia et Laurent ont d\u00e9cid\u00e9 de se marier \u00e0 la Celle Saint-Cloud, puis de recevoir ce petit monde dans leur appartement. Lors des pr\u00e9paratifs, Patricia commen\u00e7ait \u00e0 angoisser : Vais-je r\u00e9ussir \u00e0 mettre mon eye-liner [&hellip;]","og_url":"https:\/\/thierryseguin.com\/fr\/blog\/2011\/07\/07\/patricia-laurent-reportage-photo-de-mariage-a-la-celle-saint-cloud-le-2-juillet-2011-par-le-photographe-de-mariage-thierry-seguin\/","og_site_name":"Thierry Seguin Photographie","article_publisher":"https:\/\/www.facebook.com\/ThierrySeguinPhotographie","article_author":"https:\/\/www.facebook.com\/ThierrySeguinPhotographie","article_published_time":"2011-07-07T03:46:22+00:00","article_modified_time":"2022-02-03T00:34:08+00:00","og_image":[{"url":"https:\/\/thierryseguin.com\/fr\/wp-content\/uploads\/2011\/07\/DSC_0853-1024x681.jpg","type":"","width":"","height":""}],"author":"Thierry Seguin","twitter_card":"summary_large_image","twitter_creator":"@Thierry_Seguin","twitter_site":"@thierry_seguin","twitter_misc":{"\u00c9crit par":"Thierry Seguin","Dur\u00e9e de lecture estim\u00e9e":"1 minute"},"schema":{"@context":"https:\/\/schema.org","@graph":[{"@type":"Article","@id":"https:\/\/thierryseguin.com\/fr\/blog\/2011\/07\/07\/patricia-laurent-reportage-photo-de-mariage-a-la-celle-saint-cloud-le-2-juillet-2011-par-le-photographe-de-mariage-thierry-seguin\/#article","isPartOf":{"@id":"https:\/\/thierryseguin.com\/fr\/blog\/2011\/07\/07\/patricia-laurent-reportage-photo-de-mariage-a-la-celle-saint-cloud-le-2-juillet-2011-par-le-photographe-de-mariage-thierry-seguin\/"},"author":{"name":"Thierry Seguin","@id":"https:\/\/thierryseguin.com\/fr\/#\/schema\/person\/8a2177969876d9e522df617b883aabcd"},"headline":"Patricia + Laurent : Reportage photo de mariage \u00e0 la Celle Saint-Cloud le 2 juillet 2011, par le Photographe de mariage Thierry Seguin.","datePublished":"2011-07-07T03:46:22+00:00","dateModified":"2022-02-03T00:34:08+00:00","mainEntityOfPage":{"@id":"https:\/\/thierryseguin.com\/fr\/blog\/2011\/07\/07\/patricia-laurent-reportage-photo-de-mariage-a-la-celle-saint-cloud-le-2-juillet-2011-par-le-photographe-de-mariage-thierry-seguin\/"},"wordCount":125,"commentCount":0,"image":{"@id":"https:\/\/thierryseguin.com\/fr\/blog\/2011\/07\/07\/patricia-laurent-reportage-photo-de-mariage-a-la-celle-saint-cloud-le-2-juillet-2011-par-le-photographe-de-mariage-thierry-seguin\/#primaryimage"},"thumbnailUrl":"https:\/\/thierryseguin.com\/fr\/wp-content\/uploads\/2011\/07\/DSC_0853-1024x681.jpg","keywords":["Photographe Mariage La Celle-Saint-Cloud","Photographe Mariage Paris","Photographe mariage Yvelines 78"],"articleSection":["Mariage","Reportage Mariage"],"inLanguage":"fr-FR","potentialAction":[{"@type":"CommentAction","name":"Comment","target":["https:\/\/thierryseguin.com\/fr\/blog\/2011\/07\/07\/patricia-laurent-reportage-photo-de-mariage-a-la-celle-saint-cloud-le-2-juillet-2011-par-le-photographe-de-mariage-thierry-seguin\/#respond"]}]},{"@type":"WebPage","@id":"https:\/\/thierryseguin.com\/fr\/blog\/2011\/07\/07\/patricia-laurent-reportage-photo-de-mariage-a-la-celle-saint-cloud-le-2-juillet-2011-par-le-photographe-de-mariage-thierry-seguin\/","url":"https:\/\/thierryseguin.com\/fr\/blog\/2011\/07\/07\/patricia-laurent-reportage-photo-de-mariage-a-la-celle-saint-cloud-le-2-juillet-2011-par-le-photographe-de-mariage-thierry-seguin\/","name":"Patricia + Laurent : Reportage photo de mariage \u00e0 la Celle Saint-Cloud le 2 juillet 2011, par le Photographe de mariage Thierry Seguin. -","isPartOf":{"@id":"https:\/\/thierryseguin.com\/fr\/#website"},"primaryImageOfPage":{"@id":"https:\/\/thierryseguin.com\/fr\/blog\/2011\/07\/07\/patricia-laurent-reportage-photo-de-mariage-a-la-celle-saint-cloud-le-2-juillet-2011-par-le-photographe-de-mariage-thierry-seguin\/#primaryimage"},"image":{"@id":"https:\/\/thierryseguin.com\/fr\/blog\/2011\/07\/07\/patricia-laurent-reportage-photo-de-mariage-a-la-celle-saint-cloud-le-2-juillet-2011-par-le-photographe-de-mariage-thierry-seguin\/#primaryimage"},"thumbnailUrl":"https:\/\/thierryseguin.com\/fr\/wp-content\/uploads\/2011\/07\/DSC_0853-1024x681.jpg","datePublished":"2011-07-07T03:46:22+00:00","dateModified":"2022-02-03T00:34:08+00:00","author":{"@id":"https:\/\/thierryseguin.com\/fr\/#\/schema\/person\/8a2177969876d9e522df617b883aabcd"},"breadcrumb":{"@id":"https:\/\/thierryseguin.com\/fr\/blog\/2011\/07\/07\/patricia-laurent-reportage-photo-de-mariage-a-la-celle-saint-cloud-le-2-juillet-2011-par-le-photographe-de-mariage-thierry-seguin\/#breadcrumb"},"inLanguage":"fr-FR","potentialAction":[{"@type":"ReadAction","target":["https:\/\/thierryseguin.com\/fr\/blog\/2011\/07\/07\/patricia-laurent-reportage-photo-de-mariage-a-la-celle-saint-cloud-le-2-juillet-2011-par-le-photographe-de-mariage-thierry-seguin\/"]}]},{"@type":"ImageObject","inLanguage":"fr-FR","@id":"https:\/\/thierryseguin.com\/fr\/blog\/2011\/07\/07\/patricia-laurent-reportage-photo-de-mariage-a-la-celle-saint-cloud-le-2-juillet-2011-par-le-photographe-de-mariage-thierry-seguin\/#primaryimage","url":"https:\/\/thierryseguin.com\/fr\/wp-content\/uploads\/2011\/07\/DSC_0853.jpg","contentUrl":"https:\/\/thierryseguin.com\/fr\/wp-content\/uploads\/2011\/07\/DSC_0853.jpg","width":1920,"height":1278,"caption":"Pr\u00e9paratifs de la Mari\u00e9e"},{"@type":"BreadcrumbList","@id":"https:\/\/thierryseguin.com\/fr\/blog\/2011\/07\/07\/patricia-laurent-reportage-photo-de-mariage-a-la-celle-saint-cloud-le-2-juillet-2011-par-le-photographe-de-mariage-thierry-seguin\/#breadcrumb","itemListElement":[{"@type":"ListItem","position":1,"name":"Accueil","item":"https:\/\/thierryseguin.com\/fr\/"},{"@type":"ListItem","position":2,"name":"Patricia + Laurent : Reportage photo de mariage \u00e0 la Celle Saint-Cloud le 2 juillet 2011, par le Photographe de mariage Thierry Seguin."}]},{"@type":"WebSite","@id":"https:\/\/thierryseguin.com\/fr\/#website","url":"https:\/\/thierryseguin.com\/fr\/","name":"Thierry Seguin Photographie","description":"Photographe de Portrait de Famille, Grossesse, B\u00e9b\u00e9s, Mariage","potentialAction":[{"@type":"SearchAction","target":{"@type":"EntryPoint","urlTemplate":"https:\/\/thierryseguin.com\/fr\/?s={search_term_string}"},"query-input":{"@type":"PropertyValueSpecification","valueRequired":true,"valueName":"search_term_string"}}],"inLanguage":"fr-FR"},{"@type":"Person","@id":"https:\/\/thierryseguin.com\/fr\/#\/schema\/person\/8a2177969876d9e522df617b883aabcd","name":"Thierry Seguin","image":{"@type":"ImageObject","inLanguage":"fr-FR","@id":"https:\/\/secure.gravatar.com\/avatar\/d49758ec13b28e5f4e60f685b1ae0f54e0ca43c593ce43822c52701982336750?s=96&d=wavatar&r=g","url":"https:\/\/secure.gravatar.com\/avatar\/d49758ec13b28e5f4e60f685b1ae0f54e0ca43c593ce43822c52701982336750?s=96&d=wavatar&r=g","contentUrl":"https:\/\/secure.gravatar.com\/avatar\/d49758ec13b28e5f4e60f685b1ae0f54e0ca43c593ce43822c52701982336750?s=96&d=wavatar&r=g","caption":"Thierry Seguin"},"description":"Depuis votre mariage, votre grossesse, puis la naissance de vos enfants, Thierry Seguin Photographie illustre les moments cl\u00e9s de votre vie. Il saisit les instants magiques charg\u00e9s d'\u00e9motions et de joie, tout au long de l\u2019inoubliable journ\u00e9e de votre mariage. Sa sensibilit\u00e9 s'exprime \u00e9galement lors de s\u00e9ances portraits originales et cr\u00e9atives, dont la s\u00e9ance \"amoureux\" et la s\u00e9ance \"Couple Mari\u00e9\" ou \"Trash The Dress\". Des livres-albums de grande qualit\u00e9, originaux et personnalis\u00e9s, des diaporamas et DVD avec droits c\u00e9d\u00e9s, sont les supports intemporels de ce grand jour. Install\u00e9 \u00e0 Viroflay, pr\u00e8s de Paris et Versailles, le photographe vous re\u00e7oit dans la galerie de son studio. Il couvre votre reportage en France, comme \u00e0 l'\u00e9tranger.","sameAs":["http:\/\/www.thierryseguin.com","https:\/\/www.facebook.com\/ThierrySeguinPhotographie","https:\/\/x.com\/Thierry_Seguin"]}]}},"_links":{"self":[{"href":"https:\/\/thierryseguin.com\/fr\/wp-json\/wp\/v2\/posts\/746","targetHints":{"allow":["GET"]}}],"collection":[{"href":"https:\/\/thierryseguin.com\/fr\/wp-json\/wp\/v2\/posts"}],"about":[{"href":"https:\/\/thierryseguin.com\/fr\/wp-json\/wp\/v2\/types\/post"}],"author":[{"embeddable":true,"href":"https:\/\/thierryseguin.com\/fr\/wp-json\/wp\/v2\/users\/1"}],"replies":[{"embeddable":true,"href":"https:\/\/thierryseguin.com\/fr\/wp-json\/wp\/v2\/comments?post=746"}],"version-history":[{"count":4,"href":"https:\/\/thierryseguin.com\/fr\/wp-json\/wp\/v2\/posts\/746\/revisions"}],"predecessor-version":[{"id":24406,"href":"https:\/\/thierryseguin.com\/fr\/wp-json\/wp\/v2\/posts\/746\/revisions\/24406"}],"wp:attachment":[{"href":"https:\/\/thierryseguin.com\/fr\/wp-json\/wp\/v2\/media?parent=746"}],"wp:term":[{"taxonomy":"category","embeddable":true,"href":"https:\/\/thierryseguin.com\/fr\/wp-json\/wp\/v2\/categories?post=746"},{"taxonomy":"post_tag","embeddable":true,"href":"https:\/\/thierryseguin.com\/fr\/wp-json\/wp\/v2\/tags?post=746"}],"curies":[{"name":"wp","href":"https:\/\/api.w.org\/{rel}","templated":true}]}}