{"id":758,"date":"2011-07-14T15:58:17","date_gmt":"2011-07-14T13:58:17","guid":{"rendered":"http:\/\/www.thierryseguin.com\/photographe_mariage_75_78_91_92\/?p=758"},"modified":"2022-01-31T08:59:47","modified_gmt":"2022-01-31T06:59:47","slug":"nathalie-philippe","status":"publish","type":"post","link":"https:\/\/thierryseguin.com\/fr\/blog\/2011\/07\/14\/nathalie-philippe\/","title":{"rendered":"Nathalie + Philippe :Reportage photo de mariage \u00e0 V\u00e9lizy le 9 juillet 2011, par le Photographe de mariage Thierry Seguin."},"content":{"rendered":"<p>Un mariage en toute simplicit\u00e9 avec leurs proches, et \u00e0 proximit\u00e9 de mon studio, puisque c&#8217;\u00e9tait \u00e0 V\u00e9lizy. A quand mon prochain mariage \u00e0 Viroflay, Chaville ou Versailles ?.<\/p>\n<p><a href=\"https:\/\/www.thierryseguin.com\/fr\/wp-content\/uploads\/2011\/07\/DSC_1326.jpg\"><img loading=\"lazy\" decoding=\"async\" class=\"aligncenter size-full wp-image-763\" title=\"Entr\u00e9e des Mari\u00e9s\" src=\"https:\/\/www.thierryseguin.com\/fr\/wp-content\/uploads\/2011\/07\/DSC_1326.jpg\" alt=\"\" width=\"600\" height=\"399\" srcset=\"https:\/\/thierryseguin.com\/fr\/wp-content\/uploads\/2011\/07\/DSC_1326.jpg 600w, https:\/\/thierryseguin.com\/fr\/wp-content\/uploads\/2011\/07\/DSC_1326-200x133.jpg 200w, https:\/\/thierryseguin.com\/fr\/wp-content\/uploads\/2011\/07\/DSC_1326-400x266.jpg 400w, https:\/\/thierryseguin.com\/fr\/wp-content\/uploads\/2011\/07\/DSC_1326-125x83.jpg 125w, https:\/\/thierryseguin.com\/fr\/wp-content\/uploads\/2011\/07\/DSC_1326-100x66.jpg 100w, https:\/\/thierryseguin.com\/fr\/wp-content\/uploads\/2011\/07\/DSC_1326-290x192.jpg 290w\" sizes=\"auto, (max-width: 600px) 100vw, 600px\" \/><\/a><\/p>\n<p><a href=\"https:\/\/www.thierryseguin.com\/fr\/wp-content\/uploads\/2011\/07\/DSC_1383.jpg\"><img loading=\"lazy\" decoding=\"async\" class=\"aligncenter size-full wp-image-764\" title=\"Epingle de cravate\" src=\"https:\/\/www.thierryseguin.com\/fr\/wp-content\/uploads\/2011\/07\/DSC_1383.jpg\" alt=\"\" width=\"399\" height=\"600\" srcset=\"https:\/\/thierryseguin.com\/fr\/wp-content\/uploads\/2011\/07\/DSC_1383.jpg 399w, https:\/\/thierryseguin.com\/fr\/wp-content\/uploads\/2011\/07\/DSC_1383-200x300.jpg 200w, https:\/\/thierryseguin.com\/fr\/wp-content\/uploads\/2011\/07\/DSC_1383-125x187.jpg 125w, https:\/\/thierryseguin.com\/fr\/wp-content\/uploads\/2011\/07\/DSC_1383-66x100.jpg 66w, https:\/\/thierryseguin.com\/fr\/wp-content\/uploads\/2011\/07\/DSC_1383-192x290.jpg 192w\" sizes=\"auto, (max-width: 399px) 100vw, 399px\" \/><\/a><\/p>\n<p>Apr\u00e8s la c\u00e9r\u00e9monie civile, nous sommes all\u00e9s pr\u00e8s de l&#8217;ancienne \u00e9glise pour faire des photos de groupe. Je suis m\u00eame mont\u00e9 sur le toit de ma voiture pour une photo en vue plongeante. J&#8217;ai h\u00e2te de recevoir les photos faites de moi dans cette posture !<br \/>\nJe les ai ensuite retrouv\u00e9s en milieu d&#8217;apr\u00e8s midi au &#8220;Saint-Ex&#8221;, petit restaurant disposant d&#8217;une terrasse et arri\u00e8re-cour privatives pour les noceurs.<\/p>\n<p>J&#8217;ai trouv\u00e9 tr\u00e8s original les figurines de mari\u00e9s sur la pi\u00e8ce mont\u00e9e, pas vous ?<\/p>\n<p><a href=\"https:\/\/www.thierryseguin.com\/fr\/wp-content\/uploads\/2011\/07\/DSC_1580.jpg\"><img loading=\"lazy\" decoding=\"async\" class=\"aligncenter size-full wp-image-761\" title=\"Figurine Mari\u00e9s\" src=\"https:\/\/www.thierryseguin.com\/fr\/wp-content\/uploads\/2011\/07\/DSC_1580.jpg\" alt=\"\" width=\"399\" height=\"600\" srcset=\"https:\/\/thierryseguin.com\/fr\/wp-content\/uploads\/2011\/07\/DSC_1580.jpg 399w, https:\/\/thierryseguin.com\/fr\/wp-content\/uploads\/2011\/07\/DSC_1580-200x300.jpg 200w, https:\/\/thierryseguin.com\/fr\/wp-content\/uploads\/2011\/07\/DSC_1580-125x187.jpg 125w, https:\/\/thierryseguin.com\/fr\/wp-content\/uploads\/2011\/07\/DSC_1580-66x100.jpg 66w, https:\/\/thierryseguin.com\/fr\/wp-content\/uploads\/2011\/07\/DSC_1580-192x290.jpg 192w\" sizes=\"auto, (max-width: 399px) 100vw, 399px\" \/><\/a><\/p>\n<p>Position qui les a inspir\u00e9s !<\/p>\n<p><a href=\"https:\/\/www.thierryseguin.com\/fr\/wp-content\/uploads\/2011\/07\/DSC_1583.jpg\"><img loading=\"lazy\" decoding=\"async\" class=\"aligncenter size-full wp-image-766\" title=\"Bisou des mari\u00e9s\" src=\"https:\/\/www.thierryseguin.com\/fr\/wp-content\/uploads\/2011\/07\/DSC_1583.jpg\" alt=\"\" width=\"399\" height=\"600\" srcset=\"https:\/\/thierryseguin.com\/fr\/wp-content\/uploads\/2011\/07\/DSC_1583.jpg 399w, https:\/\/thierryseguin.com\/fr\/wp-content\/uploads\/2011\/07\/DSC_1583-200x300.jpg 200w, https:\/\/thierryseguin.com\/fr\/wp-content\/uploads\/2011\/07\/DSC_1583-125x187.jpg 125w, https:\/\/thierryseguin.com\/fr\/wp-content\/uploads\/2011\/07\/DSC_1583-66x100.jpg 66w, https:\/\/thierryseguin.com\/fr\/wp-content\/uploads\/2011\/07\/DSC_1583-192x290.jpg 192w\" sizes=\"auto, (max-width: 399px) 100vw, 399px\" \/><\/a><\/p>\n<p>Pour acc\u00e9der \u00e0 l\u2019ensemble des photos, merci de renseigner en majuscules les codes communiqu\u00e9 aux invit\u00e9s :<\/p>\n<form action=\"http:\/\/www.jingoo.com\/index.php\" method=\"post\">\n<div><input id=\"identifiant\" style=\"background-color: #d5d5d5; font-family: verdana, arial, helvetica, sans-serif; color: #000000; font-size: 10px; border: #6f6f6f 1px solid; padding: 2px;\" type=\"text\" name=\"login\" value=\"TS2-\" size=\"19\" \/><\/div>\n<div><input id=\"pass\" style=\"background-color: #d5d5d5; font-family: verdana, arial, helvetica, sans-serif; color: #000000; font-size: 10px; border: #6f6f6f 1px solid; padding: 2px;\" type=\"text\" name=\"password\" value=\"Mot de passe\" size=\"19\" \/><\/div>\n<div><input style=\"text-indent: 0px; font: 10px verdana, arial, helvetica, sans-serif; background: url('http:\/\/www.jingoo.com\/img\/btn-pstd_bck1.gif') #636363; color: #ffffff; border: #cccccc 1px solid;\" type=\"submit\" name=\"Submit\" value=\"OK\" \/><\/div>\n<p><input type=\"hidden\" name=\"action\" value=\"login\" \/><\/form>\n","protected":false},"excerpt":{"rendered":"<p>Un mariage en toute simplicit\u00e9 avec leurs proches, et \u00e0 proximit\u00e9 de mon studio, puisque c&#8217;\u00e9tait \u00e0 V\u00e9lizy. A quand mon prochain mariage \u00e0 Viroflay, Chaville ou Versailles ?. Apr\u00e8s la c\u00e9r\u00e9monie civile, nous sommes all\u00e9s pr\u00e8s de l&#8217;ancienne \u00e9glise pour faire des photos de groupe. Je suis m\u00eame mont\u00e9 sur le toit de ma...<\/p>\n","protected":false},"author":1,"featured_media":0,"comment_status":"open","ping_status":"open","sticky":false,"template":"","format":"standard","meta":{"pp_embeds":"","footnotes":""},"categories":[197,254],"tags":[],"class_list":["post-758","post","type-post","status-publish","format-standard","hentry","category-photographe-mariage","category-reportage-mariage"],"yoast_head":"<!-- This site is optimized with the Yoast SEO plugin v27.5 - https:\/\/yoast.com\/product\/yoast-seo-wordpress\/ -->\n<title>Nathalie + Philippe :Reportage photo de mariage \u00e0 V\u00e9lizy le 9 juillet 2011, par le Photographe de mariage Thierry Seguin. -<\/title>\n<meta name=\"robots\" content=\"index, follow, max-snippet:-1, max-image-preview:large, max-video-preview:-1\" \/>\n<link rel=\"canonical\" href=\"https:\/\/thierryseguin.com\/fr\/blog\/2011\/07\/14\/nathalie-philippe\/\" \/>\n<meta property=\"og:locale\" content=\"fr_FR\" \/>\n<meta property=\"og:type\" content=\"article\" \/>\n<meta property=\"og:title\" content=\"Nathalie + Philippe :Reportage photo de mariage \u00e0 V\u00e9lizy le 9 juillet 2011, par le Photographe de mariage Thierry Seguin. -\" \/>\n<meta property=\"og:description\" content=\"Un mariage en toute simplicit\u00e9 avec leurs proches, et \u00e0 proximit\u00e9 de mon studio, puisque c&#8217;\u00e9tait \u00e0 V\u00e9lizy. A quand mon prochain mariage \u00e0 Viroflay, Chaville ou Versailles ?. Apr\u00e8s la c\u00e9r\u00e9monie civile, nous sommes all\u00e9s pr\u00e8s de l&#8217;ancienne \u00e9glise pour faire des photos de groupe. Je suis m\u00eame mont\u00e9 sur le toit de ma [&hellip;]\" \/>\n<meta property=\"og:url\" content=\"https:\/\/thierryseguin.com\/fr\/blog\/2011\/07\/14\/nathalie-philippe\/\" \/>\n<meta property=\"og:site_name\" content=\"Thierry Seguin Photographie\" \/>\n<meta property=\"article:publisher\" content=\"https:\/\/www.facebook.com\/ThierrySeguinPhotographie\" \/>\n<meta property=\"article:author\" content=\"https:\/\/www.facebook.com\/ThierrySeguinPhotographie\" \/>\n<meta property=\"article:published_time\" content=\"2011-07-14T13:58:17+00:00\" \/>\n<meta property=\"article:modified_time\" content=\"2022-01-31T06:59:47+00:00\" \/>\n<meta property=\"og:image\" content=\"https:\/\/www.thierryseguin.com\/fr\/wp-content\/uploads\/2011\/07\/DSC_1326.jpg\" \/>\n<meta name=\"author\" content=\"Thierry Seguin\" \/>\n<meta name=\"twitter:card\" content=\"summary_large_image\" \/>\n<meta name=\"twitter:creator\" content=\"@Thierry_Seguin\" \/>\n<meta name=\"twitter:site\" content=\"@thierry_seguin\" \/>\n<meta name=\"twitter:label1\" content=\"\u00c9crit par\" \/>\n\t<meta name=\"twitter:data1\" content=\"Thierry Seguin\" \/>\n\t<meta name=\"twitter:label2\" content=\"Dur\u00e9e de lecture estim\u00e9e\" \/>\n\t<meta name=\"twitter:data2\" content=\"1 minute\" \/>\n<script type=\"application\/ld+json\" class=\"yoast-schema-graph\">{\"@context\":\"https:\\\/\\\/schema.org\",\"@graph\":[{\"@type\":\"Article\",\"@id\":\"https:\\\/\\\/thierryseguin.com\\\/fr\\\/blog\\\/2011\\\/07\\\/14\\\/nathalie-philippe\\\/#article\",\"isPartOf\":{\"@id\":\"https:\\\/\\\/thierryseguin.com\\\/fr\\\/blog\\\/2011\\\/07\\\/14\\\/nathalie-philippe\\\/\"},\"author\":{\"name\":\"Thierry Seguin\",\"@id\":\"https:\\\/\\\/thierryseguin.com\\\/fr\\\/#\\\/schema\\\/person\\\/8a2177969876d9e522df617b883aabcd\"},\"headline\":\"Nathalie + Philippe :Reportage photo de mariage \u00e0 V\u00e9lizy le 9 juillet 2011, par le Photographe de mariage Thierry Seguin.\",\"datePublished\":\"2011-07-14T13:58:17+00:00\",\"dateModified\":\"2022-01-31T06:59:47+00:00\",\"mainEntityOfPage\":{\"@id\":\"https:\\\/\\\/thierryseguin.com\\\/fr\\\/blog\\\/2011\\\/07\\\/14\\\/nathalie-philippe\\\/\"},\"wordCount\":163,\"commentCount\":0,\"image\":{\"@id\":\"https:\\\/\\\/thierryseguin.com\\\/fr\\\/blog\\\/2011\\\/07\\\/14\\\/nathalie-philippe\\\/#primaryimage\"},\"thumbnailUrl\":\"https:\\\/\\\/www.thierryseguin.com\\\/fr\\\/wp-content\\\/uploads\\\/2011\\\/07\\\/DSC_1326.jpg\",\"articleSection\":[\"Mariage\",\"Reportage Mariage\"],\"inLanguage\":\"fr-FR\",\"potentialAction\":[{\"@type\":\"CommentAction\",\"name\":\"Comment\",\"target\":[\"https:\\\/\\\/thierryseguin.com\\\/fr\\\/blog\\\/2011\\\/07\\\/14\\\/nathalie-philippe\\\/#respond\"]}]},{\"@type\":\"WebPage\",\"@id\":\"https:\\\/\\\/thierryseguin.com\\\/fr\\\/blog\\\/2011\\\/07\\\/14\\\/nathalie-philippe\\\/\",\"url\":\"https:\\\/\\\/thierryseguin.com\\\/fr\\\/blog\\\/2011\\\/07\\\/14\\\/nathalie-philippe\\\/\",\"name\":\"Nathalie + Philippe :Reportage photo de mariage \u00e0 V\u00e9lizy le 9 juillet 2011, par le Photographe de mariage Thierry Seguin. -\",\"isPartOf\":{\"@id\":\"https:\\\/\\\/thierryseguin.com\\\/fr\\\/#website\"},\"primaryImageOfPage\":{\"@id\":\"https:\\\/\\\/thierryseguin.com\\\/fr\\\/blog\\\/2011\\\/07\\\/14\\\/nathalie-philippe\\\/#primaryimage\"},\"image\":{\"@id\":\"https:\\\/\\\/thierryseguin.com\\\/fr\\\/blog\\\/2011\\\/07\\\/14\\\/nathalie-philippe\\\/#primaryimage\"},\"thumbnailUrl\":\"https:\\\/\\\/www.thierryseguin.com\\\/fr\\\/wp-content\\\/uploads\\\/2011\\\/07\\\/DSC_1326.jpg\",\"datePublished\":\"2011-07-14T13:58:17+00:00\",\"dateModified\":\"2022-01-31T06:59:47+00:00\",\"author\":{\"@id\":\"https:\\\/\\\/thierryseguin.com\\\/fr\\\/#\\\/schema\\\/person\\\/8a2177969876d9e522df617b883aabcd\"},\"breadcrumb\":{\"@id\":\"https:\\\/\\\/thierryseguin.com\\\/fr\\\/blog\\\/2011\\\/07\\\/14\\\/nathalie-philippe\\\/#breadcrumb\"},\"inLanguage\":\"fr-FR\",\"potentialAction\":[{\"@type\":\"ReadAction\",\"target\":[\"https:\\\/\\\/thierryseguin.com\\\/fr\\\/blog\\\/2011\\\/07\\\/14\\\/nathalie-philippe\\\/\"]}]},{\"@type\":\"ImageObject\",\"inLanguage\":\"fr-FR\",\"@id\":\"https:\\\/\\\/thierryseguin.com\\\/fr\\\/blog\\\/2011\\\/07\\\/14\\\/nathalie-philippe\\\/#primaryimage\",\"url\":\"https:\\\/\\\/www.thierryseguin.com\\\/fr\\\/wp-content\\\/uploads\\\/2011\\\/07\\\/DSC_1326.jpg\",\"contentUrl\":\"https:\\\/\\\/www.thierryseguin.com\\\/fr\\\/wp-content\\\/uploads\\\/2011\\\/07\\\/DSC_1326.jpg\"},{\"@type\":\"BreadcrumbList\",\"@id\":\"https:\\\/\\\/thierryseguin.com\\\/fr\\\/blog\\\/2011\\\/07\\\/14\\\/nathalie-philippe\\\/#breadcrumb\",\"itemListElement\":[{\"@type\":\"ListItem\",\"position\":1,\"name\":\"Accueil\",\"item\":\"https:\\\/\\\/thierryseguin.com\\\/fr\\\/\"},{\"@type\":\"ListItem\",\"position\":2,\"name\":\"Nathalie + Philippe :Reportage photo de mariage \u00e0 V\u00e9lizy le 9 juillet 2011, par le Photographe de mariage Thierry Seguin.\"}]},{\"@type\":\"WebSite\",\"@id\":\"https:\\\/\\\/thierryseguin.com\\\/fr\\\/#website\",\"url\":\"https:\\\/\\\/thierryseguin.com\\\/fr\\\/\",\"name\":\"Thierry Seguin Photographie\",\"description\":\"Photographe de Portrait de Famille, Grossesse, B\u00e9b\u00e9s, Mariage\",\"potentialAction\":[{\"@type\":\"SearchAction\",\"target\":{\"@type\":\"EntryPoint\",\"urlTemplate\":\"https:\\\/\\\/thierryseguin.com\\\/fr\\\/?s={search_term_string}\"},\"query-input\":{\"@type\":\"PropertyValueSpecification\",\"valueRequired\":true,\"valueName\":\"search_term_string\"}}],\"inLanguage\":\"fr-FR\"},{\"@type\":\"Person\",\"@id\":\"https:\\\/\\\/thierryseguin.com\\\/fr\\\/#\\\/schema\\\/person\\\/8a2177969876d9e522df617b883aabcd\",\"name\":\"Thierry Seguin\",\"image\":{\"@type\":\"ImageObject\",\"inLanguage\":\"fr-FR\",\"@id\":\"https:\\\/\\\/secure.gravatar.com\\\/avatar\\\/d49758ec13b28e5f4e60f685b1ae0f54e0ca43c593ce43822c52701982336750?s=96&d=wavatar&r=g\",\"url\":\"https:\\\/\\\/secure.gravatar.com\\\/avatar\\\/d49758ec13b28e5f4e60f685b1ae0f54e0ca43c593ce43822c52701982336750?s=96&d=wavatar&r=g\",\"contentUrl\":\"https:\\\/\\\/secure.gravatar.com\\\/avatar\\\/d49758ec13b28e5f4e60f685b1ae0f54e0ca43c593ce43822c52701982336750?s=96&d=wavatar&r=g\",\"caption\":\"Thierry Seguin\"},\"description\":\"Depuis votre mariage, votre grossesse, puis la naissance de vos enfants, Thierry Seguin Photographie illustre les moments cl\u00e9s de votre vie. Il saisit les instants magiques charg\u00e9s d'\u00e9motions et de joie, tout au long de l\u2019inoubliable journ\u00e9e de votre mariage. Sa sensibilit\u00e9 s'exprime \u00e9galement lors de s\u00e9ances portraits originales et cr\u00e9atives, dont la s\u00e9ance \\\"amoureux\\\" et la s\u00e9ance \\\"Couple Mari\u00e9\\\" ou \\\"Trash The Dress\\\". Des livres-albums de grande qualit\u00e9, originaux et personnalis\u00e9s, des diaporamas et DVD avec droits c\u00e9d\u00e9s, sont les supports intemporels de ce grand jour. Install\u00e9 \u00e0 Viroflay, pr\u00e8s de Paris et Versailles, le photographe vous re\u00e7oit dans la galerie de son studio. Il couvre votre reportage en France, comme \u00e0 l'\u00e9tranger.\",\"sameAs\":[\"http:\\\/\\\/www.thierryseguin.com\",\"https:\\\/\\\/www.facebook.com\\\/ThierrySeguinPhotographie\",\"https:\\\/\\\/x.com\\\/Thierry_Seguin\"]}]}<\/script>\n<!-- \/ Yoast SEO plugin. -->","yoast_head_json":{"title":"Nathalie + Philippe :Reportage photo de mariage \u00e0 V\u00e9lizy le 9 juillet 2011, par le Photographe de mariage Thierry Seguin. -","robots":{"index":"index","follow":"follow","max-snippet":"max-snippet:-1","max-image-preview":"max-image-preview:large","max-video-preview":"max-video-preview:-1"},"canonical":"https:\/\/thierryseguin.com\/fr\/blog\/2011\/07\/14\/nathalie-philippe\/","og_locale":"fr_FR","og_type":"article","og_title":"Nathalie + Philippe :Reportage photo de mariage \u00e0 V\u00e9lizy le 9 juillet 2011, par le Photographe de mariage Thierry Seguin. -","og_description":"Un mariage en toute simplicit\u00e9 avec leurs proches, et \u00e0 proximit\u00e9 de mon studio, puisque c&#8217;\u00e9tait \u00e0 V\u00e9lizy. A quand mon prochain mariage \u00e0 Viroflay, Chaville ou Versailles ?. Apr\u00e8s la c\u00e9r\u00e9monie civile, nous sommes all\u00e9s pr\u00e8s de l&#8217;ancienne \u00e9glise pour faire des photos de groupe. Je suis m\u00eame mont\u00e9 sur le toit de ma [&hellip;]","og_url":"https:\/\/thierryseguin.com\/fr\/blog\/2011\/07\/14\/nathalie-philippe\/","og_site_name":"Thierry Seguin Photographie","article_publisher":"https:\/\/www.facebook.com\/ThierrySeguinPhotographie","article_author":"https:\/\/www.facebook.com\/ThierrySeguinPhotographie","article_published_time":"2011-07-14T13:58:17+00:00","article_modified_time":"2022-01-31T06:59:47+00:00","og_image":[{"url":"https:\/\/www.thierryseguin.com\/fr\/wp-content\/uploads\/2011\/07\/DSC_1326.jpg","type":"","width":"","height":""}],"author":"Thierry Seguin","twitter_card":"summary_large_image","twitter_creator":"@Thierry_Seguin","twitter_site":"@thierry_seguin","twitter_misc":{"\u00c9crit par":"Thierry Seguin","Dur\u00e9e de lecture estim\u00e9e":"1 minute"},"schema":{"@context":"https:\/\/schema.org","@graph":[{"@type":"Article","@id":"https:\/\/thierryseguin.com\/fr\/blog\/2011\/07\/14\/nathalie-philippe\/#article","isPartOf":{"@id":"https:\/\/thierryseguin.com\/fr\/blog\/2011\/07\/14\/nathalie-philippe\/"},"author":{"name":"Thierry Seguin","@id":"https:\/\/thierryseguin.com\/fr\/#\/schema\/person\/8a2177969876d9e522df617b883aabcd"},"headline":"Nathalie + Philippe :Reportage photo de mariage \u00e0 V\u00e9lizy le 9 juillet 2011, par le Photographe de mariage Thierry Seguin.","datePublished":"2011-07-14T13:58:17+00:00","dateModified":"2022-01-31T06:59:47+00:00","mainEntityOfPage":{"@id":"https:\/\/thierryseguin.com\/fr\/blog\/2011\/07\/14\/nathalie-philippe\/"},"wordCount":163,"commentCount":0,"image":{"@id":"https:\/\/thierryseguin.com\/fr\/blog\/2011\/07\/14\/nathalie-philippe\/#primaryimage"},"thumbnailUrl":"https:\/\/www.thierryseguin.com\/fr\/wp-content\/uploads\/2011\/07\/DSC_1326.jpg","articleSection":["Mariage","Reportage Mariage"],"inLanguage":"fr-FR","potentialAction":[{"@type":"CommentAction","name":"Comment","target":["https:\/\/thierryseguin.com\/fr\/blog\/2011\/07\/14\/nathalie-philippe\/#respond"]}]},{"@type":"WebPage","@id":"https:\/\/thierryseguin.com\/fr\/blog\/2011\/07\/14\/nathalie-philippe\/","url":"https:\/\/thierryseguin.com\/fr\/blog\/2011\/07\/14\/nathalie-philippe\/","name":"Nathalie + Philippe :Reportage photo de mariage \u00e0 V\u00e9lizy le 9 juillet 2011, par le Photographe de mariage Thierry Seguin. -","isPartOf":{"@id":"https:\/\/thierryseguin.com\/fr\/#website"},"primaryImageOfPage":{"@id":"https:\/\/thierryseguin.com\/fr\/blog\/2011\/07\/14\/nathalie-philippe\/#primaryimage"},"image":{"@id":"https:\/\/thierryseguin.com\/fr\/blog\/2011\/07\/14\/nathalie-philippe\/#primaryimage"},"thumbnailUrl":"https:\/\/www.thierryseguin.com\/fr\/wp-content\/uploads\/2011\/07\/DSC_1326.jpg","datePublished":"2011-07-14T13:58:17+00:00","dateModified":"2022-01-31T06:59:47+00:00","author":{"@id":"https:\/\/thierryseguin.com\/fr\/#\/schema\/person\/8a2177969876d9e522df617b883aabcd"},"breadcrumb":{"@id":"https:\/\/thierryseguin.com\/fr\/blog\/2011\/07\/14\/nathalie-philippe\/#breadcrumb"},"inLanguage":"fr-FR","potentialAction":[{"@type":"ReadAction","target":["https:\/\/thierryseguin.com\/fr\/blog\/2011\/07\/14\/nathalie-philippe\/"]}]},{"@type":"ImageObject","inLanguage":"fr-FR","@id":"https:\/\/thierryseguin.com\/fr\/blog\/2011\/07\/14\/nathalie-philippe\/#primaryimage","url":"https:\/\/www.thierryseguin.com\/fr\/wp-content\/uploads\/2011\/07\/DSC_1326.jpg","contentUrl":"https:\/\/www.thierryseguin.com\/fr\/wp-content\/uploads\/2011\/07\/DSC_1326.jpg"},{"@type":"BreadcrumbList","@id":"https:\/\/thierryseguin.com\/fr\/blog\/2011\/07\/14\/nathalie-philippe\/#breadcrumb","itemListElement":[{"@type":"ListItem","position":1,"name":"Accueil","item":"https:\/\/thierryseguin.com\/fr\/"},{"@type":"ListItem","position":2,"name":"Nathalie + Philippe :Reportage photo de mariage \u00e0 V\u00e9lizy le 9 juillet 2011, par le Photographe de mariage Thierry Seguin."}]},{"@type":"WebSite","@id":"https:\/\/thierryseguin.com\/fr\/#website","url":"https:\/\/thierryseguin.com\/fr\/","name":"Thierry Seguin Photographie","description":"Photographe de Portrait de Famille, Grossesse, B\u00e9b\u00e9s, Mariage","potentialAction":[{"@type":"SearchAction","target":{"@type":"EntryPoint","urlTemplate":"https:\/\/thierryseguin.com\/fr\/?s={search_term_string}"},"query-input":{"@type":"PropertyValueSpecification","valueRequired":true,"valueName":"search_term_string"}}],"inLanguage":"fr-FR"},{"@type":"Person","@id":"https:\/\/thierryseguin.com\/fr\/#\/schema\/person\/8a2177969876d9e522df617b883aabcd","name":"Thierry Seguin","image":{"@type":"ImageObject","inLanguage":"fr-FR","@id":"https:\/\/secure.gravatar.com\/avatar\/d49758ec13b28e5f4e60f685b1ae0f54e0ca43c593ce43822c52701982336750?s=96&d=wavatar&r=g","url":"https:\/\/secure.gravatar.com\/avatar\/d49758ec13b28e5f4e60f685b1ae0f54e0ca43c593ce43822c52701982336750?s=96&d=wavatar&r=g","contentUrl":"https:\/\/secure.gravatar.com\/avatar\/d49758ec13b28e5f4e60f685b1ae0f54e0ca43c593ce43822c52701982336750?s=96&d=wavatar&r=g","caption":"Thierry Seguin"},"description":"Depuis votre mariage, votre grossesse, puis la naissance de vos enfants, Thierry Seguin Photographie illustre les moments cl\u00e9s de votre vie. Il saisit les instants magiques charg\u00e9s d'\u00e9motions et de joie, tout au long de l\u2019inoubliable journ\u00e9e de votre mariage. Sa sensibilit\u00e9 s'exprime \u00e9galement lors de s\u00e9ances portraits originales et cr\u00e9atives, dont la s\u00e9ance \"amoureux\" et la s\u00e9ance \"Couple Mari\u00e9\" ou \"Trash The Dress\". Des livres-albums de grande qualit\u00e9, originaux et personnalis\u00e9s, des diaporamas et DVD avec droits c\u00e9d\u00e9s, sont les supports intemporels de ce grand jour. Install\u00e9 \u00e0 Viroflay, pr\u00e8s de Paris et Versailles, le photographe vous re\u00e7oit dans la galerie de son studio. Il couvre votre reportage en France, comme \u00e0 l'\u00e9tranger.","sameAs":["http:\/\/www.thierryseguin.com","https:\/\/www.facebook.com\/ThierrySeguinPhotographie","https:\/\/x.com\/Thierry_Seguin"]}]}},"_links":{"self":[{"href":"https:\/\/thierryseguin.com\/fr\/wp-json\/wp\/v2\/posts\/758","targetHints":{"allow":["GET"]}}],"collection":[{"href":"https:\/\/thierryseguin.com\/fr\/wp-json\/wp\/v2\/posts"}],"about":[{"href":"https:\/\/thierryseguin.com\/fr\/wp-json\/wp\/v2\/types\/post"}],"author":[{"embeddable":true,"href":"https:\/\/thierryseguin.com\/fr\/wp-json\/wp\/v2\/users\/1"}],"replies":[{"embeddable":true,"href":"https:\/\/thierryseguin.com\/fr\/wp-json\/wp\/v2\/comments?post=758"}],"version-history":[{"count":9,"href":"https:\/\/thierryseguin.com\/fr\/wp-json\/wp\/v2\/posts\/758\/revisions"}],"predecessor-version":[{"id":24276,"href":"https:\/\/thierryseguin.com\/fr\/wp-json\/wp\/v2\/posts\/758\/revisions\/24276"}],"wp:attachment":[{"href":"https:\/\/thierryseguin.com\/fr\/wp-json\/wp\/v2\/media?parent=758"}],"wp:term":[{"taxonomy":"category","embeddable":true,"href":"https:\/\/thierryseguin.com\/fr\/wp-json\/wp\/v2\/categories?post=758"},{"taxonomy":"post_tag","embeddable":true,"href":"https:\/\/thierryseguin.com\/fr\/wp-json\/wp\/v2\/tags?post=758"}],"curies":[{"name":"wp","href":"https:\/\/api.w.org\/{rel}","templated":true}]}}