{"id":93,"date":"2008-01-20T08:43:00","date_gmt":"2008-01-20T08:43:00","guid":{"rendered":"http:\/\/www.thierryseguin.com\/blog\/2008\/01\/20\/uncategorized\/a-cause-des-garcons\/"},"modified":"2022-02-02T18:58:26","modified_gmt":"2022-02-02T16:58:26","slug":"a-cause-des-garcons","status":"publish","type":"post","link":"https:\/\/thierryseguin.com\/fr\/blog\/2008\/01\/20\/a-cause-des-garcons\/","title":{"rendered":"A cause des gar\u00e7ons"},"content":{"rendered":"<p>&nbsp;<\/p>\n<div>J&#8217;aime beaucoup ce tube qui revient sur les ondes, repris par <a href=\"https:\/\/www.youtube.com\/watch?v=aKM8txMizdI\">Yelle<\/a>, en version <a href=\"https:\/\/youtu.be\/acp3pq4eboo\">Remix<\/a>.<\/div>\n<div>Mais connaissiez vous la <a href=\"https:\/\/youtu.be\/LvNkzxQSOno\">version originale<\/a> de mars 1987 ? Je vous la pr\u00e9sente ci-dessous, interpr\u00e9t\u00e9e par l&#8217;\u00e9ph\u00e9m\u00e8re duo Laurence Heller et H\u00e9l\u00e8ne B\u00e9rard, produit par Alain Chamfort.<\/div>\n<div>Dans le clip, vous reconna\u00eetrez probablement quelques figurants qui font encore carri\u00e8re actuellement. J&#8217;ai reconnu Naguy et Sma\u00efn.<\/div>\n<p>&nbsp;<\/p>\n<div>Si vous en reconnaissez d&#8217;autres, indiquez les moi en commentaire de ce post.<\/div>\n<p><iframe loading=\"lazy\" title=\"YouTube video player\" src=\"https:\/\/www.youtube.com\/embed\/LvNkzxQSOno\" width=\"560\" height=\"315\" frameborder=\"0\" allowfullscreen=\"allowfullscreen\"><\/iframe><\/p>\n<div><\/div>\n<div><\/div>\n<div>Thierry<\/div>\n","protected":false},"excerpt":{"rendered":"<p>&nbsp; J&#8217;aime beaucoup ce tube qui revient sur les ondes, repris par Yelle, en version Remix. Mais connaissiez vous la version originale de mars 1987 ? Je vous la pr\u00e9sente ci-dessous, interpr\u00e9t\u00e9e par l&#8217;\u00e9ph\u00e9m\u00e8re duo Laurence Heller et H\u00e9l\u00e8ne B\u00e9rard, produit par Alain Chamfort. Dans le clip, vous reconna\u00eetrez probablement quelques figurants qui font encore...<\/p>\n","protected":false},"author":2,"featured_media":0,"comment_status":"open","ping_status":"open","sticky":false,"template":"","format":"standard","meta":{"pp_embeds":"","footnotes":""},"categories":[1],"tags":[],"class_list":["post-93","post","type-post","status-publish","format-standard","hentry","category-non-classe"],"yoast_head":"<!-- This site is optimized with the Yoast SEO plugin v27.5 - https:\/\/yoast.com\/product\/yoast-seo-wordpress\/ -->\n<title>A cause des gar\u00e7ons -<\/title>\n<meta name=\"robots\" content=\"index, follow, max-snippet:-1, max-image-preview:large, max-video-preview:-1\" \/>\n<link rel=\"canonical\" href=\"https:\/\/thierryseguin.com\/fr\/blog\/2008\/01\/20\/a-cause-des-garcons\/\" \/>\n<meta property=\"og:locale\" content=\"fr_FR\" \/>\n<meta property=\"og:type\" content=\"article\" \/>\n<meta property=\"og:title\" content=\"A cause des gar\u00e7ons -\" \/>\n<meta property=\"og:description\" content=\"&nbsp; J&#8217;aime beaucoup ce tube qui revient sur les ondes, repris par Yelle, en version Remix. Mais connaissiez vous la version originale de mars 1987 ? Je vous la pr\u00e9sente ci-dessous, interpr\u00e9t\u00e9e par l&#8217;\u00e9ph\u00e9m\u00e8re duo Laurence Heller et H\u00e9l\u00e8ne B\u00e9rard, produit par Alain Chamfort. Dans le clip, vous reconna\u00eetrez probablement quelques figurants qui font encore [&hellip;]\" \/>\n<meta property=\"og:url\" content=\"https:\/\/thierryseguin.com\/fr\/blog\/2008\/01\/20\/a-cause-des-garcons\/\" \/>\n<meta property=\"og:site_name\" content=\"Thierry Seguin Photographie\" \/>\n<meta property=\"article:publisher\" content=\"https:\/\/www.facebook.com\/ThierrySeguinPhotographie\" \/>\n<meta property=\"article:published_time\" content=\"2008-01-20T08:43:00+00:00\" \/>\n<meta property=\"article:modified_time\" content=\"2022-02-02T16:58:26+00:00\" \/>\n<meta name=\"author\" content=\"Thierry Seguin blogger\" \/>\n<meta name=\"twitter:card\" content=\"summary_large_image\" \/>\n<meta name=\"twitter:creator\" content=\"@thierry_seguin\" \/>\n<meta name=\"twitter:site\" content=\"@thierry_seguin\" \/>\n<meta name=\"twitter:label1\" content=\"\u00c9crit par\" \/>\n\t<meta name=\"twitter:data1\" content=\"Thierry Seguin blogger\" \/>\n<script type=\"application\/ld+json\" class=\"yoast-schema-graph\">{\"@context\":\"https:\\\/\\\/schema.org\",\"@graph\":[{\"@type\":\"Article\",\"@id\":\"https:\\\/\\\/thierryseguin.com\\\/fr\\\/blog\\\/2008\\\/01\\\/20\\\/a-cause-des-garcons\\\/#article\",\"isPartOf\":{\"@id\":\"https:\\\/\\\/thierryseguin.com\\\/fr\\\/blog\\\/2008\\\/01\\\/20\\\/a-cause-des-garcons\\\/\"},\"author\":{\"name\":\"Thierry Seguin blogger\",\"@id\":\"https:\\\/\\\/thierryseguin.com\\\/fr\\\/#\\\/schema\\\/person\\\/3ba0d9aacd1037d1a35f64b3bc81201a\"},\"headline\":\"A cause des gar\u00e7ons\",\"datePublished\":\"2008-01-20T08:43:00+00:00\",\"dateModified\":\"2022-02-02T16:58:26+00:00\",\"mainEntityOfPage\":{\"@id\":\"https:\\\/\\\/thierryseguin.com\\\/fr\\\/blog\\\/2008\\\/01\\\/20\\\/a-cause-des-garcons\\\/\"},\"wordCount\":92,\"commentCount\":1,\"inLanguage\":\"fr-FR\",\"potentialAction\":[{\"@type\":\"CommentAction\",\"name\":\"Comment\",\"target\":[\"https:\\\/\\\/thierryseguin.com\\\/fr\\\/blog\\\/2008\\\/01\\\/20\\\/a-cause-des-garcons\\\/#respond\"]}]},{\"@type\":\"WebPage\",\"@id\":\"https:\\\/\\\/thierryseguin.com\\\/fr\\\/blog\\\/2008\\\/01\\\/20\\\/a-cause-des-garcons\\\/\",\"url\":\"https:\\\/\\\/thierryseguin.com\\\/fr\\\/blog\\\/2008\\\/01\\\/20\\\/a-cause-des-garcons\\\/\",\"name\":\"A cause des gar\u00e7ons -\",\"isPartOf\":{\"@id\":\"https:\\\/\\\/thierryseguin.com\\\/fr\\\/#website\"},\"datePublished\":\"2008-01-20T08:43:00+00:00\",\"dateModified\":\"2022-02-02T16:58:26+00:00\",\"author\":{\"@id\":\"https:\\\/\\\/thierryseguin.com\\\/fr\\\/#\\\/schema\\\/person\\\/3ba0d9aacd1037d1a35f64b3bc81201a\"},\"breadcrumb\":{\"@id\":\"https:\\\/\\\/thierryseguin.com\\\/fr\\\/blog\\\/2008\\\/01\\\/20\\\/a-cause-des-garcons\\\/#breadcrumb\"},\"inLanguage\":\"fr-FR\",\"potentialAction\":[{\"@type\":\"ReadAction\",\"target\":[\"https:\\\/\\\/thierryseguin.com\\\/fr\\\/blog\\\/2008\\\/01\\\/20\\\/a-cause-des-garcons\\\/\"]}]},{\"@type\":\"BreadcrumbList\",\"@id\":\"https:\\\/\\\/thierryseguin.com\\\/fr\\\/blog\\\/2008\\\/01\\\/20\\\/a-cause-des-garcons\\\/#breadcrumb\",\"itemListElement\":[{\"@type\":\"ListItem\",\"position\":1,\"name\":\"Accueil\",\"item\":\"https:\\\/\\\/thierryseguin.com\\\/fr\\\/\"},{\"@type\":\"ListItem\",\"position\":2,\"name\":\"A cause des gar\u00e7ons\"}]},{\"@type\":\"WebSite\",\"@id\":\"https:\\\/\\\/thierryseguin.com\\\/fr\\\/#website\",\"url\":\"https:\\\/\\\/thierryseguin.com\\\/fr\\\/\",\"name\":\"Thierry Seguin Photographie\",\"description\":\"Photographe de Portrait de Famille, Grossesse, B\u00e9b\u00e9s, Mariage\",\"potentialAction\":[{\"@type\":\"SearchAction\",\"target\":{\"@type\":\"EntryPoint\",\"urlTemplate\":\"https:\\\/\\\/thierryseguin.com\\\/fr\\\/?s={search_term_string}\"},\"query-input\":{\"@type\":\"PropertyValueSpecification\",\"valueRequired\":true,\"valueName\":\"search_term_string\"}}],\"inLanguage\":\"fr-FR\"},{\"@type\":\"Person\",\"@id\":\"https:\\\/\\\/thierryseguin.com\\\/fr\\\/#\\\/schema\\\/person\\\/3ba0d9aacd1037d1a35f64b3bc81201a\",\"name\":\"Thierry Seguin blogger\",\"image\":{\"@type\":\"ImageObject\",\"inLanguage\":\"fr-FR\",\"@id\":\"https:\\\/\\\/secure.gravatar.com\\\/avatar\\\/?s=96&d=wavatar&r=g\",\"url\":\"https:\\\/\\\/secure.gravatar.com\\\/avatar\\\/?s=96&d=wavatar&r=g\",\"contentUrl\":\"https:\\\/\\\/secure.gravatar.com\\\/avatar\\\/?s=96&d=wavatar&r=g\",\"caption\":\"Thierry Seguin blogger\"}}]}<\/script>\n<!-- \/ Yoast SEO plugin. -->","yoast_head_json":{"title":"A cause des gar\u00e7ons -","robots":{"index":"index","follow":"follow","max-snippet":"max-snippet:-1","max-image-preview":"max-image-preview:large","max-video-preview":"max-video-preview:-1"},"canonical":"https:\/\/thierryseguin.com\/fr\/blog\/2008\/01\/20\/a-cause-des-garcons\/","og_locale":"fr_FR","og_type":"article","og_title":"A cause des gar\u00e7ons -","og_description":"&nbsp; J&#8217;aime beaucoup ce tube qui revient sur les ondes, repris par Yelle, en version Remix. Mais connaissiez vous la version originale de mars 1987 ? Je vous la pr\u00e9sente ci-dessous, interpr\u00e9t\u00e9e par l&#8217;\u00e9ph\u00e9m\u00e8re duo Laurence Heller et H\u00e9l\u00e8ne B\u00e9rard, produit par Alain Chamfort. Dans le clip, vous reconna\u00eetrez probablement quelques figurants qui font encore [&hellip;]","og_url":"https:\/\/thierryseguin.com\/fr\/blog\/2008\/01\/20\/a-cause-des-garcons\/","og_site_name":"Thierry Seguin Photographie","article_publisher":"https:\/\/www.facebook.com\/ThierrySeguinPhotographie","article_published_time":"2008-01-20T08:43:00+00:00","article_modified_time":"2022-02-02T16:58:26+00:00","author":"Thierry Seguin blogger","twitter_card":"summary_large_image","twitter_creator":"@thierry_seguin","twitter_site":"@thierry_seguin","twitter_misc":{"\u00c9crit par":"Thierry Seguin blogger"},"schema":{"@context":"https:\/\/schema.org","@graph":[{"@type":"Article","@id":"https:\/\/thierryseguin.com\/fr\/blog\/2008\/01\/20\/a-cause-des-garcons\/#article","isPartOf":{"@id":"https:\/\/thierryseguin.com\/fr\/blog\/2008\/01\/20\/a-cause-des-garcons\/"},"author":{"name":"Thierry Seguin blogger","@id":"https:\/\/thierryseguin.com\/fr\/#\/schema\/person\/3ba0d9aacd1037d1a35f64b3bc81201a"},"headline":"A cause des gar\u00e7ons","datePublished":"2008-01-20T08:43:00+00:00","dateModified":"2022-02-02T16:58:26+00:00","mainEntityOfPage":{"@id":"https:\/\/thierryseguin.com\/fr\/blog\/2008\/01\/20\/a-cause-des-garcons\/"},"wordCount":92,"commentCount":1,"inLanguage":"fr-FR","potentialAction":[{"@type":"CommentAction","name":"Comment","target":["https:\/\/thierryseguin.com\/fr\/blog\/2008\/01\/20\/a-cause-des-garcons\/#respond"]}]},{"@type":"WebPage","@id":"https:\/\/thierryseguin.com\/fr\/blog\/2008\/01\/20\/a-cause-des-garcons\/","url":"https:\/\/thierryseguin.com\/fr\/blog\/2008\/01\/20\/a-cause-des-garcons\/","name":"A cause des gar\u00e7ons -","isPartOf":{"@id":"https:\/\/thierryseguin.com\/fr\/#website"},"datePublished":"2008-01-20T08:43:00+00:00","dateModified":"2022-02-02T16:58:26+00:00","author":{"@id":"https:\/\/thierryseguin.com\/fr\/#\/schema\/person\/3ba0d9aacd1037d1a35f64b3bc81201a"},"breadcrumb":{"@id":"https:\/\/thierryseguin.com\/fr\/blog\/2008\/01\/20\/a-cause-des-garcons\/#breadcrumb"},"inLanguage":"fr-FR","potentialAction":[{"@type":"ReadAction","target":["https:\/\/thierryseguin.com\/fr\/blog\/2008\/01\/20\/a-cause-des-garcons\/"]}]},{"@type":"BreadcrumbList","@id":"https:\/\/thierryseguin.com\/fr\/blog\/2008\/01\/20\/a-cause-des-garcons\/#breadcrumb","itemListElement":[{"@type":"ListItem","position":1,"name":"Accueil","item":"https:\/\/thierryseguin.com\/fr\/"},{"@type":"ListItem","position":2,"name":"A cause des gar\u00e7ons"}]},{"@type":"WebSite","@id":"https:\/\/thierryseguin.com\/fr\/#website","url":"https:\/\/thierryseguin.com\/fr\/","name":"Thierry Seguin Photographie","description":"Photographe de Portrait de Famille, Grossesse, B\u00e9b\u00e9s, Mariage","potentialAction":[{"@type":"SearchAction","target":{"@type":"EntryPoint","urlTemplate":"https:\/\/thierryseguin.com\/fr\/?s={search_term_string}"},"query-input":{"@type":"PropertyValueSpecification","valueRequired":true,"valueName":"search_term_string"}}],"inLanguage":"fr-FR"},{"@type":"Person","@id":"https:\/\/thierryseguin.com\/fr\/#\/schema\/person\/3ba0d9aacd1037d1a35f64b3bc81201a","name":"Thierry Seguin blogger","image":{"@type":"ImageObject","inLanguage":"fr-FR","@id":"https:\/\/secure.gravatar.com\/avatar\/?s=96&d=wavatar&r=g","url":"https:\/\/secure.gravatar.com\/avatar\/?s=96&d=wavatar&r=g","contentUrl":"https:\/\/secure.gravatar.com\/avatar\/?s=96&d=wavatar&r=g","caption":"Thierry Seguin blogger"}}]}},"_links":{"self":[{"href":"https:\/\/thierryseguin.com\/fr\/wp-json\/wp\/v2\/posts\/93","targetHints":{"allow":["GET"]}}],"collection":[{"href":"https:\/\/thierryseguin.com\/fr\/wp-json\/wp\/v2\/posts"}],"about":[{"href":"https:\/\/thierryseguin.com\/fr\/wp-json\/wp\/v2\/types\/post"}],"author":[{"embeddable":true,"href":"https:\/\/thierryseguin.com\/fr\/wp-json\/wp\/v2\/users\/2"}],"replies":[{"embeddable":true,"href":"https:\/\/thierryseguin.com\/fr\/wp-json\/wp\/v2\/comments?post=93"}],"version-history":[{"count":8,"href":"https:\/\/thierryseguin.com\/fr\/wp-json\/wp\/v2\/posts\/93\/revisions"}],"predecessor-version":[{"id":24332,"href":"https:\/\/thierryseguin.com\/fr\/wp-json\/wp\/v2\/posts\/93\/revisions\/24332"}],"wp:attachment":[{"href":"https:\/\/thierryseguin.com\/fr\/wp-json\/wp\/v2\/media?parent=93"}],"wp:term":[{"taxonomy":"category","embeddable":true,"href":"https:\/\/thierryseguin.com\/fr\/wp-json\/wp\/v2\/categories?post=93"},{"taxonomy":"post_tag","embeddable":true,"href":"https:\/\/thierryseguin.com\/fr\/wp-json\/wp\/v2\/tags?post=93"}],"curies":[{"name":"wp","href":"https:\/\/api.w.org\/{rel}","templated":true}]}}