{"id":96,"date":"2007-12-29T18:48:00","date_gmt":"2007-12-29T18:48:00","guid":{"rendered":"http:\/\/www.thierryseguin.com\/blog\/2007\/12\/29\/uncategorized\/noel-dans-les-volcans-dauvergne\/"},"modified":"2007-12-29T18:48:00","modified_gmt":"2007-12-29T18:48:00","slug":"noel-dans-les-volcans-dauvergne","status":"publish","type":"post","link":"https:\/\/thierryseguin.com\/fr\/blog\/2007\/12\/29\/noel-dans-les-volcans-dauvergne\/","title":{"rendered":"No\u00ebl dans les volcans d&#8217;Auvergne"},"content":{"rendered":"<p>Le Week-End pr\u00e9c\u00e9dent No\u00ebl, je suis all\u00e9 en r\u00e9union de famille dans le village d&#8217;origine de mes grands-parents paternels, en Auvergne dans le Puy-de-D\u00f4me.<\/p>\n<p>Ce f\u00fbt l&#8217;occasion de quelques randonn\u00e9es \u00e0 la tomb\u00e9e du jour, avec au loin, le Parc Naturel des Volcans d&#8217;Auvergne sous la pleine lune.<\/p>\n<p><a href=\"http:\/\/bp2.blogger.com\/__MnoThhEels\/R3cJP4-eqkI\/AAAAAAAAA4A\/FsbCA_7ovIw\/s1600-h\/SEG_6269.jpg\"><img decoding=\"async\" id=\"BLOGGER_PHOTO_ID_5149594867518581314\" style=\"DISPLAY: block; MARGIN: 0px auto 10px; CURSOR: hand; TEXT-ALIGN: center\" alt=\"\" src=\"http:\/\/bp2.blogger.com\/__MnoThhEels\/R3cJP4-eqkI\/AAAAAAAAA4A\/FsbCA_7ovIw\/s400\/SEG_6269.jpg\" border=\"0\" \/><\/a><\/p>\n<div>\n<div><a href=\"http:\/\/bp2.blogger.com\/__MnoThhEels\/R3cH24-eqgI\/AAAAAAAAA3g\/7n40Gdl66N4\/s1600-h\/SEG_6271.jpg\"><\/a><br \/><a href=\"http:\/\/bp3.blogger.com\/__MnoThhEels\/R3cH3I-eqhI\/AAAAAAAAA3o\/t4_LOFqmr9s\/s1600-h\/SEG_6283.jpg\"><img decoding=\"async\" id=\"BLOGGER_PHOTO_ID_5149593342805191186\" style=\"DISPLAY: block; MARGIN: 0px auto 10px; CURSOR: hand; TEXT-ALIGN: center\" alt=\"\" src=\"http:\/\/bp3.blogger.com\/__MnoThhEels\/R3cH3I-eqhI\/AAAAAAAAA3o\/t4_LOFqmr9s\/s400\/SEG_6283.jpg\" border=\"0\" \/><\/a><br \/><a href=\"http:\/\/bp0.blogger.com\/__MnoThhEels\/R3cH3Y-eqiI\/AAAAAAAAA3w\/eCK80K9I_AE\/s1600-h\/SEG_6293.jpg\"><img decoding=\"async\" id=\"BLOGGER_PHOTO_ID_5149593347100158498\" style=\"DISPLAY: block; MARGIN: 0px auto 10px; CURSOR: hand; TEXT-ALIGN: center\" alt=\"\" src=\"http:\/\/bp0.blogger.com\/__MnoThhEels\/R3cH3Y-eqiI\/AAAAAAAAA3w\/eCK80K9I_AE\/s400\/SEG_6293.jpg\" border=\"0\" \/><\/a><\/p>\n<p><\/p>\n<div><a href=\"http:\/\/bp1.blogger.com\/__MnoThhEels\/R3cHpo-eqbI\/AAAAAAAAA24\/r8bqFMRm7jE\/s1600-h\/SEG_6266_1.jpg\"><img decoding=\"async\" id=\"BLOGGER_PHOTO_ID_5149593110876957106\" style=\"DISPLAY: block; MARGIN: 0px auto 10px; CURSOR: hand; TEXT-ALIGN: center\" alt=\"\" src=\"http:\/\/bp1.blogger.com\/__MnoThhEels\/R3cHpo-eqbI\/AAAAAAAAA24\/r8bqFMRm7jE\/s400\/SEG_6266_1.jpg\" border=\"0\" \/><\/a><br \/><a href=\"http:\/\/bp1.blogger.com\/__MnoThhEels\/R3cHpo-eqcI\/AAAAAAAAA3A\/FJouuxEPsjE\/s1600-h\/SEG_6267.jpg\"><img decoding=\"async\" id=\"BLOGGER_PHOTO_ID_5149593110876957122\" style=\"DISPLAY: block; MARGIN: 0px auto 10px; CURSOR: hand; TEXT-ALIGN: center\" alt=\"\" src=\"http:\/\/bp1.blogger.com\/__MnoThhEels\/R3cHpo-eqcI\/AAAAAAAAA3A\/FJouuxEPsjE\/s400\/SEG_6267.jpg\" border=\"0\" \/><\/a><br \/><a href=\"http:\/\/bp2.blogger.com\/__MnoThhEels\/R3cHp4-eqdI\/AAAAAAAAA3I\/Kw7dA0N_djs\/s1600-h\/SEG_6268.jpg\"><img decoding=\"async\" id=\"BLOGGER_PHOTO_ID_5149593115171924434\" style=\"DISPLAY: block; MARGIN: 0px auto 10px; CURSOR: hand; TEXT-ALIGN: center\" alt=\"\" src=\"http:\/\/bp2.blogger.com\/__MnoThhEels\/R3cHp4-eqdI\/AAAAAAAAA3I\/Kw7dA0N_djs\/s400\/SEG_6268.jpg\" border=\"0\" \/><\/a><br \/><a href=\"http:\/\/bp2.blogger.com\/__MnoThhEels\/R3cHp4-eqeI\/AAAAAAAAA3Q\/kxgs7-_eqms\/s1600-h\/SEG_6271.jpg\"><img decoding=\"async\" id=\"BLOGGER_PHOTO_ID_5149593115171924450\" style=\"DISPLAY: block; MARGIN: 0px auto 10px; CURSOR: hand; TEXT-ALIGN: center\" alt=\"\" src=\"http:\/\/bp2.blogger.com\/__MnoThhEels\/R3cHp4-eqeI\/AAAAAAAAA3Q\/kxgs7-_eqms\/s400\/SEG_6271.jpg\" border=\"0\" \/><\/a><br \/><a href=\"http:\/\/bp3.blogger.com\/__MnoThhEels\/R3cHqI-eqfI\/AAAAAAAAA3Y\/PHKxduxWqXg\/s1600-h\/SEG_6271.jpg\"><\/a><\/p>\n<div><\/div>\n<\/div>\n<\/div>\n<\/div>\n","protected":false},"excerpt":{"rendered":"<p>Le Week-End pr\u00e9c\u00e9dent No\u00ebl, je suis all\u00e9 en r\u00e9union de famille dans le village d&#8217;origine de mes grands-parents paternels, en Auvergne dans le Puy-de-D\u00f4me. Ce f\u00fbt l&#8217;occasion de quelques randonn\u00e9es \u00e0 la tomb\u00e9e du jour, avec au loin, le Parc Naturel des Volcans d&#8217;Auvergne sous la pleine lune.<\/p>\n","protected":false},"author":2,"featured_media":0,"comment_status":"open","ping_status":"open","sticky":false,"template":"","format":"standard","meta":{"pp_embeds":"","footnotes":""},"categories":[1],"tags":[],"class_list":["post-96","post","type-post","status-publish","format-standard","hentry","category-non-classe"],"yoast_head":"<!-- This site is optimized with the Yoast SEO plugin v27.5 - https:\/\/yoast.com\/product\/yoast-seo-wordpress\/ -->\n<title>No\u00ebl dans les volcans d&#039;Auvergne -<\/title>\n<meta name=\"robots\" content=\"index, follow, max-snippet:-1, max-image-preview:large, max-video-preview:-1\" \/>\n<link rel=\"canonical\" href=\"https:\/\/thierryseguin.com\/fr\/blog\/2007\/12\/29\/noel-dans-les-volcans-dauvergne\/\" \/>\n<meta property=\"og:locale\" content=\"fr_FR\" \/>\n<meta property=\"og:type\" content=\"article\" \/>\n<meta property=\"og:title\" content=\"No\u00ebl dans les volcans d&#039;Auvergne -\" \/>\n<meta property=\"og:description\" content=\"Le Week-End pr\u00e9c\u00e9dent No\u00ebl, je suis all\u00e9 en r\u00e9union de famille dans le village d&#8217;origine de mes grands-parents paternels, en Auvergne dans le Puy-de-D\u00f4me. Ce f\u00fbt l&#8217;occasion de quelques randonn\u00e9es \u00e0 la tomb\u00e9e du jour, avec au loin, le Parc Naturel des Volcans d&#8217;Auvergne sous la pleine lune.\" \/>\n<meta property=\"og:url\" content=\"https:\/\/thierryseguin.com\/fr\/blog\/2007\/12\/29\/noel-dans-les-volcans-dauvergne\/\" \/>\n<meta property=\"og:site_name\" content=\"Thierry Seguin Photographie\" \/>\n<meta property=\"article:publisher\" content=\"https:\/\/www.facebook.com\/ThierrySeguinPhotographie\" \/>\n<meta property=\"article:published_time\" content=\"2007-12-29T18:48:00+00:00\" \/>\n<meta property=\"og:image\" content=\"http:\/\/bp2.blogger.com\/__MnoThhEels\/R3cJP4-eqkI\/AAAAAAAAA4A\/FsbCA_7ovIw\/s400\/SEG_6269.jpg\" \/>\n<meta name=\"author\" content=\"Thierry Seguin blogger\" \/>\n<meta name=\"twitter:card\" content=\"summary_large_image\" \/>\n<meta name=\"twitter:creator\" content=\"@thierry_seguin\" \/>\n<meta name=\"twitter:site\" content=\"@thierry_seguin\" \/>\n<meta name=\"twitter:label1\" content=\"\u00c9crit par\" \/>\n\t<meta name=\"twitter:data1\" content=\"Thierry Seguin blogger\" \/>\n<script type=\"application\/ld+json\" class=\"yoast-schema-graph\">{\"@context\":\"https:\\\/\\\/schema.org\",\"@graph\":[{\"@type\":\"Article\",\"@id\":\"https:\\\/\\\/thierryseguin.com\\\/fr\\\/blog\\\/2007\\\/12\\\/29\\\/noel-dans-les-volcans-dauvergne\\\/#article\",\"isPartOf\":{\"@id\":\"https:\\\/\\\/thierryseguin.com\\\/fr\\\/blog\\\/2007\\\/12\\\/29\\\/noel-dans-les-volcans-dauvergne\\\/\"},\"author\":{\"name\":\"Thierry Seguin blogger\",\"@id\":\"https:\\\/\\\/thierryseguin.com\\\/fr\\\/#\\\/schema\\\/person\\\/3ba0d9aacd1037d1a35f64b3bc81201a\"},\"headline\":\"No\u00ebl dans les volcans d&#8217;Auvergne\",\"datePublished\":\"2007-12-29T18:48:00+00:00\",\"mainEntityOfPage\":{\"@id\":\"https:\\\/\\\/thierryseguin.com\\\/fr\\\/blog\\\/2007\\\/12\\\/29\\\/noel-dans-les-volcans-dauvergne\\\/\"},\"wordCount\":61,\"commentCount\":0,\"image\":{\"@id\":\"https:\\\/\\\/thierryseguin.com\\\/fr\\\/blog\\\/2007\\\/12\\\/29\\\/noel-dans-les-volcans-dauvergne\\\/#primaryimage\"},\"thumbnailUrl\":\"http:\\\/\\\/bp2.blogger.com\\\/__MnoThhEels\\\/R3cJP4-eqkI\\\/AAAAAAAAA4A\\\/FsbCA_7ovIw\\\/s400\\\/SEG_6269.jpg\",\"inLanguage\":\"fr-FR\",\"potentialAction\":[{\"@type\":\"CommentAction\",\"name\":\"Comment\",\"target\":[\"https:\\\/\\\/thierryseguin.com\\\/fr\\\/blog\\\/2007\\\/12\\\/29\\\/noel-dans-les-volcans-dauvergne\\\/#respond\"]}]},{\"@type\":\"WebPage\",\"@id\":\"https:\\\/\\\/thierryseguin.com\\\/fr\\\/blog\\\/2007\\\/12\\\/29\\\/noel-dans-les-volcans-dauvergne\\\/\",\"url\":\"https:\\\/\\\/thierryseguin.com\\\/fr\\\/blog\\\/2007\\\/12\\\/29\\\/noel-dans-les-volcans-dauvergne\\\/\",\"name\":\"No\u00ebl dans les volcans d'Auvergne -\",\"isPartOf\":{\"@id\":\"https:\\\/\\\/thierryseguin.com\\\/fr\\\/#website\"},\"primaryImageOfPage\":{\"@id\":\"https:\\\/\\\/thierryseguin.com\\\/fr\\\/blog\\\/2007\\\/12\\\/29\\\/noel-dans-les-volcans-dauvergne\\\/#primaryimage\"},\"image\":{\"@id\":\"https:\\\/\\\/thierryseguin.com\\\/fr\\\/blog\\\/2007\\\/12\\\/29\\\/noel-dans-les-volcans-dauvergne\\\/#primaryimage\"},\"thumbnailUrl\":\"http:\\\/\\\/bp2.blogger.com\\\/__MnoThhEels\\\/R3cJP4-eqkI\\\/AAAAAAAAA4A\\\/FsbCA_7ovIw\\\/s400\\\/SEG_6269.jpg\",\"datePublished\":\"2007-12-29T18:48:00+00:00\",\"author\":{\"@id\":\"https:\\\/\\\/thierryseguin.com\\\/fr\\\/#\\\/schema\\\/person\\\/3ba0d9aacd1037d1a35f64b3bc81201a\"},\"breadcrumb\":{\"@id\":\"https:\\\/\\\/thierryseguin.com\\\/fr\\\/blog\\\/2007\\\/12\\\/29\\\/noel-dans-les-volcans-dauvergne\\\/#breadcrumb\"},\"inLanguage\":\"fr-FR\",\"potentialAction\":[{\"@type\":\"ReadAction\",\"target\":[\"https:\\\/\\\/thierryseguin.com\\\/fr\\\/blog\\\/2007\\\/12\\\/29\\\/noel-dans-les-volcans-dauvergne\\\/\"]}]},{\"@type\":\"ImageObject\",\"inLanguage\":\"fr-FR\",\"@id\":\"https:\\\/\\\/thierryseguin.com\\\/fr\\\/blog\\\/2007\\\/12\\\/29\\\/noel-dans-les-volcans-dauvergne\\\/#primaryimage\",\"url\":\"http:\\\/\\\/bp2.blogger.com\\\/__MnoThhEels\\\/R3cJP4-eqkI\\\/AAAAAAAAA4A\\\/FsbCA_7ovIw\\\/s400\\\/SEG_6269.jpg\",\"contentUrl\":\"http:\\\/\\\/bp2.blogger.com\\\/__MnoThhEels\\\/R3cJP4-eqkI\\\/AAAAAAAAA4A\\\/FsbCA_7ovIw\\\/s400\\\/SEG_6269.jpg\"},{\"@type\":\"BreadcrumbList\",\"@id\":\"https:\\\/\\\/thierryseguin.com\\\/fr\\\/blog\\\/2007\\\/12\\\/29\\\/noel-dans-les-volcans-dauvergne\\\/#breadcrumb\",\"itemListElement\":[{\"@type\":\"ListItem\",\"position\":1,\"name\":\"Accueil\",\"item\":\"https:\\\/\\\/thierryseguin.com\\\/fr\\\/\"},{\"@type\":\"ListItem\",\"position\":2,\"name\":\"No\u00ebl dans les volcans d&#8217;Auvergne\"}]},{\"@type\":\"WebSite\",\"@id\":\"https:\\\/\\\/thierryseguin.com\\\/fr\\\/#website\",\"url\":\"https:\\\/\\\/thierryseguin.com\\\/fr\\\/\",\"name\":\"Thierry Seguin Photographie\",\"description\":\"Photographe de Portrait de Famille, Grossesse, B\u00e9b\u00e9s, Mariage\",\"potentialAction\":[{\"@type\":\"SearchAction\",\"target\":{\"@type\":\"EntryPoint\",\"urlTemplate\":\"https:\\\/\\\/thierryseguin.com\\\/fr\\\/?s={search_term_string}\"},\"query-input\":{\"@type\":\"PropertyValueSpecification\",\"valueRequired\":true,\"valueName\":\"search_term_string\"}}],\"inLanguage\":\"fr-FR\"},{\"@type\":\"Person\",\"@id\":\"https:\\\/\\\/thierryseguin.com\\\/fr\\\/#\\\/schema\\\/person\\\/3ba0d9aacd1037d1a35f64b3bc81201a\",\"name\":\"Thierry Seguin blogger\",\"image\":{\"@type\":\"ImageObject\",\"inLanguage\":\"fr-FR\",\"@id\":\"https:\\\/\\\/secure.gravatar.com\\\/avatar\\\/?s=96&d=wavatar&r=g\",\"url\":\"https:\\\/\\\/secure.gravatar.com\\\/avatar\\\/?s=96&d=wavatar&r=g\",\"contentUrl\":\"https:\\\/\\\/secure.gravatar.com\\\/avatar\\\/?s=96&d=wavatar&r=g\",\"caption\":\"Thierry Seguin blogger\"}}]}<\/script>\n<!-- \/ Yoast SEO plugin. -->","yoast_head_json":{"title":"No\u00ebl dans les volcans d'Auvergne -","robots":{"index":"index","follow":"follow","max-snippet":"max-snippet:-1","max-image-preview":"max-image-preview:large","max-video-preview":"max-video-preview:-1"},"canonical":"https:\/\/thierryseguin.com\/fr\/blog\/2007\/12\/29\/noel-dans-les-volcans-dauvergne\/","og_locale":"fr_FR","og_type":"article","og_title":"No\u00ebl dans les volcans d'Auvergne -","og_description":"Le Week-End pr\u00e9c\u00e9dent No\u00ebl, je suis all\u00e9 en r\u00e9union de famille dans le village d&#8217;origine de mes grands-parents paternels, en Auvergne dans le Puy-de-D\u00f4me. Ce f\u00fbt l&#8217;occasion de quelques randonn\u00e9es \u00e0 la tomb\u00e9e du jour, avec au loin, le Parc Naturel des Volcans d&#8217;Auvergne sous la pleine lune.","og_url":"https:\/\/thierryseguin.com\/fr\/blog\/2007\/12\/29\/noel-dans-les-volcans-dauvergne\/","og_site_name":"Thierry Seguin Photographie","article_publisher":"https:\/\/www.facebook.com\/ThierrySeguinPhotographie","article_published_time":"2007-12-29T18:48:00+00:00","og_image":[{"url":"http:\/\/bp2.blogger.com\/__MnoThhEels\/R3cJP4-eqkI\/AAAAAAAAA4A\/FsbCA_7ovIw\/s400\/SEG_6269.jpg","type":"","width":"","height":""}],"author":"Thierry Seguin blogger","twitter_card":"summary_large_image","twitter_creator":"@thierry_seguin","twitter_site":"@thierry_seguin","twitter_misc":{"\u00c9crit par":"Thierry Seguin blogger"},"schema":{"@context":"https:\/\/schema.org","@graph":[{"@type":"Article","@id":"https:\/\/thierryseguin.com\/fr\/blog\/2007\/12\/29\/noel-dans-les-volcans-dauvergne\/#article","isPartOf":{"@id":"https:\/\/thierryseguin.com\/fr\/blog\/2007\/12\/29\/noel-dans-les-volcans-dauvergne\/"},"author":{"name":"Thierry Seguin blogger","@id":"https:\/\/thierryseguin.com\/fr\/#\/schema\/person\/3ba0d9aacd1037d1a35f64b3bc81201a"},"headline":"No\u00ebl dans les volcans d&#8217;Auvergne","datePublished":"2007-12-29T18:48:00+00:00","mainEntityOfPage":{"@id":"https:\/\/thierryseguin.com\/fr\/blog\/2007\/12\/29\/noel-dans-les-volcans-dauvergne\/"},"wordCount":61,"commentCount":0,"image":{"@id":"https:\/\/thierryseguin.com\/fr\/blog\/2007\/12\/29\/noel-dans-les-volcans-dauvergne\/#primaryimage"},"thumbnailUrl":"http:\/\/bp2.blogger.com\/__MnoThhEels\/R3cJP4-eqkI\/AAAAAAAAA4A\/FsbCA_7ovIw\/s400\/SEG_6269.jpg","inLanguage":"fr-FR","potentialAction":[{"@type":"CommentAction","name":"Comment","target":["https:\/\/thierryseguin.com\/fr\/blog\/2007\/12\/29\/noel-dans-les-volcans-dauvergne\/#respond"]}]},{"@type":"WebPage","@id":"https:\/\/thierryseguin.com\/fr\/blog\/2007\/12\/29\/noel-dans-les-volcans-dauvergne\/","url":"https:\/\/thierryseguin.com\/fr\/blog\/2007\/12\/29\/noel-dans-les-volcans-dauvergne\/","name":"No\u00ebl dans les volcans d'Auvergne -","isPartOf":{"@id":"https:\/\/thierryseguin.com\/fr\/#website"},"primaryImageOfPage":{"@id":"https:\/\/thierryseguin.com\/fr\/blog\/2007\/12\/29\/noel-dans-les-volcans-dauvergne\/#primaryimage"},"image":{"@id":"https:\/\/thierryseguin.com\/fr\/blog\/2007\/12\/29\/noel-dans-les-volcans-dauvergne\/#primaryimage"},"thumbnailUrl":"http:\/\/bp2.blogger.com\/__MnoThhEels\/R3cJP4-eqkI\/AAAAAAAAA4A\/FsbCA_7ovIw\/s400\/SEG_6269.jpg","datePublished":"2007-12-29T18:48:00+00:00","author":{"@id":"https:\/\/thierryseguin.com\/fr\/#\/schema\/person\/3ba0d9aacd1037d1a35f64b3bc81201a"},"breadcrumb":{"@id":"https:\/\/thierryseguin.com\/fr\/blog\/2007\/12\/29\/noel-dans-les-volcans-dauvergne\/#breadcrumb"},"inLanguage":"fr-FR","potentialAction":[{"@type":"ReadAction","target":["https:\/\/thierryseguin.com\/fr\/blog\/2007\/12\/29\/noel-dans-les-volcans-dauvergne\/"]}]},{"@type":"ImageObject","inLanguage":"fr-FR","@id":"https:\/\/thierryseguin.com\/fr\/blog\/2007\/12\/29\/noel-dans-les-volcans-dauvergne\/#primaryimage","url":"http:\/\/bp2.blogger.com\/__MnoThhEels\/R3cJP4-eqkI\/AAAAAAAAA4A\/FsbCA_7ovIw\/s400\/SEG_6269.jpg","contentUrl":"http:\/\/bp2.blogger.com\/__MnoThhEels\/R3cJP4-eqkI\/AAAAAAAAA4A\/FsbCA_7ovIw\/s400\/SEG_6269.jpg"},{"@type":"BreadcrumbList","@id":"https:\/\/thierryseguin.com\/fr\/blog\/2007\/12\/29\/noel-dans-les-volcans-dauvergne\/#breadcrumb","itemListElement":[{"@type":"ListItem","position":1,"name":"Accueil","item":"https:\/\/thierryseguin.com\/fr\/"},{"@type":"ListItem","position":2,"name":"No\u00ebl dans les volcans d&#8217;Auvergne"}]},{"@type":"WebSite","@id":"https:\/\/thierryseguin.com\/fr\/#website","url":"https:\/\/thierryseguin.com\/fr\/","name":"Thierry Seguin Photographie","description":"Photographe de Portrait de Famille, Grossesse, B\u00e9b\u00e9s, Mariage","potentialAction":[{"@type":"SearchAction","target":{"@type":"EntryPoint","urlTemplate":"https:\/\/thierryseguin.com\/fr\/?s={search_term_string}"},"query-input":{"@type":"PropertyValueSpecification","valueRequired":true,"valueName":"search_term_string"}}],"inLanguage":"fr-FR"},{"@type":"Person","@id":"https:\/\/thierryseguin.com\/fr\/#\/schema\/person\/3ba0d9aacd1037d1a35f64b3bc81201a","name":"Thierry Seguin blogger","image":{"@type":"ImageObject","inLanguage":"fr-FR","@id":"https:\/\/secure.gravatar.com\/avatar\/?s=96&d=wavatar&r=g","url":"https:\/\/secure.gravatar.com\/avatar\/?s=96&d=wavatar&r=g","contentUrl":"https:\/\/secure.gravatar.com\/avatar\/?s=96&d=wavatar&r=g","caption":"Thierry Seguin blogger"}}]}},"_links":{"self":[{"href":"https:\/\/thierryseguin.com\/fr\/wp-json\/wp\/v2\/posts\/96","targetHints":{"allow":["GET"]}}],"collection":[{"href":"https:\/\/thierryseguin.com\/fr\/wp-json\/wp\/v2\/posts"}],"about":[{"href":"https:\/\/thierryseguin.com\/fr\/wp-json\/wp\/v2\/types\/post"}],"author":[{"embeddable":true,"href":"https:\/\/thierryseguin.com\/fr\/wp-json\/wp\/v2\/users\/2"}],"replies":[{"embeddable":true,"href":"https:\/\/thierryseguin.com\/fr\/wp-json\/wp\/v2\/comments?post=96"}],"version-history":[{"count":0,"href":"https:\/\/thierryseguin.com\/fr\/wp-json\/wp\/v2\/posts\/96\/revisions"}],"wp:attachment":[{"href":"https:\/\/thierryseguin.com\/fr\/wp-json\/wp\/v2\/media?parent=96"}],"wp:term":[{"taxonomy":"category","embeddable":true,"href":"https:\/\/thierryseguin.com\/fr\/wp-json\/wp\/v2\/categories?post=96"},{"taxonomy":"post_tag","embeddable":true,"href":"https:\/\/thierryseguin.com\/fr\/wp-json\/wp\/v2\/tags?post=96"}],"curies":[{"name":"wp","href":"https:\/\/api.w.org\/{rel}","templated":true}]}}