{"id":97,"date":"2007-12-29T15:58:00","date_gmt":"2007-12-29T15:58:00","guid":{"rendered":"http:\/\/www.thierryseguin.com\/blog\/2007\/12\/29\/uncategorized\/vitrines-de-noel-aux-grands-magasins-parisiens-du-printemps-et-des-galeries-lafayette\/"},"modified":"2007-12-29T15:58:00","modified_gmt":"2007-12-29T15:58:00","slug":"vitrines-de-noel-aux-grands-magasins-parisiens-du-printemps-et-des-galeries-lafayette","status":"publish","type":"post","link":"https:\/\/thierryseguin.com\/fr\/blog\/2007\/12\/29\/vitrines-de-noel-aux-grands-magasins-parisiens-du-printemps-et-des-galeries-lafayette\/","title":{"rendered":"Vitrines de No\u00ebl aux grands magasins parisiens du Printemps et des galeries Lafayette"},"content":{"rendered":"<p>Avez vous fait un tour cette ann\u00e9e aux Grands Magasins parisiens ?<\/p>\n<p>Comme chaque ann\u00e9e, les automates ont annim\u00e9 les vitrines des Grands Magasins Parisiens.<\/p>\n<p>Les 2 grandes enseignes rivalisaient de f\u00e9erie encore cette ann\u00e9e !<\/p>\n<\/p>\n<p>Jugez en par vous m\u00eame :<\/p>\n<p><strong>Le Printemps :<\/strong><\/p>\n<p>Le concert des hiboux<\/p>\n<p>http:\/\/www.youtube.com\/get_player<\/p>\n<\/p>\n<p>http:\/\/www.youtube.com\/get_player<\/p>\n<\/p>\n<p>Les marrons chauds<\/p>\n<p>http:\/\/www.youtube.com\/get_player<\/p>\n<p>Les rennes ont peur des loups.<\/p>\n<p>http:\/\/www.youtube.com\/get_player<\/p>\n<p>Le festin des loups<\/p>\n<p>http:\/\/www.youtube.com\/get_player<\/p>\n<\/p>\n<p>http:\/\/www.youtube.com\/get_player<\/p>\n<\/p>\n<p><strong>Et Aux Galeries Lafayettes :<\/strong><\/p>\n<p>Les rennes photographes<\/p>\n<p>http:\/\/www.youtube.com\/get_player<\/p>\n<p>Les Flocons de neige<\/p>\n<p>http:\/\/www.youtube.com\/get_player<\/p>\n<p>Les Nounours Photographes<\/p>\n<p>http:\/\/www.youtube.com\/get_player<\/p>\n<p>Les &#8230;. souris ?<\/p>\n<\/p>\n<p>http:\/\/www.youtube.com\/get_player<\/p>\n<p>Les &#8230;. font de la musique.<\/p>\n<\/p>\n<p>http:\/\/www.youtube.com\/get_player<\/p>\n<p>Les b\u00e9b\u00e9s libellules<\/p>\n<\/p>\n<p>http:\/\/www.youtube.com\/get_player<\/p><\/p>\n","protected":false},"excerpt":{"rendered":"<p>Avez vous fait un tour cette ann\u00e9e aux Grands Magasins parisiens ? Comme chaque ann\u00e9e, les automates ont annim\u00e9 les vitrines des Grands Magasins Parisiens. Les 2 grandes enseignes rivalisaient de f\u00e9erie encore cette ann\u00e9e ! Jugez en par vous m\u00eame : Le Printemps : Le concert des hiboux http:\/\/www.youtube.com\/get_player http:\/\/www.youtube.com\/get_player Les marrons chauds http:\/\/www.youtube.com\/get_player...<\/p>\n","protected":false},"author":2,"featured_media":0,"comment_status":"open","ping_status":"open","sticky":false,"template":"","format":"standard","meta":{"pp_embeds":"","footnotes":""},"categories":[1],"tags":[],"class_list":["post-97","post","type-post","status-publish","format-standard","hentry","category-non-classe"],"yoast_head":"<!-- This site is optimized with the Yoast SEO plugin v27.5 - https:\/\/yoast.com\/product\/yoast-seo-wordpress\/ -->\n<title>Vitrines de No\u00ebl aux grands magasins parisiens du Printemps et des galeries Lafayette -<\/title>\n<meta name=\"robots\" content=\"index, follow, max-snippet:-1, max-image-preview:large, max-video-preview:-1\" \/>\n<link rel=\"canonical\" href=\"https:\/\/thierryseguin.com\/fr\/blog\/2007\/12\/29\/vitrines-de-noel-aux-grands-magasins-parisiens-du-printemps-et-des-galeries-lafayette\/\" \/>\n<meta property=\"og:locale\" content=\"fr_FR\" \/>\n<meta property=\"og:type\" content=\"article\" \/>\n<meta property=\"og:title\" content=\"Vitrines de No\u00ebl aux grands magasins parisiens du Printemps et des galeries Lafayette -\" \/>\n<meta property=\"og:description\" content=\"Avez vous fait un tour cette ann\u00e9e aux Grands Magasins parisiens ? Comme chaque ann\u00e9e, les automates ont annim\u00e9 les vitrines des Grands Magasins Parisiens. Les 2 grandes enseignes rivalisaient de f\u00e9erie encore cette ann\u00e9e ! Jugez en par vous m\u00eame : Le Printemps : Le concert des hiboux http:\/\/www.youtube.com\/get_player http:\/\/www.youtube.com\/get_player Les marrons chauds http:\/\/www.youtube.com\/get_player [&hellip;]\" \/>\n<meta property=\"og:url\" content=\"https:\/\/thierryseguin.com\/fr\/blog\/2007\/12\/29\/vitrines-de-noel-aux-grands-magasins-parisiens-du-printemps-et-des-galeries-lafayette\/\" \/>\n<meta property=\"og:site_name\" content=\"Thierry Seguin Photographie\" \/>\n<meta property=\"article:publisher\" content=\"https:\/\/www.facebook.com\/ThierrySeguinPhotographie\" \/>\n<meta property=\"article:published_time\" content=\"2007-12-29T15:58:00+00:00\" \/>\n<meta name=\"author\" content=\"Thierry Seguin blogger\" \/>\n<meta name=\"twitter:card\" content=\"summary_large_image\" \/>\n<meta name=\"twitter:creator\" content=\"@thierry_seguin\" \/>\n<meta name=\"twitter:site\" content=\"@thierry_seguin\" \/>\n<meta name=\"twitter:label1\" content=\"\u00c9crit par\" \/>\n\t<meta name=\"twitter:data1\" content=\"Thierry Seguin blogger\" \/>\n\t<meta name=\"twitter:label2\" content=\"Dur\u00e9e de lecture estim\u00e9e\" \/>\n\t<meta name=\"twitter:data2\" content=\"1 minute\" \/>\n<script type=\"application\/ld+json\" class=\"yoast-schema-graph\">{\"@context\":\"https:\\\/\\\/schema.org\",\"@graph\":[{\"@type\":\"Article\",\"@id\":\"https:\\\/\\\/thierryseguin.com\\\/fr\\\/blog\\\/2007\\\/12\\\/29\\\/vitrines-de-noel-aux-grands-magasins-parisiens-du-printemps-et-des-galeries-lafayette\\\/#article\",\"isPartOf\":{\"@id\":\"https:\\\/\\\/thierryseguin.com\\\/fr\\\/blog\\\/2007\\\/12\\\/29\\\/vitrines-de-noel-aux-grands-magasins-parisiens-du-printemps-et-des-galeries-lafayette\\\/\"},\"author\":{\"name\":\"Thierry Seguin blogger\",\"@id\":\"https:\\\/\\\/thierryseguin.com\\\/fr\\\/#\\\/schema\\\/person\\\/3ba0d9aacd1037d1a35f64b3bc81201a\"},\"headline\":\"Vitrines de No\u00ebl aux grands magasins parisiens du Printemps et des galeries Lafayette\",\"datePublished\":\"2007-12-29T15:58:00+00:00\",\"mainEntityOfPage\":{\"@id\":\"https:\\\/\\\/thierryseguin.com\\\/fr\\\/blog\\\/2007\\\/12\\\/29\\\/vitrines-de-noel-aux-grands-magasins-parisiens-du-printemps-et-des-galeries-lafayette\\\/\"},\"wordCount\":174,\"commentCount\":0,\"inLanguage\":\"fr-FR\",\"potentialAction\":[{\"@type\":\"CommentAction\",\"name\":\"Comment\",\"target\":[\"https:\\\/\\\/thierryseguin.com\\\/fr\\\/blog\\\/2007\\\/12\\\/29\\\/vitrines-de-noel-aux-grands-magasins-parisiens-du-printemps-et-des-galeries-lafayette\\\/#respond\"]}]},{\"@type\":\"WebPage\",\"@id\":\"https:\\\/\\\/thierryseguin.com\\\/fr\\\/blog\\\/2007\\\/12\\\/29\\\/vitrines-de-noel-aux-grands-magasins-parisiens-du-printemps-et-des-galeries-lafayette\\\/\",\"url\":\"https:\\\/\\\/thierryseguin.com\\\/fr\\\/blog\\\/2007\\\/12\\\/29\\\/vitrines-de-noel-aux-grands-magasins-parisiens-du-printemps-et-des-galeries-lafayette\\\/\",\"name\":\"Vitrines de No\u00ebl aux grands magasins parisiens du Printemps et des galeries Lafayette -\",\"isPartOf\":{\"@id\":\"https:\\\/\\\/thierryseguin.com\\\/fr\\\/#website\"},\"datePublished\":\"2007-12-29T15:58:00+00:00\",\"author\":{\"@id\":\"https:\\\/\\\/thierryseguin.com\\\/fr\\\/#\\\/schema\\\/person\\\/3ba0d9aacd1037d1a35f64b3bc81201a\"},\"breadcrumb\":{\"@id\":\"https:\\\/\\\/thierryseguin.com\\\/fr\\\/blog\\\/2007\\\/12\\\/29\\\/vitrines-de-noel-aux-grands-magasins-parisiens-du-printemps-et-des-galeries-lafayette\\\/#breadcrumb\"},\"inLanguage\":\"fr-FR\",\"potentialAction\":[{\"@type\":\"ReadAction\",\"target\":[\"https:\\\/\\\/thierryseguin.com\\\/fr\\\/blog\\\/2007\\\/12\\\/29\\\/vitrines-de-noel-aux-grands-magasins-parisiens-du-printemps-et-des-galeries-lafayette\\\/\"]}]},{\"@type\":\"BreadcrumbList\",\"@id\":\"https:\\\/\\\/thierryseguin.com\\\/fr\\\/blog\\\/2007\\\/12\\\/29\\\/vitrines-de-noel-aux-grands-magasins-parisiens-du-printemps-et-des-galeries-lafayette\\\/#breadcrumb\",\"itemListElement\":[{\"@type\":\"ListItem\",\"position\":1,\"name\":\"Accueil\",\"item\":\"https:\\\/\\\/thierryseguin.com\\\/fr\\\/\"},{\"@type\":\"ListItem\",\"position\":2,\"name\":\"Vitrines de No\u00ebl aux grands magasins parisiens du Printemps et des galeries Lafayette\"}]},{\"@type\":\"WebSite\",\"@id\":\"https:\\\/\\\/thierryseguin.com\\\/fr\\\/#website\",\"url\":\"https:\\\/\\\/thierryseguin.com\\\/fr\\\/\",\"name\":\"Thierry Seguin Photographie\",\"description\":\"Photographe de Portrait de Famille, Grossesse, B\u00e9b\u00e9s, Mariage\",\"potentialAction\":[{\"@type\":\"SearchAction\",\"target\":{\"@type\":\"EntryPoint\",\"urlTemplate\":\"https:\\\/\\\/thierryseguin.com\\\/fr\\\/?s={search_term_string}\"},\"query-input\":{\"@type\":\"PropertyValueSpecification\",\"valueRequired\":true,\"valueName\":\"search_term_string\"}}],\"inLanguage\":\"fr-FR\"},{\"@type\":\"Person\",\"@id\":\"https:\\\/\\\/thierryseguin.com\\\/fr\\\/#\\\/schema\\\/person\\\/3ba0d9aacd1037d1a35f64b3bc81201a\",\"name\":\"Thierry Seguin blogger\",\"image\":{\"@type\":\"ImageObject\",\"inLanguage\":\"fr-FR\",\"@id\":\"https:\\\/\\\/secure.gravatar.com\\\/avatar\\\/?s=96&d=wavatar&r=g\",\"url\":\"https:\\\/\\\/secure.gravatar.com\\\/avatar\\\/?s=96&d=wavatar&r=g\",\"contentUrl\":\"https:\\\/\\\/secure.gravatar.com\\\/avatar\\\/?s=96&d=wavatar&r=g\",\"caption\":\"Thierry Seguin blogger\"}}]}<\/script>\n<!-- \/ Yoast SEO plugin. -->","yoast_head_json":{"title":"Vitrines de No\u00ebl aux grands magasins parisiens du Printemps et des galeries Lafayette -","robots":{"index":"index","follow":"follow","max-snippet":"max-snippet:-1","max-image-preview":"max-image-preview:large","max-video-preview":"max-video-preview:-1"},"canonical":"https:\/\/thierryseguin.com\/fr\/blog\/2007\/12\/29\/vitrines-de-noel-aux-grands-magasins-parisiens-du-printemps-et-des-galeries-lafayette\/","og_locale":"fr_FR","og_type":"article","og_title":"Vitrines de No\u00ebl aux grands magasins parisiens du Printemps et des galeries Lafayette -","og_description":"Avez vous fait un tour cette ann\u00e9e aux Grands Magasins parisiens ? Comme chaque ann\u00e9e, les automates ont annim\u00e9 les vitrines des Grands Magasins Parisiens. Les 2 grandes enseignes rivalisaient de f\u00e9erie encore cette ann\u00e9e ! Jugez en par vous m\u00eame : Le Printemps : Le concert des hiboux http:\/\/www.youtube.com\/get_player http:\/\/www.youtube.com\/get_player Les marrons chauds http:\/\/www.youtube.com\/get_player [&hellip;]","og_url":"https:\/\/thierryseguin.com\/fr\/blog\/2007\/12\/29\/vitrines-de-noel-aux-grands-magasins-parisiens-du-printemps-et-des-galeries-lafayette\/","og_site_name":"Thierry Seguin Photographie","article_publisher":"https:\/\/www.facebook.com\/ThierrySeguinPhotographie","article_published_time":"2007-12-29T15:58:00+00:00","author":"Thierry Seguin blogger","twitter_card":"summary_large_image","twitter_creator":"@thierry_seguin","twitter_site":"@thierry_seguin","twitter_misc":{"\u00c9crit par":"Thierry Seguin blogger","Dur\u00e9e de lecture estim\u00e9e":"1 minute"},"schema":{"@context":"https:\/\/schema.org","@graph":[{"@type":"Article","@id":"https:\/\/thierryseguin.com\/fr\/blog\/2007\/12\/29\/vitrines-de-noel-aux-grands-magasins-parisiens-du-printemps-et-des-galeries-lafayette\/#article","isPartOf":{"@id":"https:\/\/thierryseguin.com\/fr\/blog\/2007\/12\/29\/vitrines-de-noel-aux-grands-magasins-parisiens-du-printemps-et-des-galeries-lafayette\/"},"author":{"name":"Thierry Seguin blogger","@id":"https:\/\/thierryseguin.com\/fr\/#\/schema\/person\/3ba0d9aacd1037d1a35f64b3bc81201a"},"headline":"Vitrines de No\u00ebl aux grands magasins parisiens du Printemps et des galeries Lafayette","datePublished":"2007-12-29T15:58:00+00:00","mainEntityOfPage":{"@id":"https:\/\/thierryseguin.com\/fr\/blog\/2007\/12\/29\/vitrines-de-noel-aux-grands-magasins-parisiens-du-printemps-et-des-galeries-lafayette\/"},"wordCount":174,"commentCount":0,"inLanguage":"fr-FR","potentialAction":[{"@type":"CommentAction","name":"Comment","target":["https:\/\/thierryseguin.com\/fr\/blog\/2007\/12\/29\/vitrines-de-noel-aux-grands-magasins-parisiens-du-printemps-et-des-galeries-lafayette\/#respond"]}]},{"@type":"WebPage","@id":"https:\/\/thierryseguin.com\/fr\/blog\/2007\/12\/29\/vitrines-de-noel-aux-grands-magasins-parisiens-du-printemps-et-des-galeries-lafayette\/","url":"https:\/\/thierryseguin.com\/fr\/blog\/2007\/12\/29\/vitrines-de-noel-aux-grands-magasins-parisiens-du-printemps-et-des-galeries-lafayette\/","name":"Vitrines de No\u00ebl aux grands magasins parisiens du Printemps et des galeries Lafayette -","isPartOf":{"@id":"https:\/\/thierryseguin.com\/fr\/#website"},"datePublished":"2007-12-29T15:58:00+00:00","author":{"@id":"https:\/\/thierryseguin.com\/fr\/#\/schema\/person\/3ba0d9aacd1037d1a35f64b3bc81201a"},"breadcrumb":{"@id":"https:\/\/thierryseguin.com\/fr\/blog\/2007\/12\/29\/vitrines-de-noel-aux-grands-magasins-parisiens-du-printemps-et-des-galeries-lafayette\/#breadcrumb"},"inLanguage":"fr-FR","potentialAction":[{"@type":"ReadAction","target":["https:\/\/thierryseguin.com\/fr\/blog\/2007\/12\/29\/vitrines-de-noel-aux-grands-magasins-parisiens-du-printemps-et-des-galeries-lafayette\/"]}]},{"@type":"BreadcrumbList","@id":"https:\/\/thierryseguin.com\/fr\/blog\/2007\/12\/29\/vitrines-de-noel-aux-grands-magasins-parisiens-du-printemps-et-des-galeries-lafayette\/#breadcrumb","itemListElement":[{"@type":"ListItem","position":1,"name":"Accueil","item":"https:\/\/thierryseguin.com\/fr\/"},{"@type":"ListItem","position":2,"name":"Vitrines de No\u00ebl aux grands magasins parisiens du Printemps et des galeries Lafayette"}]},{"@type":"WebSite","@id":"https:\/\/thierryseguin.com\/fr\/#website","url":"https:\/\/thierryseguin.com\/fr\/","name":"Thierry Seguin Photographie","description":"Photographe de Portrait de Famille, Grossesse, B\u00e9b\u00e9s, Mariage","potentialAction":[{"@type":"SearchAction","target":{"@type":"EntryPoint","urlTemplate":"https:\/\/thierryseguin.com\/fr\/?s={search_term_string}"},"query-input":{"@type":"PropertyValueSpecification","valueRequired":true,"valueName":"search_term_string"}}],"inLanguage":"fr-FR"},{"@type":"Person","@id":"https:\/\/thierryseguin.com\/fr\/#\/schema\/person\/3ba0d9aacd1037d1a35f64b3bc81201a","name":"Thierry Seguin blogger","image":{"@type":"ImageObject","inLanguage":"fr-FR","@id":"https:\/\/secure.gravatar.com\/avatar\/?s=96&d=wavatar&r=g","url":"https:\/\/secure.gravatar.com\/avatar\/?s=96&d=wavatar&r=g","contentUrl":"https:\/\/secure.gravatar.com\/avatar\/?s=96&d=wavatar&r=g","caption":"Thierry Seguin blogger"}}]}},"_links":{"self":[{"href":"https:\/\/thierryseguin.com\/fr\/wp-json\/wp\/v2\/posts\/97","targetHints":{"allow":["GET"]}}],"collection":[{"href":"https:\/\/thierryseguin.com\/fr\/wp-json\/wp\/v2\/posts"}],"about":[{"href":"https:\/\/thierryseguin.com\/fr\/wp-json\/wp\/v2\/types\/post"}],"author":[{"embeddable":true,"href":"https:\/\/thierryseguin.com\/fr\/wp-json\/wp\/v2\/users\/2"}],"replies":[{"embeddable":true,"href":"https:\/\/thierryseguin.com\/fr\/wp-json\/wp\/v2\/comments?post=97"}],"version-history":[{"count":0,"href":"https:\/\/thierryseguin.com\/fr\/wp-json\/wp\/v2\/posts\/97\/revisions"}],"wp:attachment":[{"href":"https:\/\/thierryseguin.com\/fr\/wp-json\/wp\/v2\/media?parent=97"}],"wp:term":[{"taxonomy":"category","embeddable":true,"href":"https:\/\/thierryseguin.com\/fr\/wp-json\/wp\/v2\/categories?post=97"},{"taxonomy":"post_tag","embeddable":true,"href":"https:\/\/thierryseguin.com\/fr\/wp-json\/wp\/v2\/tags?post=97"}],"curies":[{"name":"wp","href":"https:\/\/api.w.org\/{rel}","templated":true}]}}