{"id":98,"date":"2007-12-29T14:50:00","date_gmt":"2007-12-29T13:50:00","guid":{"rendered":"http:\/\/www.thierryseguin.com\/blog\/2007\/12\/29\/uncategorized\/maternite-de-vanessa\/"},"modified":"2012-01-10T03:14:21","modified_gmt":"2012-01-10T02:14:21","slug":"maternite-de-vanessa","status":"publish","type":"post","link":"https:\/\/thierryseguin.com\/fr\/blog\/2007\/12\/29\/maternite-de-vanessa\/","title":{"rendered":"Maternit\u00e9 de Vanessa"},"content":{"rendered":"<p>La semaine pr\u00e9c\u00e9dent No\u00ebl, Vanessa est venue \u00e0 mon studio pour garder un souvenir du d\u00e9but de sa premi\u00e8re grossesse.<\/p>\n<p>C&#8217;est un moment important de la vie d&#8217;une femme, que la p\u00e9riode \u00e9ph\u00e9m\u00e8re o\u00f9 elle porte son enfant.<\/p>\n<p>Que de souvenir pour plus tard ! Pouvoir lui dire : tu vois , tu \u00e9tais ici, dans le ventre de maman &#8230;<\/p>\n<p>Nous retrouverons Vanessa dans quelques mois, juste avant son accouchement.<\/p>\n<p><img decoding=\"async\" id=\"BLOGGER_PHOTO_ID_5149534617717352834\" style=\"DISPLAY: block; MARGIN: 0px auto 10px; CURSOR: hand; TEXT-ALIGN: center\" alt=\"\" src=\"http:\/\/bp1.blogger.com\/__MnoThhEels\/R3bSc4-eqYI\/AAAAAAAAA2g\/6ZdzOgjJdl8\/s400\/SEG_6251.jpg\" border=\"0\" \/><br \/><a href=\"http:\/\/bp1.blogger.com\/__MnoThhEels\/R3bSP4-eqTI\/AAAAAAAAA14\/A2AQ5INgu-c\/s1600-h\/SEG_6206.jpg\"><img decoding=\"async\" id=\"BLOGGER_PHOTO_ID_5149534394379053362\" style=\"DISPLAY: block; MARGIN: 0px auto 10px; CURSOR: hand; TEXT-ALIGN: center\" alt=\"\" src=\"http:\/\/bp1.blogger.com\/__MnoThhEels\/R3bSP4-eqTI\/AAAAAAAAA14\/A2AQ5INgu-c\/s400\/SEG_6206.jpg\" border=\"0\" \/><\/a><br \/><a href=\"http:\/\/bp0.blogger.com\/__MnoThhEels\/R3bSQo-eqUI\/AAAAAAAAA2A\/IlrQUZUGgM8\/s1600-h\/SEG_6210.jpg\"><img decoding=\"async\" id=\"BLOGGER_PHOTO_ID_5149534407263955266\" style=\"DISPLAY: block; MARGIN: 0px auto 10px; CURSOR: hand; TEXT-ALIGN: center\" alt=\"\" src=\"http:\/\/bp0.blogger.com\/__MnoThhEels\/R3bSQo-eqUI\/AAAAAAAAA2A\/IlrQUZUGgM8\/s400\/SEG_6210.jpg\" border=\"0\" \/><\/a><br \/><a href=\"http:\/\/bp1.blogger.com\/__MnoThhEels\/R3bSQ4-eqVI\/AAAAAAAAA2I\/zyl2b1BUGEI\/s1600-h\/SEG_6222.jpg\"><img decoding=\"async\" id=\"BLOGGER_PHOTO_ID_5149534411558922578\" style=\"DISPLAY: block; MARGIN: 0px auto 10px; CURSOR: hand; TEXT-ALIGN: center\" alt=\"\" src=\"http:\/\/bp1.blogger.com\/__MnoThhEels\/R3bSQ4-eqVI\/AAAAAAAAA2I\/zyl2b1BUGEI\/s400\/SEG_6222.jpg\" border=\"0\" \/><\/a><br \/><a href=\"http:\/\/bp0.blogger.com\/__MnoThhEels\/R3bSSo-eqWI\/AAAAAAAAA2Q\/KChQEXJSAXo\/s1600-h\/SEG_6226.jpg\"><img decoding=\"async\" id=\"BLOGGER_PHOTO_ID_5149534441623693666\" style=\"DISPLAY: block; MARGIN: 0px auto 10px; CURSOR: hand; TEXT-ALIGN: center\" alt=\"\" src=\"http:\/\/bp0.blogger.com\/__MnoThhEels\/R3bSSo-eqWI\/AAAAAAAAA2Q\/KChQEXJSAXo\/s400\/SEG_6226.jpg\" border=\"0\" \/><\/a><br \/><a href=\"http:\/\/bp1.blogger.com\/__MnoThhEels\/R3bSS4-eqXI\/AAAAAAAAA2Y\/b-o6Lcl1Z2k\/s1600-h\/SEG_6249.jpg\"><img decoding=\"async\" id=\"BLOGGER_PHOTO_ID_5149534445918660978\" style=\"DISPLAY: block; MARGIN: 0px auto 10px; CURSOR: hand; TEXT-ALIGN: center\" alt=\"\" src=\"http:\/\/bp1.blogger.com\/__MnoThhEels\/R3bSS4-eqXI\/AAAAAAAAA2Y\/b-o6Lcl1Z2k\/s400\/SEG_6249.jpg\" border=\"0\" \/><\/a><\/p>\n<div><\/div>\n","protected":false},"excerpt":{"rendered":"<p>La semaine pr\u00e9c\u00e9dent No\u00ebl, Vanessa est venue \u00e0 mon studio pour garder un souvenir du d\u00e9but de sa premi\u00e8re grossesse. C&#8217;est un moment important de la vie d&#8217;une femme, que la p\u00e9riode \u00e9ph\u00e9m\u00e8re o\u00f9 elle porte son enfant. Que de souvenir pour plus tard ! Pouvoir lui dire : tu vois , tu \u00e9tais ici,...<\/p>\n","protected":false},"author":2,"featured_media":0,"comment_status":"open","ping_status":"open","sticky":false,"template":"","format":"standard","meta":{"pp_embeds":"","footnotes":""},"categories":[1],"tags":[402,405,403,408,400,399,397],"class_list":["post-98","post","type-post","status-publish","format-standard","hentry","category-non-classe","tag-photo-femme-enceinte-boulogne-billancourt","tag-photo-femme-enceinte-paris","tag-photo-grossesse-yvelines","tag-photo-maternite","tag-photographe-future-maman-paris","tag-photographe-grossesse-boulogne-billancourt","tag-photographe-maternite-paris"],"yoast_head":"<!-- This site is optimized with the Yoast SEO plugin v27.5 - https:\/\/yoast.com\/product\/yoast-seo-wordpress\/ -->\n<title>Maternit\u00e9 de Vanessa -<\/title>\n<meta name=\"robots\" content=\"index, follow, max-snippet:-1, max-image-preview:large, max-video-preview:-1\" \/>\n<link rel=\"canonical\" href=\"https:\/\/thierryseguin.com\/fr\/blog\/2007\/12\/29\/maternite-de-vanessa\/\" \/>\n<meta property=\"og:locale\" content=\"fr_FR\" \/>\n<meta property=\"og:type\" content=\"article\" \/>\n<meta property=\"og:title\" content=\"Maternit\u00e9 de Vanessa -\" \/>\n<meta property=\"og:description\" content=\"La semaine pr\u00e9c\u00e9dent No\u00ebl, Vanessa est venue \u00e0 mon studio pour garder un souvenir du d\u00e9but de sa premi\u00e8re grossesse. C&#8217;est un moment important de la vie d&#8217;une femme, que la p\u00e9riode \u00e9ph\u00e9m\u00e8re o\u00f9 elle porte son enfant. Que de souvenir pour plus tard ! Pouvoir lui dire : tu vois , tu \u00e9tais ici, [&hellip;]\" \/>\n<meta property=\"og:url\" content=\"https:\/\/thierryseguin.com\/fr\/blog\/2007\/12\/29\/maternite-de-vanessa\/\" \/>\n<meta property=\"og:site_name\" content=\"Thierry Seguin Photographie\" \/>\n<meta property=\"article:publisher\" content=\"https:\/\/www.facebook.com\/ThierrySeguinPhotographie\" \/>\n<meta property=\"article:published_time\" content=\"2007-12-29T13:50:00+00:00\" \/>\n<meta property=\"article:modified_time\" content=\"2012-01-10T02:14:21+00:00\" \/>\n<meta property=\"og:image\" content=\"http:\/\/bp1.blogger.com\/__MnoThhEels\/R3bSc4-eqYI\/AAAAAAAAA2g\/6ZdzOgjJdl8\/s400\/SEG_6251.jpg\" \/>\n<meta name=\"author\" content=\"Thierry Seguin blogger\" \/>\n<meta name=\"twitter:card\" content=\"summary_large_image\" \/>\n<meta name=\"twitter:creator\" content=\"@thierry_seguin\" \/>\n<meta name=\"twitter:site\" content=\"@thierry_seguin\" \/>\n<meta name=\"twitter:label1\" content=\"\u00c9crit par\" \/>\n\t<meta name=\"twitter:data1\" content=\"Thierry Seguin blogger\" \/>\n<script type=\"application\/ld+json\" class=\"yoast-schema-graph\">{\"@context\":\"https:\\\/\\\/schema.org\",\"@graph\":[{\"@type\":\"Article\",\"@id\":\"https:\\\/\\\/thierryseguin.com\\\/fr\\\/blog\\\/2007\\\/12\\\/29\\\/maternite-de-vanessa\\\/#article\",\"isPartOf\":{\"@id\":\"https:\\\/\\\/thierryseguin.com\\\/fr\\\/blog\\\/2007\\\/12\\\/29\\\/maternite-de-vanessa\\\/\"},\"author\":{\"name\":\"Thierry Seguin blogger\",\"@id\":\"https:\\\/\\\/thierryseguin.com\\\/fr\\\/#\\\/schema\\\/person\\\/3ba0d9aacd1037d1a35f64b3bc81201a\"},\"headline\":\"Maternit\u00e9 de Vanessa\",\"datePublished\":\"2007-12-29T13:50:00+00:00\",\"dateModified\":\"2012-01-10T02:14:21+00:00\",\"mainEntityOfPage\":{\"@id\":\"https:\\\/\\\/thierryseguin.com\\\/fr\\\/blog\\\/2007\\\/12\\\/29\\\/maternite-de-vanessa\\\/\"},\"wordCount\":77,\"commentCount\":0,\"image\":{\"@id\":\"https:\\\/\\\/thierryseguin.com\\\/fr\\\/blog\\\/2007\\\/12\\\/29\\\/maternite-de-vanessa\\\/#primaryimage\"},\"thumbnailUrl\":\"http:\\\/\\\/bp1.blogger.com\\\/__MnoThhEels\\\/R3bSc4-eqYI\\\/AAAAAAAAA2g\\\/6ZdzOgjJdl8\\\/s400\\\/SEG_6251.jpg\",\"keywords\":[\"photo femme enceinte Boulogne-Billancourt\",\"photo femme enceinte paris\",\"photo grossesse Yvelines\",\"photo maternit\u00e9\",\"photographe future maman Paris\",\"photographe grossesse Boulogne-Billancourt\",\"photographe maternit\u00e9 Paris\"],\"inLanguage\":\"fr-FR\",\"potentialAction\":[{\"@type\":\"CommentAction\",\"name\":\"Comment\",\"target\":[\"https:\\\/\\\/thierryseguin.com\\\/fr\\\/blog\\\/2007\\\/12\\\/29\\\/maternite-de-vanessa\\\/#respond\"]}]},{\"@type\":\"WebPage\",\"@id\":\"https:\\\/\\\/thierryseguin.com\\\/fr\\\/blog\\\/2007\\\/12\\\/29\\\/maternite-de-vanessa\\\/\",\"url\":\"https:\\\/\\\/thierryseguin.com\\\/fr\\\/blog\\\/2007\\\/12\\\/29\\\/maternite-de-vanessa\\\/\",\"name\":\"Maternit\u00e9 de Vanessa -\",\"isPartOf\":{\"@id\":\"https:\\\/\\\/thierryseguin.com\\\/fr\\\/#website\"},\"primaryImageOfPage\":{\"@id\":\"https:\\\/\\\/thierryseguin.com\\\/fr\\\/blog\\\/2007\\\/12\\\/29\\\/maternite-de-vanessa\\\/#primaryimage\"},\"image\":{\"@id\":\"https:\\\/\\\/thierryseguin.com\\\/fr\\\/blog\\\/2007\\\/12\\\/29\\\/maternite-de-vanessa\\\/#primaryimage\"},\"thumbnailUrl\":\"http:\\\/\\\/bp1.blogger.com\\\/__MnoThhEels\\\/R3bSc4-eqYI\\\/AAAAAAAAA2g\\\/6ZdzOgjJdl8\\\/s400\\\/SEG_6251.jpg\",\"datePublished\":\"2007-12-29T13:50:00+00:00\",\"dateModified\":\"2012-01-10T02:14:21+00:00\",\"author\":{\"@id\":\"https:\\\/\\\/thierryseguin.com\\\/fr\\\/#\\\/schema\\\/person\\\/3ba0d9aacd1037d1a35f64b3bc81201a\"},\"breadcrumb\":{\"@id\":\"https:\\\/\\\/thierryseguin.com\\\/fr\\\/blog\\\/2007\\\/12\\\/29\\\/maternite-de-vanessa\\\/#breadcrumb\"},\"inLanguage\":\"fr-FR\",\"potentialAction\":[{\"@type\":\"ReadAction\",\"target\":[\"https:\\\/\\\/thierryseguin.com\\\/fr\\\/blog\\\/2007\\\/12\\\/29\\\/maternite-de-vanessa\\\/\"]}]},{\"@type\":\"ImageObject\",\"inLanguage\":\"fr-FR\",\"@id\":\"https:\\\/\\\/thierryseguin.com\\\/fr\\\/blog\\\/2007\\\/12\\\/29\\\/maternite-de-vanessa\\\/#primaryimage\",\"url\":\"http:\\\/\\\/bp1.blogger.com\\\/__MnoThhEels\\\/R3bSc4-eqYI\\\/AAAAAAAAA2g\\\/6ZdzOgjJdl8\\\/s400\\\/SEG_6251.jpg\",\"contentUrl\":\"http:\\\/\\\/bp1.blogger.com\\\/__MnoThhEels\\\/R3bSc4-eqYI\\\/AAAAAAAAA2g\\\/6ZdzOgjJdl8\\\/s400\\\/SEG_6251.jpg\"},{\"@type\":\"BreadcrumbList\",\"@id\":\"https:\\\/\\\/thierryseguin.com\\\/fr\\\/blog\\\/2007\\\/12\\\/29\\\/maternite-de-vanessa\\\/#breadcrumb\",\"itemListElement\":[{\"@type\":\"ListItem\",\"position\":1,\"name\":\"Accueil\",\"item\":\"https:\\\/\\\/thierryseguin.com\\\/fr\\\/\"},{\"@type\":\"ListItem\",\"position\":2,\"name\":\"Maternit\u00e9 de Vanessa\"}]},{\"@type\":\"WebSite\",\"@id\":\"https:\\\/\\\/thierryseguin.com\\\/fr\\\/#website\",\"url\":\"https:\\\/\\\/thierryseguin.com\\\/fr\\\/\",\"name\":\"Thierry Seguin Photographie\",\"description\":\"Photographe de Portrait de Famille, Grossesse, B\u00e9b\u00e9s, Mariage\",\"potentialAction\":[{\"@type\":\"SearchAction\",\"target\":{\"@type\":\"EntryPoint\",\"urlTemplate\":\"https:\\\/\\\/thierryseguin.com\\\/fr\\\/?s={search_term_string}\"},\"query-input\":{\"@type\":\"PropertyValueSpecification\",\"valueRequired\":true,\"valueName\":\"search_term_string\"}}],\"inLanguage\":\"fr-FR\"},{\"@type\":\"Person\",\"@id\":\"https:\\\/\\\/thierryseguin.com\\\/fr\\\/#\\\/schema\\\/person\\\/3ba0d9aacd1037d1a35f64b3bc81201a\",\"name\":\"Thierry Seguin blogger\",\"image\":{\"@type\":\"ImageObject\",\"inLanguage\":\"fr-FR\",\"@id\":\"https:\\\/\\\/secure.gravatar.com\\\/avatar\\\/?s=96&d=wavatar&r=g\",\"url\":\"https:\\\/\\\/secure.gravatar.com\\\/avatar\\\/?s=96&d=wavatar&r=g\",\"contentUrl\":\"https:\\\/\\\/secure.gravatar.com\\\/avatar\\\/?s=96&d=wavatar&r=g\",\"caption\":\"Thierry Seguin blogger\"}}]}<\/script>\n<!-- \/ Yoast SEO plugin. -->","yoast_head_json":{"title":"Maternit\u00e9 de Vanessa -","robots":{"index":"index","follow":"follow","max-snippet":"max-snippet:-1","max-image-preview":"max-image-preview:large","max-video-preview":"max-video-preview:-1"},"canonical":"https:\/\/thierryseguin.com\/fr\/blog\/2007\/12\/29\/maternite-de-vanessa\/","og_locale":"fr_FR","og_type":"article","og_title":"Maternit\u00e9 de Vanessa -","og_description":"La semaine pr\u00e9c\u00e9dent No\u00ebl, Vanessa est venue \u00e0 mon studio pour garder un souvenir du d\u00e9but de sa premi\u00e8re grossesse. C&#8217;est un moment important de la vie d&#8217;une femme, que la p\u00e9riode \u00e9ph\u00e9m\u00e8re o\u00f9 elle porte son enfant. Que de souvenir pour plus tard ! Pouvoir lui dire : tu vois , tu \u00e9tais ici, [&hellip;]","og_url":"https:\/\/thierryseguin.com\/fr\/blog\/2007\/12\/29\/maternite-de-vanessa\/","og_site_name":"Thierry Seguin Photographie","article_publisher":"https:\/\/www.facebook.com\/ThierrySeguinPhotographie","article_published_time":"2007-12-29T13:50:00+00:00","article_modified_time":"2012-01-10T02:14:21+00:00","og_image":[{"url":"http:\/\/bp1.blogger.com\/__MnoThhEels\/R3bSc4-eqYI\/AAAAAAAAA2g\/6ZdzOgjJdl8\/s400\/SEG_6251.jpg","type":"","width":"","height":""}],"author":"Thierry Seguin blogger","twitter_card":"summary_large_image","twitter_creator":"@thierry_seguin","twitter_site":"@thierry_seguin","twitter_misc":{"\u00c9crit par":"Thierry Seguin blogger"},"schema":{"@context":"https:\/\/schema.org","@graph":[{"@type":"Article","@id":"https:\/\/thierryseguin.com\/fr\/blog\/2007\/12\/29\/maternite-de-vanessa\/#article","isPartOf":{"@id":"https:\/\/thierryseguin.com\/fr\/blog\/2007\/12\/29\/maternite-de-vanessa\/"},"author":{"name":"Thierry Seguin blogger","@id":"https:\/\/thierryseguin.com\/fr\/#\/schema\/person\/3ba0d9aacd1037d1a35f64b3bc81201a"},"headline":"Maternit\u00e9 de Vanessa","datePublished":"2007-12-29T13:50:00+00:00","dateModified":"2012-01-10T02:14:21+00:00","mainEntityOfPage":{"@id":"https:\/\/thierryseguin.com\/fr\/blog\/2007\/12\/29\/maternite-de-vanessa\/"},"wordCount":77,"commentCount":0,"image":{"@id":"https:\/\/thierryseguin.com\/fr\/blog\/2007\/12\/29\/maternite-de-vanessa\/#primaryimage"},"thumbnailUrl":"http:\/\/bp1.blogger.com\/__MnoThhEels\/R3bSc4-eqYI\/AAAAAAAAA2g\/6ZdzOgjJdl8\/s400\/SEG_6251.jpg","keywords":["photo femme enceinte Boulogne-Billancourt","photo femme enceinte paris","photo grossesse Yvelines","photo maternit\u00e9","photographe future maman Paris","photographe grossesse Boulogne-Billancourt","photographe maternit\u00e9 Paris"],"inLanguage":"fr-FR","potentialAction":[{"@type":"CommentAction","name":"Comment","target":["https:\/\/thierryseguin.com\/fr\/blog\/2007\/12\/29\/maternite-de-vanessa\/#respond"]}]},{"@type":"WebPage","@id":"https:\/\/thierryseguin.com\/fr\/blog\/2007\/12\/29\/maternite-de-vanessa\/","url":"https:\/\/thierryseguin.com\/fr\/blog\/2007\/12\/29\/maternite-de-vanessa\/","name":"Maternit\u00e9 de Vanessa -","isPartOf":{"@id":"https:\/\/thierryseguin.com\/fr\/#website"},"primaryImageOfPage":{"@id":"https:\/\/thierryseguin.com\/fr\/blog\/2007\/12\/29\/maternite-de-vanessa\/#primaryimage"},"image":{"@id":"https:\/\/thierryseguin.com\/fr\/blog\/2007\/12\/29\/maternite-de-vanessa\/#primaryimage"},"thumbnailUrl":"http:\/\/bp1.blogger.com\/__MnoThhEels\/R3bSc4-eqYI\/AAAAAAAAA2g\/6ZdzOgjJdl8\/s400\/SEG_6251.jpg","datePublished":"2007-12-29T13:50:00+00:00","dateModified":"2012-01-10T02:14:21+00:00","author":{"@id":"https:\/\/thierryseguin.com\/fr\/#\/schema\/person\/3ba0d9aacd1037d1a35f64b3bc81201a"},"breadcrumb":{"@id":"https:\/\/thierryseguin.com\/fr\/blog\/2007\/12\/29\/maternite-de-vanessa\/#breadcrumb"},"inLanguage":"fr-FR","potentialAction":[{"@type":"ReadAction","target":["https:\/\/thierryseguin.com\/fr\/blog\/2007\/12\/29\/maternite-de-vanessa\/"]}]},{"@type":"ImageObject","inLanguage":"fr-FR","@id":"https:\/\/thierryseguin.com\/fr\/blog\/2007\/12\/29\/maternite-de-vanessa\/#primaryimage","url":"http:\/\/bp1.blogger.com\/__MnoThhEels\/R3bSc4-eqYI\/AAAAAAAAA2g\/6ZdzOgjJdl8\/s400\/SEG_6251.jpg","contentUrl":"http:\/\/bp1.blogger.com\/__MnoThhEels\/R3bSc4-eqYI\/AAAAAAAAA2g\/6ZdzOgjJdl8\/s400\/SEG_6251.jpg"},{"@type":"BreadcrumbList","@id":"https:\/\/thierryseguin.com\/fr\/blog\/2007\/12\/29\/maternite-de-vanessa\/#breadcrumb","itemListElement":[{"@type":"ListItem","position":1,"name":"Accueil","item":"https:\/\/thierryseguin.com\/fr\/"},{"@type":"ListItem","position":2,"name":"Maternit\u00e9 de Vanessa"}]},{"@type":"WebSite","@id":"https:\/\/thierryseguin.com\/fr\/#website","url":"https:\/\/thierryseguin.com\/fr\/","name":"Thierry Seguin Photographie","description":"Photographe de Portrait de Famille, Grossesse, B\u00e9b\u00e9s, Mariage","potentialAction":[{"@type":"SearchAction","target":{"@type":"EntryPoint","urlTemplate":"https:\/\/thierryseguin.com\/fr\/?s={search_term_string}"},"query-input":{"@type":"PropertyValueSpecification","valueRequired":true,"valueName":"search_term_string"}}],"inLanguage":"fr-FR"},{"@type":"Person","@id":"https:\/\/thierryseguin.com\/fr\/#\/schema\/person\/3ba0d9aacd1037d1a35f64b3bc81201a","name":"Thierry Seguin blogger","image":{"@type":"ImageObject","inLanguage":"fr-FR","@id":"https:\/\/secure.gravatar.com\/avatar\/?s=96&d=wavatar&r=g","url":"https:\/\/secure.gravatar.com\/avatar\/?s=96&d=wavatar&r=g","contentUrl":"https:\/\/secure.gravatar.com\/avatar\/?s=96&d=wavatar&r=g","caption":"Thierry Seguin blogger"}}]}},"_links":{"self":[{"href":"https:\/\/thierryseguin.com\/fr\/wp-json\/wp\/v2\/posts\/98","targetHints":{"allow":["GET"]}}],"collection":[{"href":"https:\/\/thierryseguin.com\/fr\/wp-json\/wp\/v2\/posts"}],"about":[{"href":"https:\/\/thierryseguin.com\/fr\/wp-json\/wp\/v2\/types\/post"}],"author":[{"embeddable":true,"href":"https:\/\/thierryseguin.com\/fr\/wp-json\/wp\/v2\/users\/2"}],"replies":[{"embeddable":true,"href":"https:\/\/thierryseguin.com\/fr\/wp-json\/wp\/v2\/comments?post=98"}],"version-history":[{"count":3,"href":"https:\/\/thierryseguin.com\/fr\/wp-json\/wp\/v2\/posts\/98\/revisions"}],"predecessor-version":[{"id":3519,"href":"https:\/\/thierryseguin.com\/fr\/wp-json\/wp\/v2\/posts\/98\/revisions\/3519"}],"wp:attachment":[{"href":"https:\/\/thierryseguin.com\/fr\/wp-json\/wp\/v2\/media?parent=98"}],"wp:term":[{"taxonomy":"category","embeddable":true,"href":"https:\/\/thierryseguin.com\/fr\/wp-json\/wp\/v2\/categories?post=98"},{"taxonomy":"post_tag","embeddable":true,"href":"https:\/\/thierryseguin.com\/fr\/wp-json\/wp\/v2\/tags?post=98"}],"curies":[{"name":"wp","href":"https:\/\/api.w.org\/{rel}","templated":true}]}}