{"id":99,"date":"2007-11-13T16:26:00","date_gmt":"2007-11-13T15:26:00","guid":{"rendered":"http:\/\/www.thierryseguin.com\/blog\/2007\/11\/13\/uncategorized\/mariage-daurelie-et-julien\/"},"modified":"2014-03-20T14:54:20","modified_gmt":"2014-03-20T13:54:20","slug":"mariage-daurelie-et-julien","status":"publish","type":"post","link":"https:\/\/thierryseguin.com\/fr\/blog\/2007\/11\/13\/mariage-daurelie-et-julien\/","title":{"rendered":"Mariage d&#8217;Aur\u00e9lie et Julien"},"content":{"rendered":"<div id=\"_PWletT2pKangoExt_Installed\" style=\"display: none;\"><\/div>\n<div>Ce 10 novembre j&#8217;ai eu le plaisir d&#8217;assurer le reportage du mariage d&#8217;Aur\u00e9lie et Julien.Photos de couple \u00e0 Poissy en centre ville et dans le parc Meissonier, c\u00e9r\u00e9monie civile \u00e0 Poissy (78), C\u00e9r\u00e9monie religieuse \u00e0 Carri\u00e8res sous Poissy (78), et r\u00e9ception \u00e0 <a href=\"http:\/\/www.fermeauxsaules.com\/\">la Ferme aux Saules (95).<br \/>\n<\/a><\/div>\n<div>Que du bonheur !<br \/>\nD\u00e9couvrez le Diaporama en cliquant sur la photo<\/div>\n<div><\/div>\n<p><a href=\"http:\/\/www.thierryseguin.com\/diaporamas\/AureJulPV\/\" target=\"_blank\"><img decoding=\"async\" id=\"BLOGGER_PHOTO_ID_5132489758488909954\" style=\"margin: 0px auto 10px; display: block; text-align: center;\" alt=\"\" src=\"http:\/\/bp1.blogger.com\/__MnoThhEels\/RzpEPgQP2II\/AAAAAAAAA1Y\/D2ao2GKZug8\/s400\/aureliejulien-0124.jpg\" border=\"0\" \/><\/a><\/p>\n","protected":false},"excerpt":{"rendered":"<p>Ce 10 novembre j&#8217;ai eu le plaisir d&#8217;assurer le reportage du mariage d&#8217;Aur\u00e9lie et Julien.Photos de couple \u00e0 Poissy en centre ville et dans le parc Meissonier, c\u00e9r\u00e9monie civile \u00e0 Poissy (78), C\u00e9r\u00e9monie religieuse \u00e0 Carri\u00e8res sous Poissy (78), et r\u00e9ception \u00e0 la Ferme aux Saules (95). Que du bonheur ! D\u00e9couvrez le Diaporama en...<\/p>\n","protected":false},"author":2,"featured_media":0,"comment_status":"open","ping_status":"open","sticky":false,"template":"","format":"standard","meta":{"pp_embeds":"","footnotes":""},"categories":[197,266],"tags":[320,316,317,318,655],"class_list":["post-99","post","type-post","status-publish","format-standard","hentry","category-photographe-mariage","category-seance-photos-de-couple-de-maries","tag-photographe-de-mariage-poissy","tag-photographe-mariage-carrieres-sous-poissy","tag-photographe-mariage-la-ferme-aux-saules","tag-photographe-mariage-val-doise-95","tag-photos-de-couple-de-maries-parc-meissonier-poissy"],"yoast_head":"<!-- This site is optimized with the Yoast SEO plugin v27.5 - https:\/\/yoast.com\/product\/yoast-seo-wordpress\/ -->\n<title>Mariage d&#039;Aur\u00e9lie et Julien -<\/title>\n<meta name=\"robots\" content=\"index, follow, max-snippet:-1, max-image-preview:large, max-video-preview:-1\" \/>\n<link rel=\"canonical\" href=\"https:\/\/thierryseguin.com\/fr\/blog\/2007\/11\/13\/mariage-daurelie-et-julien\/\" \/>\n<meta property=\"og:locale\" content=\"fr_FR\" \/>\n<meta property=\"og:type\" content=\"article\" \/>\n<meta property=\"og:title\" content=\"Mariage d&#039;Aur\u00e9lie et Julien -\" \/>\n<meta property=\"og:description\" content=\"Ce 10 novembre j&#8217;ai eu le plaisir d&#8217;assurer le reportage du mariage d&#8217;Aur\u00e9lie et Julien.Photos de couple \u00e0 Poissy en centre ville et dans le parc Meissonier, c\u00e9r\u00e9monie civile \u00e0 Poissy (78), C\u00e9r\u00e9monie religieuse \u00e0 Carri\u00e8res sous Poissy (78), et r\u00e9ception \u00e0 la Ferme aux Saules (95). Que du bonheur ! D\u00e9couvrez le Diaporama en [&hellip;]\" \/>\n<meta property=\"og:url\" content=\"https:\/\/thierryseguin.com\/fr\/blog\/2007\/11\/13\/mariage-daurelie-et-julien\/\" \/>\n<meta property=\"og:site_name\" content=\"Thierry Seguin Photographie\" \/>\n<meta property=\"article:publisher\" content=\"https:\/\/www.facebook.com\/ThierrySeguinPhotographie\" \/>\n<meta property=\"article:published_time\" content=\"2007-11-13T15:26:00+00:00\" \/>\n<meta property=\"article:modified_time\" content=\"2014-03-20T13:54:20+00:00\" \/>\n<meta property=\"og:image\" content=\"http:\/\/bp1.blogger.com\/__MnoThhEels\/RzpEPgQP2II\/AAAAAAAAA1Y\/D2ao2GKZug8\/s400\/aureliejulien-0124.jpg\" \/>\n<meta name=\"author\" content=\"Thierry Seguin blogger\" \/>\n<meta name=\"twitter:card\" content=\"summary_large_image\" \/>\n<meta name=\"twitter:creator\" content=\"@thierry_seguin\" \/>\n<meta name=\"twitter:site\" content=\"@thierry_seguin\" \/>\n<meta name=\"twitter:label1\" content=\"\u00c9crit par\" \/>\n\t<meta name=\"twitter:data1\" content=\"Thierry Seguin blogger\" \/>\n<script type=\"application\/ld+json\" class=\"yoast-schema-graph\">{\"@context\":\"https:\\\/\\\/schema.org\",\"@graph\":[{\"@type\":\"Article\",\"@id\":\"https:\\\/\\\/thierryseguin.com\\\/fr\\\/blog\\\/2007\\\/11\\\/13\\\/mariage-daurelie-et-julien\\\/#article\",\"isPartOf\":{\"@id\":\"https:\\\/\\\/thierryseguin.com\\\/fr\\\/blog\\\/2007\\\/11\\\/13\\\/mariage-daurelie-et-julien\\\/\"},\"author\":{\"name\":\"Thierry Seguin blogger\",\"@id\":\"https:\\\/\\\/thierryseguin.com\\\/fr\\\/#\\\/schema\\\/person\\\/3ba0d9aacd1037d1a35f64b3bc81201a\"},\"headline\":\"Mariage d&#8217;Aur\u00e9lie et Julien\",\"datePublished\":\"2007-11-13T15:26:00+00:00\",\"dateModified\":\"2014-03-20T13:54:20+00:00\",\"mainEntityOfPage\":{\"@id\":\"https:\\\/\\\/thierryseguin.com\\\/fr\\\/blog\\\/2007\\\/11\\\/13\\\/mariage-daurelie-et-julien\\\/\"},\"wordCount\":64,\"commentCount\":1,\"image\":{\"@id\":\"https:\\\/\\\/thierryseguin.com\\\/fr\\\/blog\\\/2007\\\/11\\\/13\\\/mariage-daurelie-et-julien\\\/#primaryimage\"},\"thumbnailUrl\":\"http:\\\/\\\/bp1.blogger.com\\\/__MnoThhEels\\\/RzpEPgQP2II\\\/AAAAAAAAA1Y\\\/D2ao2GKZug8\\\/s400\\\/aureliejulien-0124.jpg\",\"keywords\":[\"Photographe de mariage Poissy\",\"Photographe Mariage Carri\u00e8res sous Poissy\",\"Photographe Mariage la Ferme aux Saules\",\"Photographe Mariage Val d'Oise 95\",\"Photos de couple de mari\u00e9s parc Meissonier Poissy\"],\"articleSection\":[\"Mariage\",\"S\u00e9ance Photos de couple de Mari\u00e9s\"],\"inLanguage\":\"fr-FR\",\"potentialAction\":[{\"@type\":\"CommentAction\",\"name\":\"Comment\",\"target\":[\"https:\\\/\\\/thierryseguin.com\\\/fr\\\/blog\\\/2007\\\/11\\\/13\\\/mariage-daurelie-et-julien\\\/#respond\"]}]},{\"@type\":\"WebPage\",\"@id\":\"https:\\\/\\\/thierryseguin.com\\\/fr\\\/blog\\\/2007\\\/11\\\/13\\\/mariage-daurelie-et-julien\\\/\",\"url\":\"https:\\\/\\\/thierryseguin.com\\\/fr\\\/blog\\\/2007\\\/11\\\/13\\\/mariage-daurelie-et-julien\\\/\",\"name\":\"Mariage d'Aur\u00e9lie et Julien -\",\"isPartOf\":{\"@id\":\"https:\\\/\\\/thierryseguin.com\\\/fr\\\/#website\"},\"primaryImageOfPage\":{\"@id\":\"https:\\\/\\\/thierryseguin.com\\\/fr\\\/blog\\\/2007\\\/11\\\/13\\\/mariage-daurelie-et-julien\\\/#primaryimage\"},\"image\":{\"@id\":\"https:\\\/\\\/thierryseguin.com\\\/fr\\\/blog\\\/2007\\\/11\\\/13\\\/mariage-daurelie-et-julien\\\/#primaryimage\"},\"thumbnailUrl\":\"http:\\\/\\\/bp1.blogger.com\\\/__MnoThhEels\\\/RzpEPgQP2II\\\/AAAAAAAAA1Y\\\/D2ao2GKZug8\\\/s400\\\/aureliejulien-0124.jpg\",\"datePublished\":\"2007-11-13T15:26:00+00:00\",\"dateModified\":\"2014-03-20T13:54:20+00:00\",\"author\":{\"@id\":\"https:\\\/\\\/thierryseguin.com\\\/fr\\\/#\\\/schema\\\/person\\\/3ba0d9aacd1037d1a35f64b3bc81201a\"},\"breadcrumb\":{\"@id\":\"https:\\\/\\\/thierryseguin.com\\\/fr\\\/blog\\\/2007\\\/11\\\/13\\\/mariage-daurelie-et-julien\\\/#breadcrumb\"},\"inLanguage\":\"fr-FR\",\"potentialAction\":[{\"@type\":\"ReadAction\",\"target\":[\"https:\\\/\\\/thierryseguin.com\\\/fr\\\/blog\\\/2007\\\/11\\\/13\\\/mariage-daurelie-et-julien\\\/\"]}]},{\"@type\":\"ImageObject\",\"inLanguage\":\"fr-FR\",\"@id\":\"https:\\\/\\\/thierryseguin.com\\\/fr\\\/blog\\\/2007\\\/11\\\/13\\\/mariage-daurelie-et-julien\\\/#primaryimage\",\"url\":\"http:\\\/\\\/bp1.blogger.com\\\/__MnoThhEels\\\/RzpEPgQP2II\\\/AAAAAAAAA1Y\\\/D2ao2GKZug8\\\/s400\\\/aureliejulien-0124.jpg\",\"contentUrl\":\"http:\\\/\\\/bp1.blogger.com\\\/__MnoThhEels\\\/RzpEPgQP2II\\\/AAAAAAAAA1Y\\\/D2ao2GKZug8\\\/s400\\\/aureliejulien-0124.jpg\"},{\"@type\":\"BreadcrumbList\",\"@id\":\"https:\\\/\\\/thierryseguin.com\\\/fr\\\/blog\\\/2007\\\/11\\\/13\\\/mariage-daurelie-et-julien\\\/#breadcrumb\",\"itemListElement\":[{\"@type\":\"ListItem\",\"position\":1,\"name\":\"Accueil\",\"item\":\"https:\\\/\\\/thierryseguin.com\\\/fr\\\/\"},{\"@type\":\"ListItem\",\"position\":2,\"name\":\"Mariage d&#8217;Aur\u00e9lie et Julien\"}]},{\"@type\":\"WebSite\",\"@id\":\"https:\\\/\\\/thierryseguin.com\\\/fr\\\/#website\",\"url\":\"https:\\\/\\\/thierryseguin.com\\\/fr\\\/\",\"name\":\"Thierry Seguin Photographie\",\"description\":\"Photographe de Portrait de Famille, Grossesse, B\u00e9b\u00e9s, Mariage\",\"potentialAction\":[{\"@type\":\"SearchAction\",\"target\":{\"@type\":\"EntryPoint\",\"urlTemplate\":\"https:\\\/\\\/thierryseguin.com\\\/fr\\\/?s={search_term_string}\"},\"query-input\":{\"@type\":\"PropertyValueSpecification\",\"valueRequired\":true,\"valueName\":\"search_term_string\"}}],\"inLanguage\":\"fr-FR\"},{\"@type\":\"Person\",\"@id\":\"https:\\\/\\\/thierryseguin.com\\\/fr\\\/#\\\/schema\\\/person\\\/3ba0d9aacd1037d1a35f64b3bc81201a\",\"name\":\"Thierry Seguin blogger\",\"image\":{\"@type\":\"ImageObject\",\"inLanguage\":\"fr-FR\",\"@id\":\"https:\\\/\\\/secure.gravatar.com\\\/avatar\\\/?s=96&d=wavatar&r=g\",\"url\":\"https:\\\/\\\/secure.gravatar.com\\\/avatar\\\/?s=96&d=wavatar&r=g\",\"contentUrl\":\"https:\\\/\\\/secure.gravatar.com\\\/avatar\\\/?s=96&d=wavatar&r=g\",\"caption\":\"Thierry Seguin blogger\"}}]}<\/script>\n<!-- \/ Yoast SEO plugin. -->","yoast_head_json":{"title":"Mariage d'Aur\u00e9lie et Julien -","robots":{"index":"index","follow":"follow","max-snippet":"max-snippet:-1","max-image-preview":"max-image-preview:large","max-video-preview":"max-video-preview:-1"},"canonical":"https:\/\/thierryseguin.com\/fr\/blog\/2007\/11\/13\/mariage-daurelie-et-julien\/","og_locale":"fr_FR","og_type":"article","og_title":"Mariage d'Aur\u00e9lie et Julien -","og_description":"Ce 10 novembre j&#8217;ai eu le plaisir d&#8217;assurer le reportage du mariage d&#8217;Aur\u00e9lie et Julien.Photos de couple \u00e0 Poissy en centre ville et dans le parc Meissonier, c\u00e9r\u00e9monie civile \u00e0 Poissy (78), C\u00e9r\u00e9monie religieuse \u00e0 Carri\u00e8res sous Poissy (78), et r\u00e9ception \u00e0 la Ferme aux Saules (95). Que du bonheur ! D\u00e9couvrez le Diaporama en [&hellip;]","og_url":"https:\/\/thierryseguin.com\/fr\/blog\/2007\/11\/13\/mariage-daurelie-et-julien\/","og_site_name":"Thierry Seguin Photographie","article_publisher":"https:\/\/www.facebook.com\/ThierrySeguinPhotographie","article_published_time":"2007-11-13T15:26:00+00:00","article_modified_time":"2014-03-20T13:54:20+00:00","og_image":[{"url":"http:\/\/bp1.blogger.com\/__MnoThhEels\/RzpEPgQP2II\/AAAAAAAAA1Y\/D2ao2GKZug8\/s400\/aureliejulien-0124.jpg","type":"","width":"","height":""}],"author":"Thierry Seguin blogger","twitter_card":"summary_large_image","twitter_creator":"@thierry_seguin","twitter_site":"@thierry_seguin","twitter_misc":{"\u00c9crit par":"Thierry Seguin blogger"},"schema":{"@context":"https:\/\/schema.org","@graph":[{"@type":"Article","@id":"https:\/\/thierryseguin.com\/fr\/blog\/2007\/11\/13\/mariage-daurelie-et-julien\/#article","isPartOf":{"@id":"https:\/\/thierryseguin.com\/fr\/blog\/2007\/11\/13\/mariage-daurelie-et-julien\/"},"author":{"name":"Thierry Seguin blogger","@id":"https:\/\/thierryseguin.com\/fr\/#\/schema\/person\/3ba0d9aacd1037d1a35f64b3bc81201a"},"headline":"Mariage d&#8217;Aur\u00e9lie et Julien","datePublished":"2007-11-13T15:26:00+00:00","dateModified":"2014-03-20T13:54:20+00:00","mainEntityOfPage":{"@id":"https:\/\/thierryseguin.com\/fr\/blog\/2007\/11\/13\/mariage-daurelie-et-julien\/"},"wordCount":64,"commentCount":1,"image":{"@id":"https:\/\/thierryseguin.com\/fr\/blog\/2007\/11\/13\/mariage-daurelie-et-julien\/#primaryimage"},"thumbnailUrl":"http:\/\/bp1.blogger.com\/__MnoThhEels\/RzpEPgQP2II\/AAAAAAAAA1Y\/D2ao2GKZug8\/s400\/aureliejulien-0124.jpg","keywords":["Photographe de mariage Poissy","Photographe Mariage Carri\u00e8res sous Poissy","Photographe Mariage la Ferme aux Saules","Photographe Mariage Val d'Oise 95","Photos de couple de mari\u00e9s parc Meissonier Poissy"],"articleSection":["Mariage","S\u00e9ance Photos de couple de Mari\u00e9s"],"inLanguage":"fr-FR","potentialAction":[{"@type":"CommentAction","name":"Comment","target":["https:\/\/thierryseguin.com\/fr\/blog\/2007\/11\/13\/mariage-daurelie-et-julien\/#respond"]}]},{"@type":"WebPage","@id":"https:\/\/thierryseguin.com\/fr\/blog\/2007\/11\/13\/mariage-daurelie-et-julien\/","url":"https:\/\/thierryseguin.com\/fr\/blog\/2007\/11\/13\/mariage-daurelie-et-julien\/","name":"Mariage d'Aur\u00e9lie et Julien -","isPartOf":{"@id":"https:\/\/thierryseguin.com\/fr\/#website"},"primaryImageOfPage":{"@id":"https:\/\/thierryseguin.com\/fr\/blog\/2007\/11\/13\/mariage-daurelie-et-julien\/#primaryimage"},"image":{"@id":"https:\/\/thierryseguin.com\/fr\/blog\/2007\/11\/13\/mariage-daurelie-et-julien\/#primaryimage"},"thumbnailUrl":"http:\/\/bp1.blogger.com\/__MnoThhEels\/RzpEPgQP2II\/AAAAAAAAA1Y\/D2ao2GKZug8\/s400\/aureliejulien-0124.jpg","datePublished":"2007-11-13T15:26:00+00:00","dateModified":"2014-03-20T13:54:20+00:00","author":{"@id":"https:\/\/thierryseguin.com\/fr\/#\/schema\/person\/3ba0d9aacd1037d1a35f64b3bc81201a"},"breadcrumb":{"@id":"https:\/\/thierryseguin.com\/fr\/blog\/2007\/11\/13\/mariage-daurelie-et-julien\/#breadcrumb"},"inLanguage":"fr-FR","potentialAction":[{"@type":"ReadAction","target":["https:\/\/thierryseguin.com\/fr\/blog\/2007\/11\/13\/mariage-daurelie-et-julien\/"]}]},{"@type":"ImageObject","inLanguage":"fr-FR","@id":"https:\/\/thierryseguin.com\/fr\/blog\/2007\/11\/13\/mariage-daurelie-et-julien\/#primaryimage","url":"http:\/\/bp1.blogger.com\/__MnoThhEels\/RzpEPgQP2II\/AAAAAAAAA1Y\/D2ao2GKZug8\/s400\/aureliejulien-0124.jpg","contentUrl":"http:\/\/bp1.blogger.com\/__MnoThhEels\/RzpEPgQP2II\/AAAAAAAAA1Y\/D2ao2GKZug8\/s400\/aureliejulien-0124.jpg"},{"@type":"BreadcrumbList","@id":"https:\/\/thierryseguin.com\/fr\/blog\/2007\/11\/13\/mariage-daurelie-et-julien\/#breadcrumb","itemListElement":[{"@type":"ListItem","position":1,"name":"Accueil","item":"https:\/\/thierryseguin.com\/fr\/"},{"@type":"ListItem","position":2,"name":"Mariage d&#8217;Aur\u00e9lie et Julien"}]},{"@type":"WebSite","@id":"https:\/\/thierryseguin.com\/fr\/#website","url":"https:\/\/thierryseguin.com\/fr\/","name":"Thierry Seguin Photographie","description":"Photographe de Portrait de Famille, Grossesse, B\u00e9b\u00e9s, Mariage","potentialAction":[{"@type":"SearchAction","target":{"@type":"EntryPoint","urlTemplate":"https:\/\/thierryseguin.com\/fr\/?s={search_term_string}"},"query-input":{"@type":"PropertyValueSpecification","valueRequired":true,"valueName":"search_term_string"}}],"inLanguage":"fr-FR"},{"@type":"Person","@id":"https:\/\/thierryseguin.com\/fr\/#\/schema\/person\/3ba0d9aacd1037d1a35f64b3bc81201a","name":"Thierry Seguin blogger","image":{"@type":"ImageObject","inLanguage":"fr-FR","@id":"https:\/\/secure.gravatar.com\/avatar\/?s=96&d=wavatar&r=g","url":"https:\/\/secure.gravatar.com\/avatar\/?s=96&d=wavatar&r=g","contentUrl":"https:\/\/secure.gravatar.com\/avatar\/?s=96&d=wavatar&r=g","caption":"Thierry Seguin blogger"}}]}},"_links":{"self":[{"href":"https:\/\/thierryseguin.com\/fr\/wp-json\/wp\/v2\/posts\/99","targetHints":{"allow":["GET"]}}],"collection":[{"href":"https:\/\/thierryseguin.com\/fr\/wp-json\/wp\/v2\/posts"}],"about":[{"href":"https:\/\/thierryseguin.com\/fr\/wp-json\/wp\/v2\/types\/post"}],"author":[{"embeddable":true,"href":"https:\/\/thierryseguin.com\/fr\/wp-json\/wp\/v2\/users\/2"}],"replies":[{"embeddable":true,"href":"https:\/\/thierryseguin.com\/fr\/wp-json\/wp\/v2\/comments?post=99"}],"version-history":[{"count":6,"href":"https:\/\/thierryseguin.com\/fr\/wp-json\/wp\/v2\/posts\/99\/revisions"}],"predecessor-version":[{"id":6370,"href":"https:\/\/thierryseguin.com\/fr\/wp-json\/wp\/v2\/posts\/99\/revisions\/6370"}],"wp:attachment":[{"href":"https:\/\/thierryseguin.com\/fr\/wp-json\/wp\/v2\/media?parent=99"}],"wp:term":[{"taxonomy":"category","embeddable":true,"href":"https:\/\/thierryseguin.com\/fr\/wp-json\/wp\/v2\/categories?post=99"},{"taxonomy":"post_tag","embeddable":true,"href":"https:\/\/thierryseguin.com\/fr\/wp-json\/wp\/v2\/tags?post=99"}],"curies":[{"name":"wp","href":"https:\/\/api.w.org\/{rel}","templated":true}]}}